{"id":680311,"date":"2026-01-22T01:40:10","date_gmt":"2026-01-22T01:40:10","guid":{"rendered":"https:\/\/www.europesays.com\/fr\/680311\/"},"modified":"2026-01-22T01:40:10","modified_gmt":"2026-01-22T01:40:10","slug":"un-jeune-homme-blesse-par-balles-dans-la-cite-de-saint-thys-10e","status":"publish","type":"post","link":"https:\/\/www.europesays.com\/fr\/680311\/","title":{"rendered":"un jeune homme bless\u00e9 par balles dans la cit\u00e9 de Saint-Thys (10e)"},"content":{"rendered":"<p>Un jeune homme d&rsquo;environ 25 ans a \u00e9t\u00e9 bless\u00e9 par balles ce mercredi soir 21\u00a0janvier aux alentours de 22\u00a0heures dans <a href=\"https:\/\/www.laprovence.com\/article\/societe\/5268038520706514\/luniforme-est-synonyme-de-craintes-on-veut-casser-ca-pompiers-et-policiers-a-la-rencontre-des-jeunes-de-saint-thys-a-marseille\" target=\"_blank\" rel=\"noopener\">la cit\u00e9 de Saint-Thys<\/a>, dans le sud de Marseille (10e arrondissement).<\/p>\n<p>Selon nos informations, il aurait \u00e9t\u00e9 cibl\u00e9 par deux individus en pleine rue et atteint \u00e0 la jambe par deux projectiles de petit calibre. La victime a \u00e9t\u00e9 prise en charge par les marins-pompiers et transport\u00e9e \u00e0 l&rsquo;h\u00f4pital sans pronostic vital engag\u00e9.<\/p>\n<p>Une enqu\u00eate a \u00e9t\u00e9 ouverte et confi\u00e9e \u00e0 la Division de la criminalit\u00e9 organis\u00e9e et sp\u00e9cialis\u00e9e (DCOS, ex-PJ). Le contexte de la fusillade demeure flou \u00e0 cette heure. Cette derni\u00e8re pourrait \u00eatre li\u00e9e au trafic de stup\u00e9fiants &#8211; la piste est s\u00e9rieusement \u00e9tudi\u00e9e &#8211;\u00a0mais selon une source proche de l&rsquo;enqu\u00eate, la victime n&rsquo;\u00e9tait pas connue des services de police et de justice, et le point de vente de stup\u00e9fiants qu&rsquo;abrite cette cit\u00e9 \u00e9tait ferm\u00e9 \u00e0 l&rsquo;heure o\u00f9 les tirs ont \u00e9clat\u00e9.<\/p>\n<p>La cit\u00e9 de Saint-Thys, dans le quartier de Saint-Loup, relativement calme par rapport \u00e0 d&rsquo;autres ensembles de logement de la cit\u00e9 phoc\u00e9enne, avait toutefois \u00e9t\u00e9 le th\u00e9\u00e2tre en septembre\u00a02023 <a href=\"https:\/\/www.laprovence.com\/article\/faits-divers-justice\/30500896801950\/marseille-la-femme-touchee-par-une-balle-qui-a-traverse-un-mur-a-la-cite-saint-thys-en-etat-de-mort-cerebrale\" target=\"_blank\" rel=\"noopener\">d&rsquo;un drame sur fond de trafic de stup\u00e9fiants<\/a>. Une rafale de kalachnikov tir\u00e9e en direction du point de deal avait travers\u00e9 un mur et atteint <a href=\"https:\/\/www.laprovence.com\/article\/faits-divers-justice\/15008356281859\/un-an-apres-la-mort-de-socayna-a-marseille-sa-mere-raconte-sa-vie-de-morte-vivante\" target=\"_blank\" rel=\"noopener\">Socayna, une \u00e9tudiante de 24 ans<\/a> dans la chambre de son appartement \u00e0 proximit\u00e9. Le d\u00e9c\u00e8s brutal de cette victime collat\u00e9rale avait provoqu\u00e9 <a href=\"https:\/\/www.laprovence.com\/article\/faits-divers-justice\/78311398976875\/marseille-si-je-le-pouvais-je-remettrais-mes-enfants-dans-mon-ventre-le-desespoir-des-habitants-de-st-thys\" target=\"_blank\" rel=\"noopener\">une onde de choc<\/a>.<\/p>\n","protected":false},"excerpt":{"rendered":"Un jeune homme d&rsquo;environ 25 ans a \u00e9t\u00e9 bless\u00e9 par balles ce mercredi soir 21\u00a0janvier aux alentours de&hellip;\n","protected":false},"author":2,"featured_media":680312,"comment_status":"","ping_status":"","sticky":false,"template":"","format":"standard","meta":{"footnotes":""},"categories":[2814],"tags":[5734,1111,11,7951,3916,1102,11911,1446,1777,674,274,1011,27,4933,3913,884,12,5912,882,25],"class_list":{"0":"post-680311","1":"post","2":"type-post","3":"status-publish","4":"format-standard","5":"has-post-thumbnail","7":"category-marseille","8":"tag-5734","9":"tag-actu","10":"tag-actualites","11":"tag-balles","12":"tag-blesse","13":"tag-breakingnews","14":"tag-cite","15":"tag-dans","16":"tag-eu","17":"tag-europe","18":"tag-faits-divers-justice","19":"tag-fr","20":"tag-france","21":"tag-homme","22":"tag-jeune","23":"tag-marseille","24":"tag-news","25":"tag-par","26":"tag-provence-alpes-cote-dazur","27":"tag-republique-francaise"},"share_on_mastodon":{"url":"https:\/\/pubeurope.com\/@fr\/115936206794567268","error":""},"_links":{"self":[{"href":"https:\/\/www.europesays.com\/fr\/wp-json\/wp\/v2\/posts\/680311","targetHints":{"allow":["GET"]}}],"collection":[{"href":"https:\/\/www.europesays.com\/fr\/wp-json\/wp\/v2\/posts"}],"about":[{"href":"https:\/\/www.europesays.com\/fr\/wp-json\/wp\/v2\/types\/post"}],"author":[{"embeddable":true,"href":"https:\/\/www.europesays.com\/fr\/wp-json\/wp\/v2\/users\/2"}],"replies":[{"embeddable":true,"href":"https:\/\/www.europesays.com\/fr\/wp-json\/wp\/v2\/comments?post=680311"}],"version-history":[{"count":0,"href":"https:\/\/www.europesays.com\/fr\/wp-json\/wp\/v2\/posts\/680311\/revisions"}],"wp:featuredmedia":[{"embeddable":true,"href":"https:\/\/www.europesays.com\/fr\/wp-json\/wp\/v2\/media\/680312"}],"wp:attachment":[{"href":"https:\/\/www.europesays.com\/fr\/wp-json\/wp\/v2\/media?parent=680311"}],"wp:term":[{"taxonomy":"category","embeddable":true,"href":"https:\/\/www.europesays.com\/fr\/wp-json\/wp\/v2\/categories?post=680311"},{"taxonomy":"post_tag","embeddable":true,"href":"https:\/\/www.europesays.com\/fr\/wp-json\/wp\/v2\/tags?post=680311"}],"curies":[{"name":"wp","href":"https:\/\/api.w.org\/{rel}","templated":true}]}}