{"id":680330,"date":"2026-01-22T01:51:20","date_gmt":"2026-01-22T01:51:20","guid":{"rendered":"https:\/\/www.europesays.com\/fr\/680330\/"},"modified":"2026-01-22T01:51:20","modified_gmt":"2026-01-22T01:51:20","slug":"nous-sommes-dans-un-processus-de-dialogue-la-presidente-par-interim-doit-voir-trump-aux-etats-unis","status":"publish","type":"post","link":"https:\/\/www.europesays.com\/fr\/680330\/","title":{"rendered":"\u00ab\u00a0Nous sommes dans un processus de dialogue\u00a0\u00bb, la pr\u00e9sidente par int\u00e9rim doit voir Trump aux Etats-Unis"},"content":{"rendered":"<p>La pr\u00e9sidente par int\u00e9rim du <a href=\"https:\/\/www.20minutes.fr\/monde\/venezuela\/\" target=\"_blank\" class=\"c-link c-link--is-underlined\" rel=\"noopener\">Venezuela<\/a>, <a href=\"https:\/\/www.20minutes.fr\/monde\/etats-unis\/4194241-20260105-chute-maduro-etudes-paris-tigresse-delcy-rodriguez-desormais-tete-venezuela\" target=\"_blank\" class=\"c-link c-link--is-underlined\" rel=\"noopener\">Delcy Rodriguez<\/a>, devrait se rendre aux Etats-Unis pour une visite \u00e0 <a href=\"https:\/\/www.20minutes.fr\/dossier\/donald_trump\" target=\"_blank\" class=\"c-link c-link--is-underlined\" rel=\"noopener\">Donald Trump<\/a>, a indiqu\u00e9 mercredi un repr\u00e9sentant de la Maison-Blanche \u00e0 la presse, sans pr\u00e9ciser de date. Ancienne vice-pr\u00e9sidente de <a href=\"https:\/\/www.20minutes.fr\/dossier\/nicolas_maduro\" target=\"_blank\" class=\"c-link c-link--is-underlined\" rel=\"noopener\">Nicol\u00e1s Maduro<\/a>, captur\u00e9 le 3\u00a0janvier par les forces am\u00e9ricaines, elle reste sous le coup de sanctions am\u00e9ricaines.<\/p>\n<p>S\u2019exprimant devant des \u00e9lus locaux, Delcy Rodriguez n\u2019a pas mentionn\u00e9 directement cette invitation, mais a assur\u00e9\u00a0: \u00ab\u00a0Nous sommes dans un processus de dialogue, de travail avec les <a href=\"https:\/\/www.20minutes.fr\/monde\/etats-unis\/\" target=\"_blank\" class=\"c-link c-link--is-underlined\" rel=\"noopener\">Etats-Unis<\/a>, sans aucune crainte, pour affronter les divergences, les difficult\u00e9s, les plus sensibles et les moins sensibles, pour les aborder par la voie de la diplomatie\u00a0\u00bb. La visite serait la premi\u00e8re d\u2019une dirigeante v\u00e9n\u00e9zu\u00e9lienne aux Etats-Unis depuis plus d\u2019un quart de si\u00e8cle, en dehors des pr\u00e9sidents se rendant aux r\u00e9unions de l\u2019<a href=\"https:\/\/www.20minutes.fr\/monde\/onu\/\" target=\"_blank\" class=\"c-link c-link--is-underlined\" rel=\"noopener\">ONU<\/a> \u00e0 New York.<\/p>\n<p>Pas de visite officielle depuis les ann\u00e9es 90<\/p>\n<p>Selon le texte, cette s\u00e9quence illustre une approche pragmatique de Donald Trump vis-\u00e0-vis de Caracas, alors qu\u2019il a affirm\u00e9 bien \u00ab\u00a0travailler\u00a0\u00bb avec Delcy Rodriguez, tout en affichant un int\u00e9r\u00eat pour le <a href=\"https:\/\/www.20minutes.fr\/dossier\/petrole\" target=\"_blank\" class=\"c-link c-link--is-underlined\" rel=\"noopener\">p\u00e9trole<\/a>. Le pr\u00e9sident am\u00e9ricain a toutefois laiss\u00e9 entendre qu\u2019il voulait aussi \u00ab\u00a0impliquer\u00a0\u00bb la cheffe de l\u2019opposition v\u00e9n\u00e9zu\u00e9lienne, <a href=\"https:\/\/www.20minutes.fr\/monde\/etats-unis\/4196466-20260116-venezuela-prix-nobel-maria-corina-machado-dit-elue-presidente-moment-venu\" target=\"_blank\" class=\"c-link c-link--is-underlined\" rel=\"noopener\">Maria Corina Machado<\/a>, pr\u00e9sent\u00e9e ici comme Nobel de la paix, dans la gestion du pays.<\/p>\n<\/p>\n<p>Cette visite serait \u00e9galement un \u00e9v\u00e9nement sur le plan diplomatique\u00a0: la derni\u00e8re rencontre officielle entre un pr\u00e9sident v\u00e9n\u00e9zu\u00e9lien et un pr\u00e9sident am\u00e9ricain remonte aux ann\u00e9es\u00a01990, lorsque Carlos Andres Perez s\u2019\u00e9tait entretenu avec George H. W.\u00a0Bush (p\u00e8re). Le texte rappelle que l\u2019arriv\u00e9e au pouvoir d\u2019<a href=\"https:\/\/www.20minutes.fr\/monde\/hugo_chavez\/\" target=\"_blank\" class=\"c-link c-link--is-underlined\" rel=\"noopener\">Hugo Chavez<\/a> a ensuite contribu\u00e9 \u00e0 d\u00e9grader des relations devenues rapidement conflictuelles.<\/p>\n<p>Accords sur le p\u00e9trole et lib\u00e9ration d\u2019opposants<\/p>\n<p>Investie le 5\u00a0janvier, deux jours apr\u00e8s la capture de Nicol\u00e1s Maduro, Delcy Rodriguez aurait multipli\u00e9 les concessions sous pression am\u00e9ricaine, Donald Trump ayant menac\u00e9 d\u2019une nouvelle attaque en cas de refus. Elle a notamment sign\u00e9 des accords sur le p\u00e9trole, promis des lib\u00e9rations de <a href=\"https:\/\/www.20minutes.fr\/dossier\/detenus\" target=\"_blank\" class=\"c-link c-link--is-underlined\" rel=\"noopener\">d\u00e9tenus<\/a> politiques, \u00e9cart\u00e9 Alex Saab des sph\u00e8res du pouvoir, promis des r\u00e9formes l\u00e9gislatives pour faciliter les investissements, tandis que les vols d\u2019expulsions de <a href=\"https:\/\/www.20minutes.fr\/dossier\/migrants\" target=\"_blank\" class=\"c-link c-link--is-underlined\" rel=\"noopener\">migrants<\/a> des Etats-Unis vers le Venezuela ont repris.<\/p>\n<p><a href=\"https:\/\/www.20minutes.fr\/monde\/venezuela\/\" target=\"_blank\" class=\"c-link c-btn c-btn--primary\" rel=\"noopener\">Notre dossier sur le Venezuela<\/a><\/p>\n<p>Dans le m\u00eame temps, les lib\u00e9rations de prisonniers politiques restent limit\u00e9es, selon les <a href=\"https:\/\/www.20minutes.fr\/dossier\/ong\" target=\"_blank\" class=\"c-link c-link--is-underlined\" rel=\"noopener\">ONG<\/a>\u00a0: environ 150 personnes sur plus de 800 d\u00e9tenus auraient \u00e9t\u00e9 rel\u00e2ch\u00e9es. \u00ab\u00a0On attend avec foi et espoir tout en travaillant \u00e0 ce que Javier (Tarazona) sorte rapidement\u00a0\u00bb, a d\u00e9clar\u00e9 Rafael Tarazona, fr\u00e8re du militant des droits de l\u2019Homme arr\u00eat\u00e9 en juillet\u00a02021. De son c\u00f4t\u00e9, Diego Casanova, du Comit\u00e9 pour la lib\u00e9ration des prisonniers politiques, estime que \u00ab\u00a0l\u2019engagement de lib\u00e9rer tous les prisonniers politiques au Venezuela n\u2019a toujours pas \u00e9t\u00e9 tenu\u00a0\u00bb.<\/p>\n","protected":false},"excerpt":{"rendered":"La pr\u00e9sidente par int\u00e9rim du Venezuela, Delcy Rodriguez, devrait se rendre aux Etats-Unis pour une visite \u00e0 Donald&hellip;\n","protected":false},"author":2,"featured_media":680331,"comment_status":"","ping_status":"","sticky":false,"template":"","format":"standard","meta":{"footnotes":""},"categories":[1589],"tags":[47,11,75,73,1866,74840,78,74,12,338,3521,1864,1865,1863,308,337],"class_list":{"0":"post-680330","1":"post","2":"type-post","3":"status-publish","4":"format-standard","5":"has-post-thumbnail","7":"category-etats-unis","8":"tag-actualite","9":"tag-actualites","10":"tag-donald-trump","11":"tag-etats-unis","12":"tag-etats-unis-damerique","13":"tag-hugo-chavez","14":"tag-maison-blanche","15":"tag-monde","16":"tag-news","17":"tag-nicolas-maduro","18":"tag-onu","19":"tag-united-states","20":"tag-united-states-of-america","21":"tag-us","22":"tag-usa","23":"tag-venezuela"},"share_on_mastodon":{"url":"https:\/\/pubeurope.com\/@fr\/115936250002035588","error":""},"_links":{"self":[{"href":"https:\/\/www.europesays.com\/fr\/wp-json\/wp\/v2\/posts\/680330","targetHints":{"allow":["GET"]}}],"collection":[{"href":"https:\/\/www.europesays.com\/fr\/wp-json\/wp\/v2\/posts"}],"about":[{"href":"https:\/\/www.europesays.com\/fr\/wp-json\/wp\/v2\/types\/post"}],"author":[{"embeddable":true,"href":"https:\/\/www.europesays.com\/fr\/wp-json\/wp\/v2\/users\/2"}],"replies":[{"embeddable":true,"href":"https:\/\/www.europesays.com\/fr\/wp-json\/wp\/v2\/comments?post=680330"}],"version-history":[{"count":0,"href":"https:\/\/www.europesays.com\/fr\/wp-json\/wp\/v2\/posts\/680330\/revisions"}],"wp:featuredmedia":[{"embeddable":true,"href":"https:\/\/www.europesays.com\/fr\/wp-json\/wp\/v2\/media\/680331"}],"wp:attachment":[{"href":"https:\/\/www.europesays.com\/fr\/wp-json\/wp\/v2\/media?parent=680330"}],"wp:term":[{"taxonomy":"category","embeddable":true,"href":"https:\/\/www.europesays.com\/fr\/wp-json\/wp\/v2\/categories?post=680330"},{"taxonomy":"post_tag","embeddable":true,"href":"https:\/\/www.europesays.com\/fr\/wp-json\/wp\/v2\/tags?post=680330"}],"curies":[{"name":"wp","href":"https:\/\/api.w.org\/{rel}","templated":true}]}}