{"id":68036,"date":"2025-05-01T23:51:09","date_gmt":"2025-05-01T23:51:09","guid":{"rendered":"https:\/\/www.europesays.com\/fr\/68036\/"},"modified":"2025-05-01T23:51:09","modified_gmt":"2025-05-01T23:51:09","slug":"ce-1er-mai-a-ete-le-plus-chaud-jamais-mesure-a-paris-des-temperatures-records-ailleurs-en-france","status":"publish","type":"post","link":"https:\/\/www.europesays.com\/fr\/68036\/","title":{"rendered":"Ce 1er\u00a0mai a \u00e9t\u00e9 le plus chaud jamais mesur\u00e9 \u00e0 Paris, des temp\u00e9ratures records ailleurs en France"},"content":{"rendered":"<p>        <img decoding=\"async\" loading=\"lazy\" src=\"https:\/\/www.europesays.com\/fr\/wp-content\/uploads\/2025\/05\/cbbadc7_sirius-fs-upload-1-luarvype5vj5-1745796051574-000-39df822-1.jpg\"  width=\"728\" height=\"410\" alt=\"Ce 1er\u00a0mai a \u00e9t\u00e9 le plus chaud jamais mesur\u00e9 \u00e0 Paris, des temp\u00e9ratures records ailleurs en France. (Photo d\u2019illustration prise \u00e0 Paris)\"\/>  <\/p>\n<p>JOEL SAGET \/ AFP<\/p>\n<p>Ce 1er\u00a0mai a \u00e9t\u00e9 le plus chaud jamais mesur\u00e9 \u00e0 Paris, des temp\u00e9ratures records ailleurs en France. (Photo d\u2019illustration prise \u00e0 Paris)<\/p>\n<p class=\"asset asset-text\">M\u00c9T\u00c9O &#8211; \u00ab\u00a029,4\u00a0\u00b0C\u00a0\u00bb. C\u2019est la temp\u00e9rature mesur\u00e9e par les thermom\u00e8tres \u00e0 16h, au parc Montsouris \u00e0 Paris, ce jeudi 1er\u00a0mai. Alors que la France vit cette semaine un<a href=\"https:\/\/www.huffingtonpost.fr\/france\/article\/une-semaine-de-meteo-estivale-en-france-avec-un-pic-de-chaleur-attendu-le-1er-mai_249323.html\" rel=\"nofollow noopener\" target=\"_blank\"> \u00ab\u00a0\u00e9pisode de chaleur pr\u00e9coce\u00a0\u00bb<\/a>, la capitale fran\u00e7aise vient de conna\u00eetre sa <a href=\"https:\/\/www.huffingtonpost.fr\/politique\/video\/manifestations-du-1er-mai-arcelormittal-donne-a-la-fete-du-travail-une-tournure-tres-politique-le-gouvernement-sous-pression_249499.html\" rel=\"nofollow noopener\" target=\"_blank\">F\u00eate du travail <\/a>la plus chaude jamais mesur\u00e9e. Le pr\u00e9c\u00e9dent<a href=\"https:\/\/www.huffingtonpost.fr\/environnement\/article\/climat-le-record-du-jour-le-plus-chaud-sur-terre-etabli-dimanche-n-a-pas-tenu-24-heures_237382.html\" rel=\"nofollow noopener\" target=\"_blank\"> record<\/a> datait du 1er\u00a0mai\u00a02005, avec 28,7\u00a0degr\u00e9s relev\u00e9s il y a 20\u00a0ans.<\/p>\n<p class=\"asset asset-text\">\u00ab\u00a0Quelle chaleur\u00a0!\u00a0\u00bb, s\u2019\u00e9tonne le compte X (ex-Twitter) M\u00e9t\u00e9o Nord Parisien, qui souligne\u00a0: \u00ab\u00a0\u00c0 Paris, avec des donn\u00e9es m\u00e9t\u00e9o depuis 1873, il s\u2019agit du 1er\u00a0mai le plus chaud jamais observ\u00e9.\u00a0\u00bb Le m\u00e9t\u00e9orologue Fran\u00e7ois Jobard, rappelle, lui, qu\u2019il y a 80\u00a0ans, le 1er\u00a0mai\u00a01945, \u00ab\u00a0on relevait 6\u00a0cm de neige \u00e0 Paris\u00a0\u00bb.<\/p>\n<p class=\"asset asset-text\">\u00ab\u00a0Dans mes souvenirs d\u2019enfance, atteindre les 30\u00a0\u00b0C en juin relevait d\u00e9j\u00e0 de l\u2019exceptionnel. En 2025, ce seuil est franchi d\u00e8s le 1er\u00a0mai en r\u00e9gion parisienne. La pr\u00e9cocit\u00e9 de ces fortes chaleurs devient de plus en plus flagrante en France\u00a0\u00bb, s\u2019inqui\u00e8te de son c\u00f4t\u00e9 l\u2019agroclimatologue Serge Zaka sur le r\u00e9seau social d\u2019Elon Musk.<\/p>\n<p>    Record de 1998\u00a0battu \u00e0 Rouen    <\/p>\n<p class=\"asset asset-text\">Paris n\u2019est pas la seule \u00e0 avoir connu des temp\u00e9ratures records ce 1er\u00a0mai\u00a02025. 31,1\u00a0\u00b0C ont \u00e9t\u00e9 relev\u00e9s au jardin des Plantes de Rouen, soit 10\u00a0\u00b0C au-dessus des normales de saison. Le pr\u00e9c\u00e9dent record avait \u00e9t\u00e9 \u00e9tabli le 10\u00a0mai\u00a01998, pointe <a href=\"https:\/\/www.bfmtv.com\/normandie\/meteo\/plus-de-31-c-de-fortes-chaleurs-en-normandie-ce-1er-mai-un-record-battu-a-rouen_AN-202505010651.html\" target=\"_blank\" rel=\"noopener nofollow\" title=\"Nouvelle fen\u00eatre\">BFMTV<\/a>. Ailleurs en Normandie, 28\u00a0\u00b0C ont \u00e9t\u00e9 \u00e9galement \u00e9t\u00e9 enregistr\u00e9s \u00e0 Caen et\u00a0au\u00a0Havre. Un record mensuel a aussi \u00e9t\u00e9 battu \u00e0 Nielles-l\u00e8s-Bl\u00e9quin, dans les Hauts-de-France, avec 28,2\u00a0\u00b0C.<\/p>\n<p class=\"asset asset-text\">Les \u00e9pisodes de chaleurs sont devenus plus fr\u00e9quents et plus pr\u00e9coces en France, dont le climat moyen est au moins 1,7\u00a0\u00b0C plus chaud qu\u2019\u00e0 la p\u00e9riode pr\u00e9-industrielle, avant la combustion massive du charbon, du p\u00e9trole et du gaz.<\/p>\n<p class=\"asset asset-text\">Cet \u00e9pisode de chaleur, pr\u00e9vu pour durer jusqu\u2019\u00e0 samedi inclus, est \u00ab\u00a0comparable\u00a0\u00bb \u00e0 celui de 2005 o\u00f9 les temp\u00e9ratures, le 1er\u00a0mai, avaient approch\u00e9 29\u00a0\u00b0C \u00e0 Paris, 30\u00a0\u00b0C \u00e0 Strasbourg et d\u00e9pass\u00e9 31\u00a0\u00b0C \u00e0 Dax. Sur les 25 derni\u00e8res ann\u00e9es, la p\u00e9riode fin avril-d\u00e9but mai a vu quatre fois une\u00a0chaleur\u00a0similaire durer quatre jours sur l\u2019ensemble du pays, indique M\u00e9t\u00e9o-France \u00e0 l\u2019AFP. \u00ab\u00a0Avant 2000, on a quand m\u00eame pu relever des temp\u00e9ratures plus \u00e9lev\u00e9es ponctuellement \u00e0 cette p\u00e9riode de l\u2019ann\u00e9e, mais toutefois pas sur une s\u00e9rie de 4 jours\u00a0\u00bb, pr\u00e9cise le pr\u00e9visionniste national.<\/p>\n<p class=\"asset asset-text\"><strong>\u00c0 voir \u00e9galement sur Le HuffPost\u00a0: <\/strong><\/p>\n<p> La lecture de ce contenu est susceptible d\u2019entra\u00eener un d\u00e9p\u00f4t de cookies de la part de l\u2019op\u00e9rateur tiers qui l\u2019h\u00e9berge. Compte-tenu des choix que vous avez exprim\u00e9s en mati\u00e8re de d\u00e9p\u00f4t de cookies, nous avons bloqu\u00e9 l\u2019affichage de ce contenu. Si vous souhaitez y acc\u00e9der, vous devez accepter la cat\u00e9gorie de cookies \u201cContenus tiers\u201d en cliquant sur le bouton ci-dessous. <\/p>\n<p> Lire la Vid\u00e9o                <\/p>\n","protected":false},"excerpt":{"rendered":"JOEL SAGET \/ AFP Ce 1er\u00a0mai a \u00e9t\u00e9 le plus chaud jamais mesur\u00e9 \u00e0 Paris, des temp\u00e9ratures records&hellip;\n","protected":false},"author":2,"featured_media":68037,"comment_status":"","ping_status":"","sticky":false,"template":"","format":"standard","meta":{"footnotes":""},"categories":[1888],"tags":[11,436,1777,674,16964,1011,27,2487,12,626,25],"class_list":{"0":"post-68036","1":"post","2":"type-post","3":"status-publish","4":"format-standard","5":"has-post-thumbnail","7":"category-paris","8":"tag-actualites","9":"tag-environnement","10":"tag-eu","11":"tag-europe","12":"tag-fete-du-travail-1er-mai","13":"tag-fr","14":"tag-france","15":"tag-meteo","16":"tag-news","17":"tag-paris","18":"tag-republique-francaise"},"share_on_mastodon":{"url":"https:\/\/pubeurope.com\/@fr\/114435265986578270","error":""},"_links":{"self":[{"href":"https:\/\/www.europesays.com\/fr\/wp-json\/wp\/v2\/posts\/68036","targetHints":{"allow":["GET"]}}],"collection":[{"href":"https:\/\/www.europesays.com\/fr\/wp-json\/wp\/v2\/posts"}],"about":[{"href":"https:\/\/www.europesays.com\/fr\/wp-json\/wp\/v2\/types\/post"}],"author":[{"embeddable":true,"href":"https:\/\/www.europesays.com\/fr\/wp-json\/wp\/v2\/users\/2"}],"replies":[{"embeddable":true,"href":"https:\/\/www.europesays.com\/fr\/wp-json\/wp\/v2\/comments?post=68036"}],"version-history":[{"count":0,"href":"https:\/\/www.europesays.com\/fr\/wp-json\/wp\/v2\/posts\/68036\/revisions"}],"wp:featuredmedia":[{"embeddable":true,"href":"https:\/\/www.europesays.com\/fr\/wp-json\/wp\/v2\/media\/68037"}],"wp:attachment":[{"href":"https:\/\/www.europesays.com\/fr\/wp-json\/wp\/v2\/media?parent=68036"}],"wp:term":[{"taxonomy":"category","embeddable":true,"href":"https:\/\/www.europesays.com\/fr\/wp-json\/wp\/v2\/categories?post=68036"},{"taxonomy":"post_tag","embeddable":true,"href":"https:\/\/www.europesays.com\/fr\/wp-json\/wp\/v2\/tags?post=68036"}],"curies":[{"name":"wp","href":"https:\/\/api.w.org\/{rel}","templated":true}]}}