{"id":680468,"date":"2026-01-22T03:22:22","date_gmt":"2026-01-22T03:22:22","guid":{"rendered":"https:\/\/www.europesays.com\/fr\/680468\/"},"modified":"2026-01-22T03:22:22","modified_gmt":"2026-01-22T03:22:22","slug":"la-serie-horrifique-sans-substance-de-ryan-murphy","status":"publish","type":"post","link":"https:\/\/www.europesays.com\/fr\/680468\/","title":{"rendered":"la s\u00e9rie horrifique sans substance de Ryan Murphy"},"content":{"rendered":"<p>On en conna\u00eet des sc\u00e9naristes-r\u00e9alisateurs-producteurs qui ne savent pas prendre de vacances. James Gunn peut \u00eatre sur trois projets \u00e0 la fois, Quentin Dupieux a dix id\u00e9es de film \u00e0 l\u2019heure, et <strong>Ryan Murphy accouche d\u2019une demi-douzaine de s\u00e9ries par an<\/strong>. On ne va pas se mentir, qui dit quantit\u00e9 ne dit pas toujours qualit\u00e9 et concernant Murphy, pour un <a href=\"https:\/\/www.journaldugeek.com\/critique\/critique-monstre-lhistoire-ded-gein-ou-le-sommet-de-la-serie-true-crime-derangeante\/\" target=\"_blank\" rel=\"false noopener\">Monstre\u00a0: l\u2019histoire d\u2019Ed Gein<\/a> plut\u00f4t r\u00e9ussi, on a un <a href=\"https:\/\/www.journaldugeek.com\/2025\/11\/27\/disney-vient-de-renouveler-la-pire-serie-de-tous-les-temps\/\" target=\"_blank\" rel=\"false noopener\">All\u2019s Fair<\/a> qui nous hante encore lorsqu\u2019on ferme les yeux. The Beauty de la chose, n\u2019est-ce pas\u00a0?<\/p>\n<p class=\"text-center not-prose\"><a class=\"comp-button\" href=\"https:\/\/shop.journaldugeek.com\/go\/33914\/\" target=\"_blank\" rel=\"sponsored nofollow noopener\">American Horror Story est disponible en DVD<\/a><\/p>\n<p>M\u00eame si le bonhomme est un peu touche-\u00e0-tout, on note chez lui deux obsessions majeures. La premi\u00e8re est un <strong>penchant naturel pour le genre horrifique<\/strong>, lui qui a accouch\u00e9 des Monstres de Netflix, de ceux d\u2019American Horror Story, de la parodie Scream Queens ou des chansons de Glee. Aujourd\u2019hui, il est le pourvoyeur principal des plateformes de streaming en la mati\u00e8re, bien qu\u2019on lui pr\u00e9f\u00e8re, ici, largement Mike Flanagan. La seconde est <strong>un attrait pour la beaut\u00e9<\/strong>, notamment au travers l\u2019obsession humaine pour celle-ci, \u00e0 l\u2019image de ses chirurgiens esth\u00e9tiques de Nip\/Tuck (oui, c\u2019\u00e9tait lui aussi). <strong>The Beauty, sa nouvelle s\u00e9rie FX accessible via Disney+, lui permet de combiner les deux<\/strong>.<\/p>\n<p><img loading=\"lazy\" decoding=\"async\" class=\"size-full wp-image-50598337\" src=\"https:\/\/www.europesays.com\/fr\/wp-content\/uploads\/2026\/01\/critique-the-beauty-s1-5.jpg\" alt=\"Critique The Beauty\u00a0: la s\u00e9rie horrifique sans substance de Ryan Murphy\" width=\"1920\" height=\"1280\"  \/>\u00a9 Disney+<\/p>\n<p>Un nouveau virus circule. Celui-ci est transmissible sexuellement et rend la personne infect\u00e9e incroyablement belle, avec pour seul effet secondaire une mort par combustion interne. Un duo du FBI est charg\u00e9 de comprendre d\u2019o\u00f9 vient la source du probl\u00e8me. De l\u2019autre c\u00f4t\u00e9, l\u2019homme le plus riche du monde, physiquement parfait, engage un assassin pour nettoyer les traces.<\/p>\n<p>Ryan Murphy met le doigt dans le culte de la beaut\u00e9<\/p>\n<p>The Beauty est en r\u00e9alit\u00e9 <strong>l\u2019adaptation d\u2019un comics de Jeremy Haun et Jason A. Hurley<\/strong>, encore assez m\u00e9connu dans l\u2019Hexagone. Sauf que le rapport s\u2019arr\u00eatera l\u00e0, puisque hormis l\u2019id\u00e9e principale, <strong>Murphy s\u2019\u00e9carte compl\u00e8tement du mat\u00e9riau de base<\/strong>. Une d\u00e9marcation assez curieuse puisque, dans le m\u00eame temps, la s\u00e9rie tente une approche esth\u00e9tique similaire \u00e0 une bande dessin\u00e9e. <strong>Comme si le show voulait se faire remarquer visuellement avec la carte \u00ab\u00a0adaptation de\u00a0\u00bb, sans avoir envie de justifier le mod\u00e8le.<\/strong><\/p>\n<p>Cette direction artistique est particuli\u00e8rement frappante dans le choix des costumes et des lieux, rarement en ad\u00e9quation avec l\u2019enjeu de la sc\u00e8ne, comme si nous \u00e9tions constamment au c\u0153ur d\u2019un d\u00e9fil\u00e9 de mode. Des flics parisiens habill\u00e9s en soldats allemands des ann\u00e9es 40 en passant par une cellule v\u00e9nitienne digne d\u2019un mus\u00e9e jusqu\u2019\u00e0 un assassin fringu\u00e9 pour des soir\u00e9es BDSM, <strong>rien ne semble naturel<\/strong>.<\/p>\n<p><img loading=\"lazy\" decoding=\"async\" class=\"size-full wp-image-50598336\" src=\"https:\/\/www.europesays.com\/fr\/wp-content\/uploads\/2026\/01\/critique-the-beauty-s1-4.jpg\" alt=\"Critique The Beauty\u00a0: la s\u00e9rie horrifique sans substance de Ryan Murphy\" width=\"1920\" height=\"1280\"  \/>\u00a9 Disney+<\/p>\n<p><strong>Une superficialit\u00e9 au c\u0153ur du concept de The Beauty<\/strong>, dont les premi\u00e8res images laissaient penser imm\u00e9diatement \u00e0 des \u0153uvres majeures sur le sujet comme La Mort vous va si bien ou le r\u00e9cent et excellent <strong>The Substance de Coralie Fargeat. La filiation avec ce dernier est presque \u00e9vidente<\/strong>, tant ils partagent des m\u00e9caniques similaires dans la naissance du nouveau corps. Est-ce que The Substance s\u2019est inspir\u00e9 du comics The Beauty\u00a0? Est-ce que la s\u00e9rie s\u2019est inspir\u00e9e du film de Fargeat\u00a0? L\u2019\u00e9ternelle histoire de l\u2019oeuf ou la poule.<\/p>\n<p><strong>Pendant onze \u00e9pisodes, le show entend diss\u00e9quer notre rapport au physique dans une soci\u00e9t\u00e9 o\u00f9 l\u2019apparence ouvre ou ferme toutes les portes<\/strong>. Le corps occupe le devant de la sc\u00e8ne, au point o\u00f9 chaque homme transform\u00e9 ne citera qu\u2019une chose en premier\u00a0: ses abdos. Probl\u00e8me, qu\u2019est-ce que raconte The Beauty sur le sujet que des \u0153uvres comme Nip\/Tuck ne disaient pas d\u00e9j\u00e0 il y a 23 ans de cela\u00a0? D\u2019autant qu\u2019<strong>en m\u00e9langeant plusieurs intrigues, le propos est compl\u00e8tement dilu\u00e9 au point de n\u2019\u00eatre que l\u2019outil d\u2019un Murphy en roue libre<\/strong>. Les dialogues vont tout dire et son contraire sur le sujet, au point o\u00f9 on ne sait absolument pas quel angle le cr\u00e9ateur entend d\u00e9fendre. Ok, <strong>on a mis plein de gens beaux \u00e0 l\u2019\u00e9cran, et apr\u00e8s\u00a0?<\/strong><\/p>\n<p><img loading=\"lazy\" decoding=\"async\" class=\"size-full wp-image-50598334\" src=\"https:\/\/www.europesays.com\/fr\/wp-content\/uploads\/2026\/01\/critique-the-beauty-s1-2.jpg\" alt=\"Critique The Beauty\u00a0: la s\u00e9rie horrifique sans substance de Ryan Murphy\" width=\"1920\" height=\"1280\"  \/>\u00a9 Disney+<br \/>\nThe Beauty, s\u00e9rie un peu b\u00eate sur Disney<\/p>\n<p>Cette approche tr\u00e8s graphique aurait pu au moins \u00eatre plaisante si nous savions \u00e0 quel saint nous vouer. Sauf que <strong>dans The Beauty, rien n\u2019est s\u00e9rieux et, pourtant, tout l\u2019est<\/strong>. Plusieurs s\u00e9quences laissent penser qu\u2019on touche du doigt la com\u00e9die burlesque, avant qu\u2019une sc\u00e8ne m\u00e9lodramatique vienne nous rappeler frontalement qu\u2019on veut nous peindre un propos. <strong>Le premier et le second degr\u00e9 se font la guerre, entre exub\u00e9rance d\u2019un c\u00f4t\u00e9 et suffisance de l\u2019autre<\/strong>. Quant au c\u00f4t\u00e9 horrifique, il est si discret et si timor\u00e9 que cela ressemble davantage \u00e0 un \u00e9pisode de Peppa Pig qu\u2019\u00e0 du David Cronenberg.<\/p>\n<p>Un souci de ton que l\u2019on retrouve dans le d\u00e9coupage des \u00e9pisodes. <strong>Cette premi\u00e8re saison varie avec des \u00e9pisodes de 25 \u00e0 45 minutes, sans qu\u2019il ne semble y avoir de logique narrative<\/strong>. D\u2019ailleurs, le r\u00e9cit se plaira \u00e0 passer d\u2019une temporalit\u00e9 \u00e0 l\u2019autre, d\u2019un personnage central \u00e0 un autre, de sorte qu\u2019il est presque impossible d\u2019avoir un rep\u00e8re solide sur qui porte l\u2019histoire. Tous, ou aucun \u00e0 la fois\u00a0?<strong> Il y a tant de personnages existants et en m\u00eame temps transparents<\/strong>.<\/p>\n<p><img loading=\"lazy\" decoding=\"async\" class=\"size-full wp-image-50598338\" src=\"https:\/\/www.europesays.com\/fr\/wp-content\/uploads\/2026\/01\/critique-the-beauty-s1-6.jpg\" alt=\"Critique The Beauty\u00a0: la s\u00e9rie horrifique sans substance de Ryan Murphy\" width=\"1920\" height=\"1280\"  \/>\u00a9 Disney+<\/p>\n<p>Comment s\u2019attacher lorsque les acteurs semblent \u00e9galement aussi perdus que nous\u00a0? La muse de Ryan Murphy, <strong>Evan Peters, est monoexpressif<\/strong> et le peu de sc\u00e8nes qu\u2019il partage avec une<strong> Rebecca Hall sous-exploit\u00e9e<\/strong> ne parvient pas \u00e0 nous attacher \u00e0 un duo cens\u00e9 \u00eatre central. \u00c0 l\u2019inverse, <strong><a href=\"https:\/\/www.journaldugeek.com\/critique\/critique-ironheart-la-catastrophe-annoncee-pour-marvel\/\" target=\"_blank\" rel=\"false noopener\">Anthony Ramos<\/a> en surjeu et Jeremy Pope, convaincant<\/strong>, ont \u00e0 la fois les meilleures sc\u00e8nes, et les plus inutiles. La grande Isabella Rossellini ne sait clairement pas ce pourquoi elle a sign\u00e9 et <strong>il n\u2019y a bien qu\u2019Ashton Kutcher qui para\u00eet prendre du plaisir \u00e0 \u00eatre devant la cam\u00e9ra<\/strong>.<\/p>\n<p>    <a href=\"https:\/\/www.youtube.com\/user\/JournalduGeek?sub_confirmation=1\" target=\"_blank\" rel=\"nofollow noopener\"><br \/>\n        S&rsquo;abonner \u00e0 Journal du Geek<br \/>\n    <\/a><\/p>\n<p>On a beaucoup not\u00e9 les similitudes entre The Beauty et The Substance avant la sortie, mais il est d\u00e9sormais \u00e9vident, apr\u00e8s visionnage, que <strong>The Beauty se rapproche davantage du All\u2019s Fair de Murphy pour son go\u00fbt des grandes stars utilis\u00e9es pour des petits r\u00f4les et dont l\u2019\u00e9criture n\u2019est qu\u2019une coquille vide<\/strong>. Qu\u2019est-ce que veut \u00eatre la s\u00e9rie\u00a0? Qu\u2019est-ce qu\u2019elle veut raconter \u00e0 part un discours Petit BamBou sur l\u2019apparence\u00a0? Est-ce qu\u2019elle entend juste nous charmer avec ses sc\u00e8nes sulfureuses, celles plus guignolesques ou la partie la plus \u00ab\u00a0horrifique\u00a0\u00bb (il faut le dire vite)\u00a0? Apr\u00e8s onze \u00e9pisodes, on ne le sait pas vraiment, et on a le sentiment qu\u2019elle non plus.<\/p>\n<p class=\"text-center not-prose\"><a class=\"comp-button\" href=\"https:\/\/shop.journaldugeek.com\/go\/33914\/\" target=\"_blank\" rel=\"sponsored nofollow noopener\">American Horror Story est disponible en DVD<\/a><\/p>\n<blockquote style=\"border:1px solid #971048;border-radius:8px;\">\n<p class=\"text-base text-neutral-700 dark:text-neutral-300\" style=\"color:grey;\">\ud83d\udfe3 Pour ne manquer aucune news sur le Journal du Geek, <a href=\"https:\/\/profile.google.com\/cp\/CgwvZy8xejJ2N182c2MaHmh0dHBzOi8vd3d3LmpvdXJuYWxkdWdlZWsuY29tLw==?pf=6\" target=\"_blank\" rel=\"noopener\">suivez-nous sur Google<\/a> et sur notre canal <a href=\"https:\/\/whatsapp.com\/channel\/0029VaClM5y4tRry12tb7D2h\" target=\"_blank\" rel=\"noopener\">WhatsApp<\/a>. Et si vous nous adorez, on a <a href=\"https:\/\/www.journaldugeek.com\/newsletter\/\" target=\"_blank\" rel=\"noopener\">une newsletter tous les matins<\/a>.<\/p>\n<\/blockquote>\n","protected":false},"excerpt":{"rendered":"On en conna\u00eet des sc\u00e9naristes-r\u00e9alisateurs-producteurs qui ne savent pas prendre de vacances. James Gunn peut \u00eatre sur trois&hellip;\n","protected":false},"author":2,"featured_media":680469,"comment_status":"","ping_status":"","sticky":false,"template":"","format":"standard","meta":{"footnotes":""},"categories":[1354],"tags":[22070,520,58,59,1346,1011,27,1408,1360],"class_list":{"0":"post-680468","1":"post","2":"type-post","3":"status-publish","4":"format-standard","5":"has-post-thumbnail","7":"category-films","8":"tag-ashton-kutcher","9":"tag-disney","10":"tag-divertissement","11":"tag-entertainment","12":"tag-films","13":"tag-fr","14":"tag-france","15":"tag-horreur","16":"tag-movies"},"share_on_mastodon":{"url":"https:\/\/pubeurope.com\/@fr\/115936608075578776","error":""},"_links":{"self":[{"href":"https:\/\/www.europesays.com\/fr\/wp-json\/wp\/v2\/posts\/680468","targetHints":{"allow":["GET"]}}],"collection":[{"href":"https:\/\/www.europesays.com\/fr\/wp-json\/wp\/v2\/posts"}],"about":[{"href":"https:\/\/www.europesays.com\/fr\/wp-json\/wp\/v2\/types\/post"}],"author":[{"embeddable":true,"href":"https:\/\/www.europesays.com\/fr\/wp-json\/wp\/v2\/users\/2"}],"replies":[{"embeddable":true,"href":"https:\/\/www.europesays.com\/fr\/wp-json\/wp\/v2\/comments?post=680468"}],"version-history":[{"count":0,"href":"https:\/\/www.europesays.com\/fr\/wp-json\/wp\/v2\/posts\/680468\/revisions"}],"wp:featuredmedia":[{"embeddable":true,"href":"https:\/\/www.europesays.com\/fr\/wp-json\/wp\/v2\/media\/680469"}],"wp:attachment":[{"href":"https:\/\/www.europesays.com\/fr\/wp-json\/wp\/v2\/media?parent=680468"}],"wp:term":[{"taxonomy":"category","embeddable":true,"href":"https:\/\/www.europesays.com\/fr\/wp-json\/wp\/v2\/categories?post=680468"},{"taxonomy":"post_tag","embeddable":true,"href":"https:\/\/www.europesays.com\/fr\/wp-json\/wp\/v2\/tags?post=680468"}],"curies":[{"name":"wp","href":"https:\/\/api.w.org\/{rel}","templated":true}]}}