{"id":680502,"date":"2026-01-22T03:44:28","date_gmt":"2026-01-22T03:44:28","guid":{"rendered":"https:\/\/www.europesays.com\/fr\/680502\/"},"modified":"2026-01-22T03:44:28","modified_gmt":"2026-01-22T03:44:28","slug":"levade-de-rennes-de-nouveau-devant-la-justice","status":"publish","type":"post","link":"https:\/\/www.europesays.com\/fr\/680502\/","title":{"rendered":"\u00ab\u00a0L\u2019\u00e9vad\u00e9 de Rennes\u00a0\u00bb de nouveau devant la justice"},"content":{"rendered":"<p><img decoding=\"async\" class=\"\" style=\"width:100%;max-width:100%\" src=\"https:\/\/www.europesays.com\/fr\/wp-content\/uploads\/2026\/01\/prison_barbel_s_envato1769003442854-format16by9.png\" alt=\"Prison barbel\u00e9s\"\/><\/p>\n<p>Le d\u00e9tenu de la prison de Rennes aura pass\u00e9 13 jours en cavale.<\/p>\n<p>Cr\u00e9dit : illustration Envato &#8211; DR<\/p>\n<p style=\"text-align: justify;\"><strong>Sa cavale aura dur\u00e9 13 jours<\/strong> : le 14 novembre 2025, <a href=\"https:\/\/www.alouette.fr\/rennes-detenu-evade-sortie-planetarium\" rel=\"noopener\" target=\"_blank\"><strong>un d\u00e9tenu de la prison de Rennes<\/strong><\/a> avait profit\u00e9 d\u2019une sortie culturelle organis\u00e9e au plan\u00e9tarium par les services p\u00e9nitentiaires pour <strong>se faire la malle<\/strong>. Il avait \u00e9t\u00e9 <strong>interpell\u00e9 un peu moins de deux semaines apr\u00e8s les faits, \u00e0 Nantes<\/strong>, dans un camp de gens du voyage.<\/p>\n<p style=\"text-align: justify;\">C\u2019est pour cette \u00e9vasion, qu\u2019il comparait ce jeudi 22 janvier devant le tribunal correctionnel de Rennes.<\/p>\n<p style=\"text-align: justify;\">\u00a0<\/p>\n<p>27 condamnations\u00a0<\/p>\n<p style=\"text-align: justify;\">\u00c2g\u00e9 de 37 ans, le suspect, surnomm\u00e9 \u00ab\u00a0Gino\u00a0\u00bb, poss\u00e8de <strong>un casier judiciaire bien fourni<\/strong> : 27 condamnations, dont trois pour \u00e9vasion, et 15 ann\u00e9es en tout pass\u00e9es derri\u00e8re les barreaux.<\/p>\n<p style=\"text-align: justify;\">\u00a0<\/p>\n<p>30 mois de prison<\/p>\n<p style=\"text-align: justify;\">Dernier proc\u00e8s en date, c\u2019\u00e9tait le 2 d\u00e9cembre dernier. Le d\u00e9tenu avait \u00e9cop\u00e9 de <a href=\"https:\/\/www.alouette.fr\/evade-rennes-condamne-prison-incendies-criminels\" rel=\"noopener\" target=\"_blank\"><strong>30 mois de prison<\/strong><\/a> pour avoir commandit\u00e9, depuis sa cellule, une s\u00e9rie d\u2019incendies et d\u2019actes de vandalisme contre des commerce pour le compte d\u2019un autre d\u00e9tenu.<\/p>\n","protected":false},"excerpt":{"rendered":"Le d\u00e9tenu de la prison de Rennes aura pass\u00e9 13 jours en cavale. Cr\u00e9dit : illustration Envato &#8211;&hellip;\n","protected":false},"author":2,"featured_media":680503,"comment_status":"","ping_status":"","sticky":false,"template":"","format":"standard","meta":{"footnotes":""},"categories":[2821],"tags":[1111,11,829,31908,9625,1777,674,47912,1011,27,848,303,3047,766,12,806,584,25],"class_list":{"0":"post-680502","1":"post","2":"type-post","3":"status-publish","4":"format-standard","5":"has-post-thumbnail","7":"category-rennes","8":"tag-actu","9":"tag-actualites","10":"tag-bretagne","11":"tag-cavale","12":"tag-detenu","13":"tag-eu","14":"tag-europe","15":"tag-evade","16":"tag-fr","17":"tag-france","18":"tag-ille-et-vilaine","19":"tag-justice","20":"tag-loire-atlantique","21":"tag-nantes","22":"tag-news","23":"tag-prison","24":"tag-rennes","25":"tag-republique-francaise"},"share_on_mastodon":{"url":"https:\/\/pubeurope.com\/@fr\/115936694455794875","error":""},"_links":{"self":[{"href":"https:\/\/www.europesays.com\/fr\/wp-json\/wp\/v2\/posts\/680502","targetHints":{"allow":["GET"]}}],"collection":[{"href":"https:\/\/www.europesays.com\/fr\/wp-json\/wp\/v2\/posts"}],"about":[{"href":"https:\/\/www.europesays.com\/fr\/wp-json\/wp\/v2\/types\/post"}],"author":[{"embeddable":true,"href":"https:\/\/www.europesays.com\/fr\/wp-json\/wp\/v2\/users\/2"}],"replies":[{"embeddable":true,"href":"https:\/\/www.europesays.com\/fr\/wp-json\/wp\/v2\/comments?post=680502"}],"version-history":[{"count":0,"href":"https:\/\/www.europesays.com\/fr\/wp-json\/wp\/v2\/posts\/680502\/revisions"}],"wp:featuredmedia":[{"embeddable":true,"href":"https:\/\/www.europesays.com\/fr\/wp-json\/wp\/v2\/media\/680503"}],"wp:attachment":[{"href":"https:\/\/www.europesays.com\/fr\/wp-json\/wp\/v2\/media?parent=680502"}],"wp:term":[{"taxonomy":"category","embeddable":true,"href":"https:\/\/www.europesays.com\/fr\/wp-json\/wp\/v2\/categories?post=680502"},{"taxonomy":"post_tag","embeddable":true,"href":"https:\/\/www.europesays.com\/fr\/wp-json\/wp\/v2\/tags?post=680502"}],"curies":[{"name":"wp","href":"https:\/\/api.w.org\/{rel}","templated":true}]}}