{"id":680585,"date":"2026-01-22T04:39:12","date_gmt":"2026-01-22T04:39:12","guid":{"rendered":"https:\/\/www.europesays.com\/fr\/680585\/"},"modified":"2026-01-22T04:39:12","modified_gmt":"2026-01-22T04:39:12","slug":"appartement-a-cannes-maison-en-corse-chalet-en-suisse-quel-est-le-patrimoine-des-moretti","status":"publish","type":"post","link":"https:\/\/www.europesays.com\/fr\/680585\/","title":{"rendered":"Appartement \u00e0 Cannes, maison en Corse, chalet en Suisse\u2026 Quel est le patrimoine des Moretti\u00a0?"},"content":{"rendered":"<p>L\u2019enqu\u00eate sur l\u2019incendie du bar Constellation, survenu dans la nuit du 31\u00a0d\u00e9cembre au 1er\u00a0janvier et ayant co\u00fbt\u00e9 la vie \u00e0 40 personnes, continue de progresser. Au-del\u00e0 des questions techniques sur les normes de s\u00e9curit\u00e9, la justice suisse s\u2019int\u00e9resse aussi au <a href=\"https:\/\/www.20minutes.fr\/dossier\/patrimoine\" target=\"_blank\" class=\"c-link c-link--is-underlined\" rel=\"noopener\">patrimoine<\/a> immobilier de <a href=\"https:\/\/www.20minutes.fr\/justice\/4196998-20260120-incendie-crans-montana-jacques-jessica-moretti-retour-palais-justice-nouvelle-audition\" target=\"_blank\" class=\"c-link c-link--is-underlined\" rel=\"noopener\">Jacques et Jessica Moretti<\/a>, propri\u00e9taires de l\u2019\u00e9tablissement, selon <a href=\"https:\/\/www.leparisien.fr\/faits-divers\/chalet-restaurants-proprietes-en-suisse-a-cannes-et-en-corse-le-petit-empire-immobilier-des-moretti-20-01-2026-4F55YK2F2RFFPJH3WALWW5WFHI.php?ts=1769024690202\" rel=\"nofollow noopener\" target=\"_blank\" class=\"c-link c-link--is-underlined\">Le Parisien<\/a>.<\/p>\n<p>Jacques Moretti, plac\u00e9 en d\u00e9tention provisoire depuis le 9\u00a0janvier 2026 (il pourrait bient\u00f4t sortir apr\u00e8s avoir pay\u00e9 la caution) et soup\u00e7onn\u00e9 d\u2019<a href=\"https:\/\/www.20minutes.fr\/dossier\/homicide\" target=\"_blank\" class=\"c-link c-link--is-underlined\" rel=\"noopener\">homicide<\/a> et d\u2019incendie par n\u00e9gligence, a \u00e9t\u00e9 de nouveau auditionn\u00e9 ce mardi. Lors d\u2019un pr\u00e9c\u00e9dent interrogatoire, il avait \u00e9valu\u00e9 sa fortune immobili\u00e8re nette personnelle \u00e0 300.000 \u00e0 400.000 francs suisses, tout en d\u00e9taillant un ensemble d\u2019actifs bien plus vaste.<\/p>\n<\/p>\n<p>Chalet, appartement et voiture de luxe en leasing<\/p>\n<p>D\u2019apr\u00e8s leurs d\u00e9clarations, le couple a constitu\u00e9 en une dizaine d\u2019ann\u00e9es un portefeuille important en <a href=\"https:\/\/www.20minutes.fr\/dossier\/suisse\" target=\"_blank\" class=\"c-link c-link--is-underlined\" rel=\"noopener\">Suisse<\/a> et en France. En Valais, ils disent poss\u00e9der un chalet mitoyen \u00e0 Lens, acquis en deux temps (2019 et 2024), ainsi que plusieurs biens via des soci\u00e9t\u00e9s d\u00e9tenant les murs du Constellation, d\u2019un <a href=\"https:\/\/www.20minutes.fr\/dossier\/appartement\" target=\"_blank\" class=\"c-link c-link--is-underlined\" rel=\"noopener\">appartement<\/a>, et de deux autres restaurants, Le Senso et Le Vieux Chalet. L\u2019ensemble aurait \u00e9t\u00e9 financ\u00e9 par de lourdes hypoth\u00e8ques aupr\u00e8s de plusieurs \u00e9tablissements.<\/p>\n<p><a href=\"https:\/\/www.20minutes.fr\/faits_divers\/incendie-crans-montana\/\" target=\"_blank\" class=\"c-link c-btn c-btn--primary\" rel=\"noopener\">Notre dossier sur l&rsquo;incendie \u00e0 Crans-Montana<\/a><\/p>\n<p>Du c\u00f4t\u00e9 de la France, Jacques Moretti a d\u00e9clar\u00e9 une maison familiale en <a href=\"https:\/\/www.20minutes.fr\/dossier\/corse\" target=\"_blank\" class=\"c-link c-link--is-underlined\" rel=\"noopener\">Corse<\/a> \u00e0 Solenzara et un appartement \u00e0 Cannes lou\u00e9 sur <a href=\"https:\/\/www.20minutes.fr\/dossier\/airbnb\" target=\"_blank\" class=\"c-link c-link--is-underlined\" rel=\"noopener\">Airbnb<\/a>, achet\u00e9 430.000 euros en\u00a02021, avec une dette estim\u00e9e \u00e0 380.000 euros. Le couple indique \u00e9galement disposer de voitures de luxe en leasing, enregistr\u00e9es au nom de ses soci\u00e9t\u00e9s.<\/p>\n","protected":false},"excerpt":{"rendered":"L\u2019enqu\u00eate sur l\u2019incendie du bar Constellation, survenu dans la nuit du 31\u00a0d\u00e9cembre au 1er\u00a0janvier et ayant co\u00fbt\u00e9 la&hellip;\n","protected":false},"author":2,"featured_media":680586,"comment_status":"","ping_status":"","sticky":false,"template":"","format":"standard","meta":{"footnotes":""},"categories":[5],"tags":[47,11,2898,9071,7306,2517,118,28068,1011,27,1116,74645,14,12,883,2551,882,3067,28],"class_list":{"0":"post-680585","1":"post","2":"type-post","3":"status-publish","4":"format-standard","5":"has-post-thumbnail","7":"category-international","8":"tag-actualite","9":"tag-actualites","10":"tag-alpes-maritimes","11":"tag-appartement","12":"tag-cannes","13":"tag-corse","14":"tag-faits-divers","15":"tag-fortune","16":"tag-fr","17":"tag-france","18":"tag-immobilier","19":"tag-incendie-a-crans-montana","20":"tag-international","21":"tag-news","22":"tag-paca","23":"tag-patrimoine","24":"tag-provence-alpes-cote-dazur","25":"tag-suisse","26":"tag-world"},"share_on_mastodon":{"url":"https:\/\/pubeurope.com\/@fr\/115936910551322194","error":""},"_links":{"self":[{"href":"https:\/\/www.europesays.com\/fr\/wp-json\/wp\/v2\/posts\/680585","targetHints":{"allow":["GET"]}}],"collection":[{"href":"https:\/\/www.europesays.com\/fr\/wp-json\/wp\/v2\/posts"}],"about":[{"href":"https:\/\/www.europesays.com\/fr\/wp-json\/wp\/v2\/types\/post"}],"author":[{"embeddable":true,"href":"https:\/\/www.europesays.com\/fr\/wp-json\/wp\/v2\/users\/2"}],"replies":[{"embeddable":true,"href":"https:\/\/www.europesays.com\/fr\/wp-json\/wp\/v2\/comments?post=680585"}],"version-history":[{"count":0,"href":"https:\/\/www.europesays.com\/fr\/wp-json\/wp\/v2\/posts\/680585\/revisions"}],"wp:featuredmedia":[{"embeddable":true,"href":"https:\/\/www.europesays.com\/fr\/wp-json\/wp\/v2\/media\/680586"}],"wp:attachment":[{"href":"https:\/\/www.europesays.com\/fr\/wp-json\/wp\/v2\/media?parent=680585"}],"wp:term":[{"taxonomy":"category","embeddable":true,"href":"https:\/\/www.europesays.com\/fr\/wp-json\/wp\/v2\/categories?post=680585"},{"taxonomy":"post_tag","embeddable":true,"href":"https:\/\/www.europesays.com\/fr\/wp-json\/wp\/v2\/tags?post=680585"}],"curies":[{"name":"wp","href":"https:\/\/api.w.org\/{rel}","templated":true}]}}