{"id":680611,"date":"2026-01-22T04:59:14","date_gmt":"2026-01-22T04:59:14","guid":{"rendered":"https:\/\/www.europesays.com\/fr\/680611\/"},"modified":"2026-01-22T04:59:14","modified_gmt":"2026-01-22T04:59:14","slug":"strasbourg-un-rassemblement-et-une-exposition-photo-pour-denoncer-la-repression-en-iran","status":"publish","type":"post","link":"https:\/\/www.europesays.com\/fr\/680611\/","title":{"rendered":"Strasbourg. Un rassemblement et une exposition photo pour d\u00e9noncer la r\u00e9pression en Iran"},"content":{"rendered":"<p>Un appel est lanc\u00e9 pour un rassemblement, ce jeudi 22\u00a0janvier, devant le <a href=\"https:\/\/www.lalsace.fr\/p\/parlement-europeen\" target=\"_blank\" rel=\"noopener\">Parlement europ\u00e9en<\/a>, en soutien au peuple iranien qui manifeste contre le r\u00e9gime brutal des mollahs. Le Comit\u00e9 de soutien aux droits de l\u2019homme en Iran (CSDHI), l\u2019Association des femmes iraniennes en France (AFIF), l\u2019Association des R\u00e9fugi\u00e9s Politiques pour les Droits de l\u2019Homme (ARPDH), la Coordination des actions aux fronti\u00e8res int\u00e9rieures (CAFI) d\u00e9noncent le massacre des manifestations pacifiques \u00e0 T\u00e9h\u00e9ran et dans les autres villes du pays depuis le 28\u00a0d\u00e9cembre. La r\u00e9pression est f\u00e9roce, avec l\u2019usage de munitions de guerre, le recours aux arrestations massives, \u00e0 la torture, aux disparitions forc\u00e9es et aux ex\u00e9cutions capitales. Plusieurs milliers de manifestants auraient \u00e9t\u00e9 tu\u00e9s et 50\u00a0000 auraient \u00e9t\u00e9 arr\u00eat\u00e9s.<\/p>\n<p>Le rassemblement aura lieu ce jeudi, \u00e0 11\u00a0h, rue Lucien-Febvre, en face du Parlement europ\u00e9en. Il s\u2019agit d\u2019exiger des mesures urgentes \u00ab\u00a0pour mettre fin \u00e0 l\u2019effusion de sang et exiger des sanctions concr\u00e8tes contre le r\u00e9gime en place\u00a0\u00bb. Un hommage sera rendu aux femmes et aux hommes qui ont d\u00e9fi\u00e9 le r\u00e9gime, ses milices et ses Pasdarans (gardiens de la R\u00e9volution). Une exposition de photos des martyrs du soul\u00e8vement accompagnera le rassemblement strasbourgeois.<\/p>\n","protected":false},"excerpt":{"rendered":"Un appel est lanc\u00e9 pour un rassemblement, ce jeudi 22\u00a0janvier, devant le Parlement europ\u00e9en, en soutien au peuple&hellip;\n","protected":false},"author":2,"featured_media":680612,"comment_status":"","ping_status":"","sticky":false,"template":"","format":"standard","meta":{"footnotes":""},"categories":[2820],"tags":[1111,11,2389,2649,3206,1777,674,107,1011,27,775,12,316,25,104,640,1631],"class_list":{"0":"post-680611","1":"post","2":"type-post","3":"status-publish","4":"format-standard","5":"has-post-thumbnail","7":"category-strasbourg","8":"tag-actu","9":"tag-actualites","10":"tag-alsace","11":"tag-bas-rhin","12":"tag-defense-guerre-conflit","13":"tag-eu","14":"tag-europe","15":"tag-fil-info","16":"tag-fr","17":"tag-france","18":"tag-grand-est","19":"tag-news","20":"tag-politique","21":"tag-republique-francaise","22":"tag-societe","23":"tag-strasbourg","24":"tag-vie-associative"},"share_on_mastodon":{"url":"https:\/\/pubeurope.com\/@fr\/115936989286890933","error":""},"_links":{"self":[{"href":"https:\/\/www.europesays.com\/fr\/wp-json\/wp\/v2\/posts\/680611","targetHints":{"allow":["GET"]}}],"collection":[{"href":"https:\/\/www.europesays.com\/fr\/wp-json\/wp\/v2\/posts"}],"about":[{"href":"https:\/\/www.europesays.com\/fr\/wp-json\/wp\/v2\/types\/post"}],"author":[{"embeddable":true,"href":"https:\/\/www.europesays.com\/fr\/wp-json\/wp\/v2\/users\/2"}],"replies":[{"embeddable":true,"href":"https:\/\/www.europesays.com\/fr\/wp-json\/wp\/v2\/comments?post=680611"}],"version-history":[{"count":0,"href":"https:\/\/www.europesays.com\/fr\/wp-json\/wp\/v2\/posts\/680611\/revisions"}],"wp:featuredmedia":[{"embeddable":true,"href":"https:\/\/www.europesays.com\/fr\/wp-json\/wp\/v2\/media\/680612"}],"wp:attachment":[{"href":"https:\/\/www.europesays.com\/fr\/wp-json\/wp\/v2\/media?parent=680611"}],"wp:term":[{"taxonomy":"category","embeddable":true,"href":"https:\/\/www.europesays.com\/fr\/wp-json\/wp\/v2\/categories?post=680611"},{"taxonomy":"post_tag","embeddable":true,"href":"https:\/\/www.europesays.com\/fr\/wp-json\/wp\/v2\/tags?post=680611"}],"curies":[{"name":"wp","href":"https:\/\/api.w.org\/{rel}","templated":true}]}}