{"id":680631,"date":"2026-01-22T05:12:19","date_gmt":"2026-01-22T05:12:19","guid":{"rendered":"https:\/\/www.europesays.com\/fr\/680631\/"},"modified":"2026-01-22T05:12:19","modified_gmt":"2026-01-22T05:12:19","slug":"ce-que-proposent-les-candidats-pour-le-centre-ville-de-marseille","status":"publish","type":"post","link":"https:\/\/www.europesays.com\/fr\/680631\/","title":{"rendered":"ce que proposent les candidats pour le centre-ville de Marseille"},"content":{"rendered":"<p>Les r\u00e9sultats de l\u2019\u00e9tude pilot\u00e9e par la CCI arrivent \u00e0 point nomm\u00e9. Les programmes des candidats \u00e0 la mairie de Marseille se peaufinent mais ils passeront tous par le centre-ville, \u00ab\u00a0maison commune des Marseillais\u00a0\u00bb, dixit Romain Simmarano, porte-parole de<a href=\"https:\/\/www.laprovence.com\/article\/elections\/19453838852263\/municipales-2026-a-marseille-martine-vassal-designe-huit-referents-de-secteur\" target=\"_blank\" rel=\"noopener\"> la candidate de la droite, Martine Vassal<\/a>. \u00ab\u00a0On le voit bien \u00e0 la lecture de cette \u00e9tude\u00a0: il y a un socle \u00e0 toute forme de reconqu\u00eate du centre-ville. C\u2019est \u00e9crit noir sur blanc\u00a0: s\u00e9curit\u00e9 et propret\u00e9. Cette reconqu\u00eate r\u00e9publicaine est la seule condition qui permettra une reconqu\u00eate \u00e9conomique, commerciale et sociale\u00a0\u00bb, poursuit-il.<\/p>\n<p>Syst\u00e8me de vid\u00e9oprotection renouvel\u00e9e, augmentation des forces de police municipale, et survol du secteur par des drones\u00a0: les mesures d\u00e9j\u00e0 avanc\u00e9es par la candidate DVD en appellent d\u2019autres, y compris sur le sujet de la propret\u00e9, comp\u00e9tence dont elle a la charge en tant que pr\u00e9sidente de la M\u00e9tropole.<\/p>\n<p>\u00ab\u00a0Aucune m\u00e9tropole de France ne met autant d\u2019argent dans le nettoyage et la collecte des d\u00e9chets\u00a0\u00bb, assure son porte-parole qui mise sur \u00ab\u00a0la sanction n\u00e9cessaire et la verbalisation\u00a0\u00bb pour dissuader les incivilit\u00e9s et rendre les rues propres.<\/p>\n","protected":false},"excerpt":{"rendered":"Les r\u00e9sultats de l\u2019\u00e9tude pilot\u00e9e par la CCI arrivent \u00e0 point nomm\u00e9. Les programmes des candidats \u00e0 la&hellip;\n","protected":false},"author":2,"featured_media":680632,"comment_status":"","ping_status":"","sticky":false,"template":"","format":"standard","meta":{"footnotes":""},"categories":[2814],"tags":[5734,1111,11,427,1777,674,1011,27,151,884,3554,12,316,471,50732,882,746,25],"class_list":{"0":"post-680631","1":"post","2":"type-post","3":"status-publish","4":"format-standard","5":"has-post-thumbnail","7":"category-marseille","8":"tag-5734","9":"tag-actu","10":"tag-actualites","11":"tag-candidats","12":"tag-eu","13":"tag-europe","14":"tag-fr","15":"tag-france","16":"tag-les","17":"tag-marseille","18":"tag-municipales","19":"tag-news","20":"tag-politique","21":"tag-pour","22":"tag-proposent","23":"tag-provence-alpes-cote-dazur","24":"tag-que","25":"tag-republique-francaise"},"share_on_mastodon":{"url":"https:\/\/pubeurope.com\/@fr\/115937040379307194","error":""},"_links":{"self":[{"href":"https:\/\/www.europesays.com\/fr\/wp-json\/wp\/v2\/posts\/680631","targetHints":{"allow":["GET"]}}],"collection":[{"href":"https:\/\/www.europesays.com\/fr\/wp-json\/wp\/v2\/posts"}],"about":[{"href":"https:\/\/www.europesays.com\/fr\/wp-json\/wp\/v2\/types\/post"}],"author":[{"embeddable":true,"href":"https:\/\/www.europesays.com\/fr\/wp-json\/wp\/v2\/users\/2"}],"replies":[{"embeddable":true,"href":"https:\/\/www.europesays.com\/fr\/wp-json\/wp\/v2\/comments?post=680631"}],"version-history":[{"count":0,"href":"https:\/\/www.europesays.com\/fr\/wp-json\/wp\/v2\/posts\/680631\/revisions"}],"wp:featuredmedia":[{"embeddable":true,"href":"https:\/\/www.europesays.com\/fr\/wp-json\/wp\/v2\/media\/680632"}],"wp:attachment":[{"href":"https:\/\/www.europesays.com\/fr\/wp-json\/wp\/v2\/media?parent=680631"}],"wp:term":[{"taxonomy":"category","embeddable":true,"href":"https:\/\/www.europesays.com\/fr\/wp-json\/wp\/v2\/categories?post=680631"},{"taxonomy":"post_tag","embeddable":true,"href":"https:\/\/www.europesays.com\/fr\/wp-json\/wp\/v2\/tags?post=680631"}],"curies":[{"name":"wp","href":"https:\/\/api.w.org\/{rel}","templated":true}]}}