{"id":680639,"date":"2026-01-22T05:17:11","date_gmt":"2026-01-22T05:17:11","guid":{"rendered":"https:\/\/www.europesays.com\/fr\/680639\/"},"modified":"2026-01-22T05:17:11","modified_gmt":"2026-01-22T05:17:11","slug":"ile-de-france-lalimentation-locale-a-de-beaux-jours-devant-elle","status":"publish","type":"post","link":"https:\/\/www.europesays.com\/fr\/680639\/","title":{"rendered":"\u00cele-de-France\u00a0: l&rsquo;alimentation locale a de beaux jours devant elle"},"content":{"rendered":"\n<p style=\"margin-bottom: 0cm;\">La R\u00e9gion \u00cele-de-France vient de r\u00e9affirmer son engagement en faveur d\u2019une alimentation locale et durable. Elle vante ses r\u00e9sultats concrets avec plus de 99 % des viandes servies dans les 470 lyc\u00e9es franciliens qui sont d\u2019origine fran\u00e7aise ou europ\u00e9enne. L\u2019objectif est d\u2019atteindre 100 % d\u2019approvisionnement en circuits courts, avec 50 % de produits bio. Le conseil r\u00e9gional affirme \u0153uvrer \u00ab\u00a0activement pour d\u00e9velopper de nouveaux partenariats avec la grande et moyenne distribution et avec la restauration collective\u00a0\u00bb. Les aides aux investissements agricoles peuvent atteindre 400.000 euros, et pour l&rsquo;installation des jeunes agriculteurs c&rsquo;est de 22.000 \u00e0 84.000 euros.<\/p>\n<p style=\"margin-bottom: 0cm;\">\u00a0<\/p>\n<p style=\"margin-bottom: 0cm;\">Nicolas Chacun<\/p>\n<p>!function(f,b,e,v,n,t,s){if(f.fbq)return;n=f.fbq=function(){n.callMethod?<br \/>\nn.callMethod.apply(n,arguments):n.queue.push(arguments)};if(!f._fbq)f._fbq=n;<br \/>\nn.push=n;n.loaded=!0;n.version=&rsquo;2.0&prime;;n.queue=[];t=b.createElement(e);t.async=!0;<br \/>\nt.src=v;s=b.getElementsByTagName(e)[0];s.parentNode.insertBefore(t,s)}(window,<br \/>\ndocument,&rsquo;script&rsquo;,&rsquo;https:\/\/connect.facebook.net\/en_US\/fbevents.js&rsquo;);<br \/>\nfbq(&lsquo;init&rsquo;, &lsquo;278974969201861&rsquo;); \/\/ Insert your pixel ID here.<br \/>\nfbq(&lsquo;track&rsquo;, &lsquo;PageView&rsquo;);<\/p>\n","protected":false},"excerpt":{"rendered":"La R\u00e9gion \u00cele-de-France vient de r\u00e9affirmer son engagement en faveur d\u2019une alimentation locale et durable. Elle vante ses&hellip;\n","protected":false},"author":2,"featured_media":680640,"comment_status":"","ping_status":"","sticky":false,"template":"","format":"standard","meta":{"footnotes":""},"categories":[1592],"tags":[1111,11,1933,1936,1777,1939,674,1011,27,662,1934,12,1940,626,1935,25,1937,1941,1938],"class_list":{"0":"post-680639","1":"post","2":"type-post","3":"status-publish","4":"format-standard","5":"has-post-thumbnail","7":"category-ile-de-france","8":"tag-actu","9":"tag-actualites","10":"tag-actualites-locales","11":"tag-essonne","12":"tag-eu","13":"tag-eure-et-loir","14":"tag-europe","15":"tag-fr","16":"tag-france","17":"tag-ile-de-france","18":"tag-infos-locales","19":"tag-news","20":"tag-oise","21":"tag-paris","22":"tag-pres-de-chez-vous","23":"tag-republique-francaise","24":"tag-seine-et-marne","25":"tag-somme","26":"tag-yvelines"},"share_on_mastodon":{"url":"https:\/\/pubeurope.com\/@fr\/115937060057775370","error":""},"_links":{"self":[{"href":"https:\/\/www.europesays.com\/fr\/wp-json\/wp\/v2\/posts\/680639","targetHints":{"allow":["GET"]}}],"collection":[{"href":"https:\/\/www.europesays.com\/fr\/wp-json\/wp\/v2\/posts"}],"about":[{"href":"https:\/\/www.europesays.com\/fr\/wp-json\/wp\/v2\/types\/post"}],"author":[{"embeddable":true,"href":"https:\/\/www.europesays.com\/fr\/wp-json\/wp\/v2\/users\/2"}],"replies":[{"embeddable":true,"href":"https:\/\/www.europesays.com\/fr\/wp-json\/wp\/v2\/comments?post=680639"}],"version-history":[{"count":0,"href":"https:\/\/www.europesays.com\/fr\/wp-json\/wp\/v2\/posts\/680639\/revisions"}],"wp:featuredmedia":[{"embeddable":true,"href":"https:\/\/www.europesays.com\/fr\/wp-json\/wp\/v2\/media\/680640"}],"wp:attachment":[{"href":"https:\/\/www.europesays.com\/fr\/wp-json\/wp\/v2\/media?parent=680639"}],"wp:term":[{"taxonomy":"category","embeddable":true,"href":"https:\/\/www.europesays.com\/fr\/wp-json\/wp\/v2\/categories?post=680639"},{"taxonomy":"post_tag","embeddable":true,"href":"https:\/\/www.europesays.com\/fr\/wp-json\/wp\/v2\/tags?post=680639"}],"curies":[{"name":"wp","href":"https:\/\/api.w.org\/{rel}","templated":true}]}}