{"id":680725,"date":"2026-01-22T06:10:09","date_gmt":"2026-01-22T06:10:09","guid":{"rendered":"https:\/\/www.europesays.com\/fr\/680725\/"},"modified":"2026-01-22T06:10:09","modified_gmt":"2026-01-22T06:10:09","slug":"le-salon-des-vins-et-vignerons-independants-fait-son-retour-20-000-visiteurs-attendus","status":"publish","type":"post","link":"https:\/\/www.europesays.com\/fr\/680725\/","title":{"rendered":"le Salon des vins et vignerons ind\u00e9pendants fait son retour, 20 000 visiteurs attendus"},"content":{"rendered":"<p>                    Par<br \/>\n        <strong><br \/>\n            <a href=\"https:\/\/actu.fr\/auteur\/laurene-fertin\" title=\"Consulter tous les articles de Laur\u00e8ne Fertin\" target=\"_blank\" rel=\"noopener\">Laur\u00e8ne Fertin<\/a><br \/>\n                    <\/strong><\/p>\n<p>        Publi\u00e9 le<\/p>\n<p>            22 janv. 2026 \u00e0 6h32        <\/p>\n<p>Du vendredi\u00a023 au dimanche 25\u00a0janvier 2026, le Salon des vins des vignerons ind\u00e9pendants fait son retour au <strong>Parc Expo<\/strong> de Rennes. Pr\u00e8s de <strong>250 vignerons<\/strong> arrivent de toute la France pour pr\u00e9senter directement aux visiteurs leurs produits.<\/p>\n<p class=\" wall-content\"><strong>Des ateliers gratuits d\u2019initiation \u00e0 la d\u00e9gustation<\/strong>, \u00ab\u2009pour apprendre \u00e0 reconna\u00eetre les ar\u00f4mes et affiner son palais\u2009\u00bb seront propos\u00e9s sur place, notamment.<\/p>\n<p class=\" wall-content\">Pour les tarifs, comptez<strong> 6\u00a0euros l\u2019entr\u00e9e<\/strong> et un verre de d\u00e9gustation offert\u2009; <strong>3\u00a0euros<\/strong> pour les groupes de plus de dix personnes et les \u00e9tudiants sur pr\u00e9sentation d\u2019une carte valide\u2009; gratuit pour les professionnels du secteur vinicole\/restauration ainsi que les \u00e9tudiants en viticulture et \u0153nologie (sur pr\u00e9sentation d\u2019un justificatif).<\/p>\n<p>Infos pratiques\u2009: vendredi et samedi de 10h \u00e0 19h\u2009; dimanche de 10h \u00e0 18h. La billetterie est <a href=\"https:\/\/www.vignerons-independants.com\/\" target=\"_blank\" rel=\"noopener\">ici<\/a>.<\/p>\n<p class=\" wall-content\">Personnalisez votre actualit\u00e9 en ajoutant vos villes et m\u00e9dias en favori avec <a href=\"https:\/\/moncompte.actu.fr\" title=\"D\u00e9couvez Mon Actu\" rel=\"nofollow noopener\" data-trk=\"{&quot;cta&quot;:{&quot;action&quot;:&quot;https:\\\/\\\/moncompte.actu.fr&quot;,&quot;category&quot;:&quot;mon compte&quot;,&quot;from&quot;:&quot;article footer&quot;,&quot;name&quot;:&quot;Mon actu&quot;,&quot;type&quot;:&quot;cta&quot;}}\" target=\"_blank\">Mon Actu<\/a>.<\/p>\n","protected":false},"excerpt":{"rendered":"Par Laur\u00e8ne Fertin Publi\u00e9 le 22 janv. 2026 \u00e0 6h32 Du vendredi\u00a023 au dimanche 25\u00a0janvier 2026, le Salon&hellip;\n","protected":false},"author":2,"featured_media":680726,"comment_status":"","ping_status":"","sticky":false,"template":"","format":"standard","meta":{"footnotes":""},"categories":[2821],"tags":[1111,11,5702,1477,829,1777,674,1011,27,1652,12,584,25,1662],"class_list":{"0":"post-680725","1":"post","2":"type-post","3":"status-publish","4":"format-standard","5":"has-post-thumbnail","7":"category-rennes","8":"tag-actu","9":"tag-actualites","10":"tag-alcool","11":"tag-artisanat","12":"tag-bretagne","13":"tag-eu","14":"tag-europe","15":"tag-fr","16":"tag-france","17":"tag-loisirs-culture","18":"tag-news","19":"tag-rennes","20":"tag-republique-francaise","21":"tag-vin"},"share_on_mastodon":{"url":"https:\/\/pubeurope.com\/@fr\/115937268567973556","error":""},"_links":{"self":[{"href":"https:\/\/www.europesays.com\/fr\/wp-json\/wp\/v2\/posts\/680725","targetHints":{"allow":["GET"]}}],"collection":[{"href":"https:\/\/www.europesays.com\/fr\/wp-json\/wp\/v2\/posts"}],"about":[{"href":"https:\/\/www.europesays.com\/fr\/wp-json\/wp\/v2\/types\/post"}],"author":[{"embeddable":true,"href":"https:\/\/www.europesays.com\/fr\/wp-json\/wp\/v2\/users\/2"}],"replies":[{"embeddable":true,"href":"https:\/\/www.europesays.com\/fr\/wp-json\/wp\/v2\/comments?post=680725"}],"version-history":[{"count":0,"href":"https:\/\/www.europesays.com\/fr\/wp-json\/wp\/v2\/posts\/680725\/revisions"}],"wp:featuredmedia":[{"embeddable":true,"href":"https:\/\/www.europesays.com\/fr\/wp-json\/wp\/v2\/media\/680726"}],"wp:attachment":[{"href":"https:\/\/www.europesays.com\/fr\/wp-json\/wp\/v2\/media?parent=680725"}],"wp:term":[{"taxonomy":"category","embeddable":true,"href":"https:\/\/www.europesays.com\/fr\/wp-json\/wp\/v2\/categories?post=680725"},{"taxonomy":"post_tag","embeddable":true,"href":"https:\/\/www.europesays.com\/fr\/wp-json\/wp\/v2\/tags?post=680725"}],"curies":[{"name":"wp","href":"https:\/\/api.w.org\/{rel}","templated":true}]}}