{"id":680749,"date":"2026-01-22T06:23:18","date_gmt":"2026-01-22T06:23:18","guid":{"rendered":"https:\/\/www.europesays.com\/fr\/680749\/"},"modified":"2026-01-22T06:23:18","modified_gmt":"2026-01-22T06:23:18","slug":"lyon-serein-lille-sous-pression-ou-en-sont-les-clubs-francais-a-deux-journees-de-la-fin","status":"publish","type":"post","link":"https:\/\/www.europesays.com\/fr\/680749\/","title":{"rendered":"Lyon serein, Lille sous pression&#8230; O\u00f9 en sont les clubs fran\u00e7ais \u00e0 deux journ\u00e9es de la fin\u00a0?"},"content":{"rendered":"<p>\n    Lyon, Lille et Nice retrouvent la Ligue Europa ce jeudi. Les trois \u00e9quipes fran\u00e7aises sont chacune dans des situations bien diff\u00e9rentes.<\/p>\n<p>                                    Lyon a un pied en 8es de finale<\/p>\n<p class=\"fig-paragraph\">Leader\u00a0<a href=\"https:\/\/www.lefigaro.fr\/sports\/football\/ligue-europa\/classement\" target=\"_blank\" rel=\"nofollow noopener\" data-gtm-custom-categorie=\"navigation\" data-gtm-custom-action=\"crossclick\" data-gtm-custom-label=\"Contextuel\" data-gtm-event=\"customEventSPE\">au classement de la phase de ligue<\/a>\u00a0apr\u00e8s six journ\u00e9es (5 victoires, une d\u00e9faite), l\u2019Olympique Lyonnais pourrait garantir sa place dans le top\u00a08, synonyme de huiti\u00e8mes de finale de Ligue Europa, d\u00e8s ce jeudi. Pour cela, l\u2019OL doit s\u2019imposer \u00e0 Berne, chez les Young Boys (18h45), et esp\u00e9rer qu\u2019au moins deux de ses poursuivants, parmi lesquels Porto, l\u2019AS Rome ou Aston Villa pour ne citer qu\u2019eux, s\u2019inclinent.<\/p>\n<p class=\"fig-paragraph\">C\u2019est donc avec s\u00e9r\u00e9nit\u00e9 que\u00a0<a href=\"http:\/\/www.lefigaro.fr\/sports\/football\/ligue-1\/lyon-brest-sulc-omnipresent-endrick-remuant-brest-inoffensif-les-tops-et-flops-20260118\" data-fig-type=\"NewsFlash\" data-gtm-custom-categorie=\"navigation\" data-gtm-custom-action=\"crossclick\" data-gtm-custom-label=\"Contextuel\" data-gtm-event=\"customEventSPE\" data-fig-domain=\"LEFIGARO\" target=\"_blank\" rel=\"noopener\">l\u2019attaquant br\u00e9silien Endrick<\/a>, pr\u00eat\u00e9 cet hiver par le Real Madrid, va d\u00e9couvrir la C3 sous le maillot rhodanien. Les Gones restent sur six victoires d\u2019affil\u00e9e toutes comp\u00e9titions confondues. Une s\u00e9rie d\u00e9but\u00e9e justement en Ligue Europa, avec\u00a0<a href=\"http:\/\/www.lefigaro.fr\/sports\/football\/ligue-europa\/ligue-europa-l-olympique-lyonnais-s-impose-et-garde-la-tete-du-classement-20251211\" data-fig-type=\"NewsFlash\" data-gtm-custom-categorie=\"navigation\" data-gtm-custom-action=\"crossclick\" data-gtm-custom-label=\"Contextuel\" data-gtm-event=\"customEventSPE\" data-fig-domain=\"LEFIGARO\" target=\"_blank\" rel=\"noopener\">un succ\u00e8s contre les N\u00e9erlandais des Go Ahead Eagles<\/a>\u00a0lors de la pr\u00e9c\u00e9dente journ\u00e9e, le 11 d\u00e9cembre (2-1).<\/p>\n<p>                                            <a class=\"fig-a11y-skip\" href=\"#fig-a11y-skip-main-inarticle\" data-module=\"a11y-skip\" data-context=\"was @visible\"><br \/>\n    Passer la publicit\u00e9<br \/>\n<\/a>            <\/p>\n<p class=\"fig-paragraph\"><strong>\u00c0 VOIR AUSSI &#8211; <\/strong>Le r\u00e9sum\u00e9 de la victoire lyonnaise contre Brest le 18 janvier dernier (2-1)<\/p>\n<p>                                            Lille presque dos au mur<\/p>\n<p class=\"fig-paragraph\">Le Losc pointe \u00e0 la 20e place avec neuf points, soit deux d\u2019avance sur le Dinamo Zagreb, 25e et premier non-qualifi\u00e9 pour les barrages. Autant dire que son d\u00e9placement chez le Celta Vigo (21h00) rev\u00eat une importance capitale. D\u2019autant plus que le club galicien est 19e, \u00e0 \u00e9galit\u00e9 de points avec les Nordistes.<\/p>\n<p class=\"fig-paragraph\">Les Dogues jouent gros aussi parce qu\u2019ils doivent sortir d\u2019une spirale n\u00e9gative\u00a0: trois matchs pour trois d\u00e9faites en 2026, dont\u00a0<a href=\"http:\/\/www.lefigaro.fr\/sports\/football\/coupe-de-france\/coupe-de-france-lyon-domine-lille-et-fonce-en-huitiemes-endrick-buteur-pour-sa-premiere-20260111\" data-fig-type=\"NewsFlash\" data-gtm-custom-categorie=\"navigation\" data-gtm-custom-action=\"crossclick\" data-gtm-custom-label=\"Contextuel\" data-gtm-event=\"customEventSPE\" data-fig-domain=\"LEFIGARO\" target=\"_blank\" rel=\"noopener\">une \u00e9limination en 16es de finale de Coupe de France<\/a>\u00a0face \u00e0 Lyon (1-2, le 11 janvier). \u00abOui, cette s\u00e9rie m\u2019inqui\u00e8te\u00bb, a reconnu l\u2019entra\u00eeneur Bruno Genesio, qui tenait toutefois \u00e0 se d\u00e9tacher des \u00abr\u00e9sultats bruts\u00bb, invitant ses joueurs \u00e0 \u00abgarder la force, la confiance\u00bb, eux qui \u00abmanquent un petit peu de maturit\u00e9 dans certaines s\u00e9quences de jeu\u00bb.<\/p>\n<p>                                            Nice, le calvaire est bient\u00f4t fini<\/p>\n<p class=\"fig-paragraph\">Un club fran\u00e7ais est leader de Ligue Europa, un autre est lanterne rouge. L\u2019OGC Nice est la seule \u00e9quipe \u00e0 avoir perdu ses six matches en C3. Ce jeudi, ce sont les Go Ahead Eagles qui se rendront sur la C\u00f4te d\u2019Azur (21h00), avant un d\u00e9placement en Bulgarie, face \u00e0 Ludogorets. Les Aiglons sont d\u2019ores et d\u00e9j\u00e0 \u00e9limin\u00e9s de la course aux barrages et n\u2019ont donc plus rien \u00e0 jouer.<\/p>\n<p class=\"fig-paragraph\">Sous l\u2019\u00e9gide de Claude Puel, appel\u00e9 au chevet\u00a0du club azur\u00e9en\u00a0<a href=\"http:\/\/www.lefigaro.fr\/sports\/football\/ligue-1\/ligue-1-nice-officialise-l-arrivee-de-claude-puel-a-la-place-de-franck-haise-20251229\" data-fig-type=\"NewsFlash\" data-gtm-custom-categorie=\"navigation\" data-gtm-custom-action=\"crossclick\" data-gtm-custom-label=\"Contextuel\" data-gtm-event=\"customEventSPE\" data-fig-domain=\"LEFIGARO\" target=\"_blank\" rel=\"noopener\">apr\u00e8s le d\u00e9part de Franck Haise<\/a>, il s\u2019agit d\u2019op\u00e9rer un savant num\u00e9ro d\u2019\u00e9quilibriste\u00a0: donner des minutes \u00e0 ceux qui en manquent tout en soignant le jeu et les t\u00eates en vue de matches plus importants, sans qu\u2019une \u00e9ventuelle nouvelle d\u00e9faite ne pollue davantage les Ni\u00e7ois. Si\u00a0<a href=\"http:\/\/www.lefigaro.fr\/sports\/football\/coupe-de-france\/coupe-de-france-pas-d-exploit-pour-chantilly-face-a-rennes-nice-punit-nantes-aux-penalties-metz-coule-face-a-montpellier-20260111\" data-fig-type=\"NewsFlash\" data-gtm-custom-categorie=\"navigation\" data-gtm-custom-action=\"crossclick\" data-gtm-custom-label=\"Contextuel\" data-gtm-event=\"customEventSPE\" data-fig-domain=\"LEFIGARO\" target=\"_blank\" rel=\"noopener\">la qualification en 8es de finale<\/a>\u00a0de Coupe de France repr\u00e9sente une bouff\u00e9e d\u2019air frais, la situation en Ligue\u00a01 est alarmante (15e place,\u00a0<a href=\"https:\/\/www.lefigaro.fr\/sports\/football\/ligue-1\/classement\" target=\"_blank\" rel=\"nofollow noopener\" data-gtm-custom-categorie=\"navigation\" data-gtm-custom-action=\"crossclick\" data-gtm-custom-label=\"Contextuel\" data-gtm-event=\"customEventSPE\">le classement ici<\/a>) apr\u00e8s\u00a0<a href=\"http:\/\/www.lefigaro.fr\/sports\/football\/ligue-1\/ligue-1-ecrase-a-toulouse-le-nice-de-claude-puel-n-en-finit-pas-de-sombrer-20260117\" data-fig-type=\"NewsFlash\" data-gtm-custom-categorie=\"navigation\" data-gtm-custom-action=\"crossclick\" data-gtm-custom-label=\"Contextuel\" data-gtm-event=\"customEventSPE\" data-fig-domain=\"LEFIGARO\" target=\"_blank\" rel=\"noopener\">une gifle samedi dernier \u00e0 Toulouse<\/a>\u00a0(5-1).<\/p>\n<p>                                            <a class=\"fig-a11y-skip\" href=\"#fig-a11y-skip-main-inarticle_mtf\" data-module=\"a11y-skip\" data-context=\"was @visible\"><br \/>\n    Passer la publicit\u00e9<br \/>\n<\/a>            <\/p>\n<p>                                            Strasbourg a d\u00e9j\u00e0 pli\u00e9 la Ligue Conf\u00e9rence<\/p>\n<p class=\"fig-paragraph\">La Ligue Europa Conf\u00e9rence (C4) ne comportait \u00abque\u00bb six journ\u00e9es et a donc rendu son verdict en d\u00e9cembre. Strasbourg avait\u00a0<a href=\"http:\/\/www.lefigaro.fr\/sports\/football\/ligue-europa\/ligue-conference-strasbourg-assure-sa-premiere-place-et-file-directement-en-huitiemes-20251218\" data-fig-type=\"NewsFlash\" data-gtm-custom-categorie=\"navigation\" data-gtm-custom-action=\"crossclick\" data-gtm-custom-label=\"Contextuel\" data-gtm-event=\"customEventSPE\" data-fig-domain=\"LEFIGARO\" target=\"_blank\" rel=\"noopener\">fini en t\u00eate de la phase de ligue<\/a>\u00a0(5 victoires, un nul) et s\u2019\u00e9tait directement qualifi\u00e9 pour les 8es de finale, pr\u00e9vus les 12 et 19 mars. Son adversaire sera l\u2019une des quatre \u00e9quipes suivantes\u00a0: la Fiorentina (Italie), Rijeka (Croatie), le Jagiellonia Bialystok (Pologne) et l\u2019Omonia Nicosie (Chypre).<\/p>\n","protected":false},"excerpt":{"rendered":"Lyon, Lille et Nice retrouvent la Ligue Europa ce jeudi. Les trois \u00e9quipes fran\u00e7aises sont chacune dans des&hellip;\n","protected":false},"author":2,"featured_media":680750,"comment_status":"","ping_status":"","sticky":false,"template":"","format":"standard","meta":{"footnotes":""},"categories":[2815],"tags":[1111,11,1777,674,1011,27,811,1307,2267,12,2268,978,25],"class_list":{"0":"post-680749","1":"post","2":"type-post","3":"status-publish","4":"format-standard","5":"has-post-thumbnail","7":"category-lille","8":"tag-actu","9":"tag-actualites","10":"tag-eu","11":"tag-europe","12":"tag-fr","13":"tag-france","14":"tag-hauts-de-france","15":"tag-lille","16":"tag-losc","17":"tag-news","18":"tag-ogc-nice","19":"tag-olympique-lyonnais","20":"tag-republique-francaise"},"share_on_mastodon":{"url":"https:\/\/pubeurope.com\/@fr\/115937319468407803","error":""},"_links":{"self":[{"href":"https:\/\/www.europesays.com\/fr\/wp-json\/wp\/v2\/posts\/680749","targetHints":{"allow":["GET"]}}],"collection":[{"href":"https:\/\/www.europesays.com\/fr\/wp-json\/wp\/v2\/posts"}],"about":[{"href":"https:\/\/www.europesays.com\/fr\/wp-json\/wp\/v2\/types\/post"}],"author":[{"embeddable":true,"href":"https:\/\/www.europesays.com\/fr\/wp-json\/wp\/v2\/users\/2"}],"replies":[{"embeddable":true,"href":"https:\/\/www.europesays.com\/fr\/wp-json\/wp\/v2\/comments?post=680749"}],"version-history":[{"count":0,"href":"https:\/\/www.europesays.com\/fr\/wp-json\/wp\/v2\/posts\/680749\/revisions"}],"wp:featuredmedia":[{"embeddable":true,"href":"https:\/\/www.europesays.com\/fr\/wp-json\/wp\/v2\/media\/680750"}],"wp:attachment":[{"href":"https:\/\/www.europesays.com\/fr\/wp-json\/wp\/v2\/media?parent=680749"}],"wp:term":[{"taxonomy":"category","embeddable":true,"href":"https:\/\/www.europesays.com\/fr\/wp-json\/wp\/v2\/categories?post=680749"},{"taxonomy":"post_tag","embeddable":true,"href":"https:\/\/www.europesays.com\/fr\/wp-json\/wp\/v2\/tags?post=680749"}],"curies":[{"name":"wp","href":"https:\/\/api.w.org\/{rel}","templated":true}]}}