{"id":680769,"date":"2026-01-22T06:35:13","date_gmt":"2026-01-22T06:35:13","guid":{"rendered":"https:\/\/www.europesays.com\/fr\/680769\/"},"modified":"2026-01-22T06:35:13","modified_gmt":"2026-01-22T06:35:13","slug":"en-direct-guerre-en-ukraine-donald-trump-doit-rencontrer-volodymyr-zelensky-a-davos-ce-jeudi","status":"publish","type":"post","link":"https:\/\/www.europesays.com\/fr\/680769\/","title":{"rendered":"EN DIRECT &#8211; Guerre en Ukraine : Donald Trump doit rencontrer Volodymyr Zelensky \u00e0 Davos ce jeudi"},"content":{"rendered":"<ul class=\"jsx-862013697 ArticleChapo__List\">\n<li class=\"jsx-862013697 ArticleChapo__List_Item flex\">Donald Trump a jug\u00e9 mercredi \u00e0 Davos que c&rsquo;\u00e9tait \u00e0 l&rsquo;Otan et \u00e0 l&rsquo;Europe de \u00ab\u00a0s&rsquo;occuper de l&rsquo;Ukraine\u00a0\u00bb et pas aux Etats-Unis.<\/li>\n<li class=\"jsx-862013697 ArticleChapo__List_Item flex\">Il a toutefois annonc\u00e9 qu&rsquo;il verrait le pr\u00e9sident ukrainien Volodymyr Zelensky ce jeudi.<\/li>\n<li class=\"jsx-862013697 ArticleChapo__List_Item flex\">Suivez les derni\u00e8res informations.<\/li>\n<\/ul>\n<p>Les \u00e9l\u00e9ments marquantsRENCONTRE TRUMP-ZELENSKY \u00c0 DAVOS<\/p>\n<p>Ce jeudi \u00e0 10h30 (heure de Paris), Donald Trump doit participer \u00e0 la c\u00e9r\u00e9monie de signature de la charte fondatrice d&rsquo;un \u00ab\u00a0Conseil de paix\u00a0\u00bb \u00e0 sa main, cens\u00e9 \u0153uvrer \u00e0 la r\u00e9solution des conflits dans le monde en concurrence avec l&rsquo;ONU. Le pr\u00e9sident am\u00e9ricain a \u00e9galement pr\u00e9vu de rencontrer le pr\u00e9sident ukrainien, Volodymyr Zelensky, apr\u00e8s le lancement de son \u00ab\u00a0Conseil de paix\u00a0\u00bb.<\/p>\n<p>Donald Trump a affirm\u00e9 \u00e0 Davos que Vladimir Poutine avait accept\u00e9 l&rsquo;invitation. Un peu plus t\u00f4t, le pr\u00e9sident russe avait lui seulement indiqu\u00e9 que son minist\u00e8re des Affaires \u00e9trang\u00e8res avait \u00e9t\u00e9 \u00ab\u00a0charg\u00e9 d&rsquo;\u00e9tudier\u00a0\u00bb la proposition am\u00e9ricaine.<\/p>\n<p>L&rsquo;\u00e9missaire am\u00e9ricain Steve Witkoff doit cependant partir de Davos pour se rendre \u00e0 Moscou jeudi, avec le gendre de Donald Trump, Jared Kushner, pour des discussions avec Vladimir Poutine.<\/p>\n<p>06:20Minute par minuteRENCONTRE TRUMP-ZELENSKY \u00c0 DAVOS<\/p>\n<p>Ce jeudi \u00e0 10h30 (heure de Paris), Donald Trump doit participer \u00e0 la c\u00e9r\u00e9monie de signature de la charte fondatrice d&rsquo;un \u00ab\u00a0Conseil de paix\u00a0\u00bb \u00e0 sa main, cens\u00e9 \u0153uvrer \u00e0 la r\u00e9solution des conflits dans le monde en concurrence avec l&rsquo;ONU. Le pr\u00e9sident am\u00e9ricain a \u00e9galement pr\u00e9vu de rencontrer le pr\u00e9sident ukrainien, Volodymyr Zelensky, apr\u00e8s le lancement de son \u00ab\u00a0Conseil de paix\u00a0\u00bb.<\/p>\n<p>Donald Trump a affirm\u00e9 \u00e0 Davos que Vladimir Poutine avait accept\u00e9 l&rsquo;invitation. Un peu plus t\u00f4t, le pr\u00e9sident russe avait lui seulement indiqu\u00e9 que son minist\u00e8re des Affaires \u00e9trang\u00e8res avait \u00e9t\u00e9 \u00ab\u00a0charg\u00e9 d&rsquo;\u00e9tudier\u00a0\u00bb la proposition am\u00e9ricaine.<\/p>\n<p>L&rsquo;\u00e9missaire am\u00e9ricain Steve Witkoff doit cependant partir de Davos pour se rendre \u00e0 Moscou jeudi, avec le gendre de Donald Trump, Jared Kushner, pour des discussions avec Vladimir Poutine.<\/p>\n<p>06:20BONJOUR \u00c0 TOUS<\/p>\n<p>Bonjour \u00e0 toutes et \u00e0 tous et bienvenue dans ce direct du jeudi 22 janvier consacr\u00e9 \u00e0 la guerre en Ukraine.<\/p>\n<p>06:16<\/p>\n<p data-module=\"article-paragraph\" class=\"jsx-157965717 Paragraph\">Donald Trump a jug\u00e9 mercredi \u00e0 Davos que c&rsquo;\u00e9tait \u00e0 l&rsquo;Otan et \u00e0 l&rsquo;Europe de \u00ab\u00a0s&rsquo;occuper de l&rsquo;Ukraine\u00a0\u00bb et pas aux Etats-Unis.<\/p>\n<p data-module=\"article-paragraph\" class=\"jsx-157965717 Paragraph Paragraph__End\">\u00ab\u00a0Qu&rsquo;est-ce que les Etats-Unis retirent de tout ce travail, de tout cet argent, autre que mort, destruction et des sommes d&rsquo;argent colossales qui vont vers des gens qui n&rsquo;appr\u00e9cient pas ce que nous faisons ? Ils n&rsquo;appr\u00e9cient pas ce qu&rsquo;on fait, je parle de l&rsquo;Otan, je parle de l&rsquo;Europe. C&rsquo;est \u00e0 eux de s&rsquo;occuper de l&rsquo;Ukraine, pas \u00e0 nous. Les Etats-Unis sont tr\u00e8s loin, un grand et bel oc\u00e9an nous s\u00e9pare. Nous n&rsquo;avons rien \u00e0 voir avec \u00e7a\u00a0\u00bb, a affirm\u00e9 le pr\u00e9sident am\u00e9ricain, qui a fait salle comble pour son discours devant les \u00e9lites \u00e9conomiques et politiques r\u00e9unies dans les Alpes suisses.<\/p>\n<p data-module=\"article-paragraph\" class=\"jsx-157965717 Paragraph Paragraph__End\">Donald Trump a n\u00e9anmoins fait savoir qu&rsquo;il allait rencontrer son homologue ukrainien. Il avait d&rsquo;abord d\u00e9clar\u00e9 que l&rsquo;entrevue aurait lieu dans la journ\u00e9e \u00e0 Davos, sugg\u00e9rant que Zelensky se trouvait dans l&rsquo;audience pour son allocution. \u00ab\u00a0Je crois que c&rsquo;est demain\u00a0\u00bb, a toutefois ensuite lanc\u00e9 le pr\u00e9sident am\u00e9ricain \u00e0 un journaliste qui lui demandait de pr\u00e9ciser la date.<\/p>\n<p><a href=\"https:\/\/www.tf1info.fr\/international\/en-direct-guerre-ukraine-russie-la-situation-aujourd-hui-entre-zelensky-poutine-trump-accord-negociation-paix-les-informations-lundi-19-janvier-2026-2419431.html\" rel=\"noopener\" class=\"jsx-3308031228 Link flex\" target=\"_blank\"><img decoding=\"async\" src=\"https:\/\/www.europesays.com\/fr\/wp-content\/uploads\/2026\/01\/kirill-dmitriev-moscou-9-novembre-2019-ea5151-0@1x.jpeg\" alt=\"AFP\" loading=\"lazy\" importance=\"low\" fetchpriority=\"low\" class=\"\" aria-hidden=\"true\"\/><\/p>\n<p class=\"jsx-3657663356 ReadMoreArticle__Title\">Lire aussi<\/p>\n<p class=\"jsx-3657663356\">Ukraine : l&rsquo;\u00e9missaire russe dit avoir eu des discussions \u00ab\u00a0constructives\u00a0\u00bb avec les Etats-Unis \u00e0 Davos<\/p>\n<p><\/a><\/p>\n<p data-module=\"article-paragraph\" class=\"jsx-157965717 Paragraph Paragraph__End\">La pr\u00e9sidence ukrainienne a soulign\u00e9 que le chef de l&rsquo;Etat se trouvait mercredi \u00ab\u00a0\u00e0 Kiev\u00a0\u00bb et non en Suisse. Zelensky s&rsquo;\u00e9tait dit \u00ab\u00a0inquiet\u00a0\u00bb mardi d&rsquo;une perte d&rsquo;attention internationale sur le conflit en Ukraine \u00e0 cause du diff\u00e9rend caus\u00e9 par les vell\u00e9it\u00e9s du pr\u00e9sident am\u00e9ricain de s&#8217;emparer du Groenland.<\/p>\n<p>La r\u00e9daction de TF1info<\/p>\n","protected":false},"excerpt":{"rendered":"Donald Trump a jug\u00e9 mercredi \u00e0 Davos que c&rsquo;\u00e9tait \u00e0 l&rsquo;Otan et \u00e0 l&rsquo;Europe de \u00ab\u00a0s&rsquo;occuper de l&rsquo;Ukraine\u00a0\u00bb&hellip;\n","protected":false},"author":2,"featured_media":680770,"comment_status":"","ping_status":"","sticky":false,"template":"","format":"standard","meta":{"footnotes":""},"categories":[1590],"tags":[1111,11,1921,75,73,1777,674,1922,12,136,220,77346,77345,133,1920,135,134],"class_list":{"0":"post-680769","1":"post","2":"type-post","3":"status-publish","4":"format-standard","5":"has-post-thumbnail","7":"category-ukraine","8":"tag-actu","9":"tag-actualites","10":"tag-article-video","11":"tag-donald-trump","12":"tag-etats-unis","13":"tag-eu","14":"tag-europe","15":"tag-info","16":"tag-news","17":"tag-otan","18":"tag-ukraine","19":"tag-ukraine-vers-une-5-annee-de-guerre","20":"tag-ukraine-russie-des-discussions-de-paix-sous-tension","21":"tag-video","22":"tag-video-international","23":"tag-vladimir-poutine","24":"tag-volodymyr-zelensky"},"share_on_mastodon":{"url":"https:\/\/pubeurope.com\/@fr\/115937366750215220","error":""},"_links":{"self":[{"href":"https:\/\/www.europesays.com\/fr\/wp-json\/wp\/v2\/posts\/680769","targetHints":{"allow":["GET"]}}],"collection":[{"href":"https:\/\/www.europesays.com\/fr\/wp-json\/wp\/v2\/posts"}],"about":[{"href":"https:\/\/www.europesays.com\/fr\/wp-json\/wp\/v2\/types\/post"}],"author":[{"embeddable":true,"href":"https:\/\/www.europesays.com\/fr\/wp-json\/wp\/v2\/users\/2"}],"replies":[{"embeddable":true,"href":"https:\/\/www.europesays.com\/fr\/wp-json\/wp\/v2\/comments?post=680769"}],"version-history":[{"count":0,"href":"https:\/\/www.europesays.com\/fr\/wp-json\/wp\/v2\/posts\/680769\/revisions"}],"wp:featuredmedia":[{"embeddable":true,"href":"https:\/\/www.europesays.com\/fr\/wp-json\/wp\/v2\/media\/680770"}],"wp:attachment":[{"href":"https:\/\/www.europesays.com\/fr\/wp-json\/wp\/v2\/media?parent=680769"}],"wp:term":[{"taxonomy":"category","embeddable":true,"href":"https:\/\/www.europesays.com\/fr\/wp-json\/wp\/v2\/categories?post=680769"},{"taxonomy":"post_tag","embeddable":true,"href":"https:\/\/www.europesays.com\/fr\/wp-json\/wp\/v2\/tags?post=680769"}],"curies":[{"name":"wp","href":"https:\/\/api.w.org\/{rel}","templated":true}]}}