{"id":680817,"date":"2026-01-22T07:12:11","date_gmt":"2026-01-22T07:12:11","guid":{"rendered":"https:\/\/www.europesays.com\/fr\/680817\/"},"modified":"2026-01-22T07:12:11","modified_gmt":"2026-01-22T07:12:11","slug":"yumi-beauty-ce-discret-fabricant-qui-travaille-pour-le-monde-entier","status":"publish","type":"post","link":"https:\/\/www.europesays.com\/fr\/680817\/","title":{"rendered":"Yumi Beauty, ce discret fabricant qui travaille pour le monde entier"},"content":{"rendered":"<p>En racontant son parcours, Laurence Loiselot-Roullier ironise un peu\u00a0: \u00ab Finalement, pour une modeste esth\u00e9ticienne qui faisait les ongles \u00e0 Saint-Etienne il y a 30 ans, je suis plut\u00f4t fi\u00e8re de mon parcours. Comme quoi, on peut d\u00e9velopper une entreprise en partant de peu, avec de la volont\u00e9 et de l\u2019engagement\u2026 Tout a commenc\u00e9 en 1989, j\u2019avais 19 ans et j\u2019ouvrais mon premier institut d\u2019esth\u00e9tique\u00a0\u00bb.<\/p>\n<p>70 pays, 12\u00a0000 instituts clients<\/p>\n<p>Pr\u00e8s de quatre d\u00e9cennies plus tard, elle ne fait plus elle-m\u00eame les ongles de ses clientes\u00a0: Laurence Loiselot-Roullier est en effet aujourd\u2019hui \u00e0 la t\u00eate d\u2019une PME familiale (avec son mari et leur fille) de 50 personnes, r\u00e9alisant un chiffre d\u2019affaires de 11\u00a0millions d\u2019euros (dont 60\u00a0% \u00e0 l\u2019international) intervenant sur tous les segments de la cosm\u00e9tique.<\/p>\n<p>Ses gammes (ongles, maquillage, soin des cils et sourcils, soin du visage,&#8230;<\/p>\n","protected":false},"excerpt":{"rendered":"En racontant son parcours, Laurence Loiselot-Roullier ironise un peu\u00a0: \u00ab Finalement, pour une modeste esth\u00e9ticienne qui faisait les&hellip;\n","protected":false},"author":2,"featured_media":680818,"comment_status":"","ping_status":"","sticky":false,"template":"","format":"standard","meta":{"footnotes":""},"categories":[9653],"tags":[1111,11,2430,33,7359,1777,674,107,1011,27,693,3367,12,25,4001,4604],"class_list":{"0":"post-680817","1":"post","2":"type-post","3":"status-publish","4":"format-standard","5":"has-post-thumbnail","7":"category-saint-etienne","8":"tag-actu","9":"tag-actualites","10":"tag-auvergne-rhone-alpes","11":"tag-economie","12":"tag-edition-loire-centre","13":"tag-eu","14":"tag-europe","15":"tag-fil-info","16":"tag-fr","17":"tag-france","18":"tag-industrie","19":"tag-loire","20":"tag-news","21":"tag-republique-francaise","22":"tag-saint-etienne","23":"tag-selection-abonne"},"share_on_mastodon":{"url":"https:\/\/pubeurope.com\/@fr\/115937512612542969","error":""},"_links":{"self":[{"href":"https:\/\/www.europesays.com\/fr\/wp-json\/wp\/v2\/posts\/680817","targetHints":{"allow":["GET"]}}],"collection":[{"href":"https:\/\/www.europesays.com\/fr\/wp-json\/wp\/v2\/posts"}],"about":[{"href":"https:\/\/www.europesays.com\/fr\/wp-json\/wp\/v2\/types\/post"}],"author":[{"embeddable":true,"href":"https:\/\/www.europesays.com\/fr\/wp-json\/wp\/v2\/users\/2"}],"replies":[{"embeddable":true,"href":"https:\/\/www.europesays.com\/fr\/wp-json\/wp\/v2\/comments?post=680817"}],"version-history":[{"count":0,"href":"https:\/\/www.europesays.com\/fr\/wp-json\/wp\/v2\/posts\/680817\/revisions"}],"wp:featuredmedia":[{"embeddable":true,"href":"https:\/\/www.europesays.com\/fr\/wp-json\/wp\/v2\/media\/680818"}],"wp:attachment":[{"href":"https:\/\/www.europesays.com\/fr\/wp-json\/wp\/v2\/media?parent=680817"}],"wp:term":[{"taxonomy":"category","embeddable":true,"href":"https:\/\/www.europesays.com\/fr\/wp-json\/wp\/v2\/categories?post=680817"},{"taxonomy":"post_tag","embeddable":true,"href":"https:\/\/www.europesays.com\/fr\/wp-json\/wp\/v2\/tags?post=680817"}],"curies":[{"name":"wp","href":"https:\/\/api.w.org\/{rel}","templated":true}]}}