{"id":680846,"date":"2026-01-22T07:31:18","date_gmt":"2026-01-22T07:31:18","guid":{"rendered":"https:\/\/www.europesays.com\/fr\/680846\/"},"modified":"2026-01-22T07:31:18","modified_gmt":"2026-01-22T07:31:18","slug":"united-airlines-relance-sa-liaison-directe-entre-nice-et-washington-d-c-pour-lete-2026","status":"publish","type":"post","link":"https:\/\/www.europesays.com\/fr\/680846\/","title":{"rendered":"United Airlines relance sa liaison directe entre Nice et Washington D.C. pour l\u2019\u00e9t\u00e9 2026"},"content":{"rendered":"<p>\t\t\t\t\t\t\t\t\t\tUnited Airlines relance sa liaison directe entre Nice et Washington D.C. pour l\u2019\u00e9t\u00e9 2026<\/p>\n<p><\/p>\n<p>\t\t\t\t\t\t\t\t\t\t\t\t<a href=\"https:\/\/www.europesays.com\/fr\/wp-content\/uploads\/2026\/01\/united-airlines-1-659x437.jpg\" class=\"lightbox-photo\" title=\"\"><img decoding=\"async\" src=\"https:\/\/www.europesays.com\/fr\/wp-content\/uploads\/2026\/01\/united-airlines-1-659x437.jpg\" alt=\"\" width=\"865\" style=\"width:865px;box-shadow: 0px 0px 10px 1px rgba(0,0,0,1);\"\/><\/a><\/p>\n<p>\t\t\t\t\t\t\t\t\t\t&#13;<br \/>\n\t\t\t\t\t\t\t\t\t\t&#13;<br \/>\n\t\t\t\t\t\t\t\t\t\t\t22 janvier 2026\u00a0\u00a0&#13;<br \/>\n\t\t\t\t\t\t\t\t\t\t\t&#13;<br \/>\n\t\t\t\t\t\t\t\t\t\t\t<a href=\"https:\/\/www.laquotidienne.fr\/author\/preibec\/\" title=\"Articles par R\u00e9daction\" rel=\"author noopener\" target=\"_blank\">R\u00e9daction<\/a>\u00a0\u00a0&#13;<br \/>\n\t\t\t\t\t\t\t\t\t\t\t&#13;<br \/>\n\t\t\t\t\t\t\t\t\t\t\t&#13;<br \/>\n\t\t\t\t\t\t\t\t\t\t\t<a href=\"#comments\" class=\"scrollTo item-meta-i\"><\/a><a href=\"https:\/\/www.laquotidienne.fr\/united-airlines-relance-sa-liaison-directe-entre-nice-et-washington-d-c-pour-lete-2026\/#respond\" target=\"_blank\" rel=\"noopener\">Aucun commentaire<\/a>\u00a0\u00a0&#13;<br \/>\n\t\t\t\t\t\t\t\t\t\t\t&#13;<br \/>\n\t\t\t\t\t\t\t\t\t\t\t<a href=\"https:\/\/www.laquotidienne.fr\/rubrique\/france\/\" rel=\"category tag noopener\" target=\"_blank\">France<\/a>\u00a0\u00a0&#13;<br \/>\n\t\t\t\t\t\t\t\t\t\t\t&#13;<br \/>\n\t\t\t\t\t\t\t\t\t\t\t\u00a0<a href=\"https:\/\/www.laquotidienne.fr\/tag\/gregoire-dutoit\/\" rel=\"tag noopener\" target=\"_blank\">Gr\u00e9goire Dutoit<\/a>, <a href=\"https:\/\/www.laquotidienne.fr\/tag\/nice\/\" rel=\"tag noopener\" target=\"_blank\">Nice<\/a>, <a href=\"https:\/\/www.laquotidienne.fr\/tag\/provence\/\" rel=\"tag noopener\" target=\"_blank\">Provence<\/a>, <a href=\"https:\/\/www.laquotidienne.fr\/tag\/united-airlines\/\" rel=\"tag noopener\" target=\"_blank\">United airlines<\/a>\u00a0\u00a0&#13;<br \/>\n\t\t\t\t\t\t\t\t\t\t\t&#13;<br \/>\n\t\t\t\t\t\t\t\t\t\t\t&#13;<br \/>\n\t\t\t\t\t\t\t\t\t\t\t&#13;<\/p>\n<p class=\"m_-5588828411983076469ob m_-5588828411983076469rb\"><strong>United Airlines reprendra sa liaison directe sans escale op\u00e9r\u00e9e quatre fois par semaine entre l\u2019a\u00e9roport Nice C\u00f4te d\u2019Azur et son hub de Washington D.C. pour l\u2019\u00e9t\u00e9 2026.<\/strong><\/p>\n<p><img decoding=\"async\" loading=\"lazy\" class=\"size-full wp-image-149786 alignleft\" src=\"https:\/\/www.europesays.com\/fr\/wp-content\/uploads\/2026\/01\/united-airlines.jpg\" alt=\"\" width=\"640\" height=\"469\"  \/>La compagnie sera la seule \u00e0 proposer un vol direct entre ces deux destinations.<\/p>\n<p>Avec le retour de cette desserte, combin\u00e9e \u00e0 l\u2019offre saisonni\u00e8re de vols sans escale entre Nice et New York\/Newark, United augmentera de plus de 33 % le nombre de si\u00e8ges offerts entre Nice et les Etats-Unis en 2026, par rapport \u00e0 2024.<\/p>\n<p class=\"m_-5588828411983076469ob m_-5588828411983076469rb\"> <img decoding=\"async\" loading=\"lazy\" class=\"size-full wp-image-86173 alignleft\" src=\"https:\/\/www.europesays.com\/fr\/wp-content\/uploads\/2026\/01\/1769067076_376_united-airlines.jpg\" alt=\"\" width=\"640\" height=\"420\"  \/>Les liaisons saisonni\u00e8res au d\u00e9part de Nice constituent un pilier du r\u00e9seau France de United, qui comprend des vols quotidiens \u00e0 l\u2019ann\u00e9e entre Paris-Charles de Gaulle 1 et les hubs de New York\/Newark, Washington\/Dulles et Chicago O\u2019Hare, ainsi qu\u2019une desserte op\u00e9r\u00e9e presque toute l\u2019ann\u00e9e entre Paris-Charles de Gaulle 1 et San Francisco.<\/p>\n<p class=\"m_-5588828411983076469ob m_-5588828411983076469rb\">\u00a0\u00ab Nous sommes ravis de revenir \u00e0 Nice pour la saison estivale 2026 \u00bb, d\u00e9clare Gr\u00e9goire Dutoit, Country Sales Manager France, United Airlines.<\/p>\n<p>\u00ab Nos vols directs vers les Etats-Unis offrent davantage de choix de voyage \u00e0 nos clients de Nice et de la C\u00f4te d\u2019Azur, qui b\u00e9n\u00e9ficient non seulement de liaisons sans escale vers New York\/Newark et Washington D.C., mais aussi de correspondances fluides via nos hubs vers plus de 90 destinations sur l\u2019ensemble du continent am\u00e9ricain. \u00bb<\/p>\n<p>\t\t\t\t\t\t\t\t\t\t\t<br clear=\"all\"\/><\/p>\n<p>\t\t\t\t\t\t\t\t\t\t\t&#13;<br \/>\n\t\t\t\t\t\t\t\t\t\t\t\t\t\t\t\t\t\t\t\t\t\t<a href=\"https:\/\/www.facebook.com\/sharer.php?u=https:\/\/www.laquotidienne.fr\/united-airlines-relance-sa-liaison-directe-entre-nice-et-washington-d-c-pour-lete-2026\/&amp;t=United Airlines relance sa liaison directe entre Nice et Washington D.C. pour l\u2019\u00e9t\u00e9 2026\" target=\"_blank\" class=\"item\" title=\"Partagez sur Facebook\" rel=\"noopener\"><img decoding=\"async\" src=\"https:\/\/www.europesays.com\/fr\/wp-content\/uploads\/2025\/04\/fb.jpg\" style=\"box-shadow:0px 0px 10px black;\"\/><\/a><br \/>&#13;<br \/>\n\t\t\t\t\t\t\t\t\t\t\t<a href=\"https:\/\/www.facebook.com\/sharer.php?u=https:\/\/www.laquotidienne.fr\/united-airlines-relance-sa-liaison-directe-entre-nice-et-washington-d-c-pour-lete-2026\/&amp;t=United Airlines relance sa liaison directe entre Nice et Washington D.C. pour l\u2019\u00e9t\u00e9 2026\" target=\"_blank\" class=\"item\" title=\"Partagez sur Facebook\" rel=\"noopener\"><img decoding=\"async\" src=\"https:\/\/www.europesays.com\/fr\/wp-content\/uploads\/2026\/01\/united-airlines-1-659x437-resizedFile55.jpg\" style=\"width:300px;\"\/><\/a>&#13;<\/p>\n<p>&#13;\n\t\t\t\t\t\t\t\t\t\t<\/p>\n","protected":false},"excerpt":{"rendered":"United Airlines relance sa liaison directe entre Nice et Washington D.C. pour l\u2019\u00e9t\u00e9 2026 &#13; &#13; 22 janvier&hellip;\n","protected":false},"author":2,"featured_media":680847,"comment_status":"","ping_status":"","sticky":false,"template":"","format":"standard","meta":{"footnotes":""},"categories":[2819],"tags":[1111,11,1777,674,1011,27,1031,4052,12,2401,4048,4050,882,1404,4049,25,4053,4051,602],"class_list":{"0":"post-680846","1":"post","2":"type-post","3":"status-publish","4":"format-standard","5":"has-post-thumbnail","7":"category-nice","8":"tag-actu","9":"tag-actualites","10":"tag-eu","11":"tag-europe","12":"tag-fr","13":"tag-france","14":"tag-magazine","15":"tag-magazine-touristique","16":"tag-news","17":"tag-nice","18":"tag-presse","19":"tag-presse-professionnelle","20":"tag-provence-alpes-cote-dazur","21":"tag-quotidien","22":"tag-quotidienne","23":"tag-republique-francaise","24":"tag-revue","25":"tag-revue-tourisme","26":"tag-tourisme"},"share_on_mastodon":{"url":"https:\/\/pubeurope.com\/@fr\/115937587203083750","error":""},"_links":{"self":[{"href":"https:\/\/www.europesays.com\/fr\/wp-json\/wp\/v2\/posts\/680846","targetHints":{"allow":["GET"]}}],"collection":[{"href":"https:\/\/www.europesays.com\/fr\/wp-json\/wp\/v2\/posts"}],"about":[{"href":"https:\/\/www.europesays.com\/fr\/wp-json\/wp\/v2\/types\/post"}],"author":[{"embeddable":true,"href":"https:\/\/www.europesays.com\/fr\/wp-json\/wp\/v2\/users\/2"}],"replies":[{"embeddable":true,"href":"https:\/\/www.europesays.com\/fr\/wp-json\/wp\/v2\/comments?post=680846"}],"version-history":[{"count":0,"href":"https:\/\/www.europesays.com\/fr\/wp-json\/wp\/v2\/posts\/680846\/revisions"}],"wp:featuredmedia":[{"embeddable":true,"href":"https:\/\/www.europesays.com\/fr\/wp-json\/wp\/v2\/media\/680847"}],"wp:attachment":[{"href":"https:\/\/www.europesays.com\/fr\/wp-json\/wp\/v2\/media?parent=680846"}],"wp:term":[{"taxonomy":"category","embeddable":true,"href":"https:\/\/www.europesays.com\/fr\/wp-json\/wp\/v2\/categories?post=680846"},{"taxonomy":"post_tag","embeddable":true,"href":"https:\/\/www.europesays.com\/fr\/wp-json\/wp\/v2\/tags?post=680846"}],"curies":[{"name":"wp","href":"https:\/\/api.w.org\/{rel}","templated":true}]}}