{"id":680885,"date":"2026-01-22T07:54:20","date_gmt":"2026-01-22T07:54:20","guid":{"rendered":"https:\/\/www.europesays.com\/fr\/680885\/"},"modified":"2026-01-22T07:54:20","modified_gmt":"2026-01-22T07:54:20","slug":"allemagne-une-bombe-aerienne-non-explosee-de-250-kg-trouvee-lors-de-travaux-non-loin-de-la-frontiere-belge","status":"publish","type":"post","link":"https:\/\/www.europesays.com\/fr\/680885\/","title":{"rendered":"Allemagne: une bombe a\u00e9rienne non explos\u00e9e de 250 kg trouv\u00e9e lors de travaux non loin de la fronti\u00e8re belge"},"content":{"rendered":"<p class=\"ap-StoryElement ap-StoryElement--mb ap-StoryText\">Plus de 80 ans apr\u00e8s la fin de la Seconde Guerre mondiale, il n&rsquo;est pas rare de d\u00e9couvrir des bombes datant de cette p\u00e9riode en Allemagne. La ville n&rsquo;a cependant pas pr\u00e9cis\u00e9 si cette bombe a\u00e9rienne de 250 kg \u00e9tait un vestige de ce conflit. Aix-la-Chapelle a toutefois \u00e9t\u00e9 lourdement bombard\u00e9e en 1944.<\/p>\n<p class=\"ap-StoryElement ap-StoryElement--mb ap-StoryText\">Le d\u00e9samor\u00e7age de la bombe \u00e9tait pr\u00e9vu jeudi. La ville a annonc\u00e9 l&rsquo;\u00e9vacuation d&rsquo;un p\u00e9rim\u00e8tre de 400 m\u00e8tres autour du lieu de la d\u00e9couverte \u00e0 partir de 09h00 (heure locale et belge). Environ 6.200 personnes sont concern\u00e9es. Des h\u00e9bergements d&rsquo;urgence ont \u00e9t\u00e9 mis en place pour les habitants.<\/p>\n","protected":false},"excerpt":{"rendered":"Plus de 80 ans apr\u00e8s la fin de la Seconde Guerre mondiale, il n&rsquo;est pas rare de d\u00e9couvrir&hellip;\n","protected":false},"author":2,"featured_media":680886,"comment_status":"","ping_status":"","sticky":false,"template":"","format":"standard","meta":{"footnotes":""},"categories":[1587],"tags":[11,672,1804,2120,1805,1803,1777,674,1801,937,12,1802],"class_list":{"0":"post-680885","1":"post","2":"type-post","3":"status-publish","4":"format-standard","5":"has-post-thumbnail","7":"category-allemagne","8":"tag-actualites","9":"tag-allemagne","10":"tag-bundesrepublik-deutschland","11":"tag-conflit","12":"tag-de","13":"tag-deutschland","14":"tag-eu","15":"tag-europe","16":"tag-germany","17":"tag-histoire","18":"tag-news","19":"tag-republique-federale-dallemagne"},"share_on_mastodon":{"url":"https:\/\/pubeurope.com\/@fr\/115937677686914605","error":""},"_links":{"self":[{"href":"https:\/\/www.europesays.com\/fr\/wp-json\/wp\/v2\/posts\/680885","targetHints":{"allow":["GET"]}}],"collection":[{"href":"https:\/\/www.europesays.com\/fr\/wp-json\/wp\/v2\/posts"}],"about":[{"href":"https:\/\/www.europesays.com\/fr\/wp-json\/wp\/v2\/types\/post"}],"author":[{"embeddable":true,"href":"https:\/\/www.europesays.com\/fr\/wp-json\/wp\/v2\/users\/2"}],"replies":[{"embeddable":true,"href":"https:\/\/www.europesays.com\/fr\/wp-json\/wp\/v2\/comments?post=680885"}],"version-history":[{"count":0,"href":"https:\/\/www.europesays.com\/fr\/wp-json\/wp\/v2\/posts\/680885\/revisions"}],"wp:featuredmedia":[{"embeddable":true,"href":"https:\/\/www.europesays.com\/fr\/wp-json\/wp\/v2\/media\/680886"}],"wp:attachment":[{"href":"https:\/\/www.europesays.com\/fr\/wp-json\/wp\/v2\/media?parent=680885"}],"wp:term":[{"taxonomy":"category","embeddable":true,"href":"https:\/\/www.europesays.com\/fr\/wp-json\/wp\/v2\/categories?post=680885"},{"taxonomy":"post_tag","embeddable":true,"href":"https:\/\/www.europesays.com\/fr\/wp-json\/wp\/v2\/tags?post=680885"}],"curies":[{"name":"wp","href":"https:\/\/api.w.org\/{rel}","templated":true}]}}