{"id":680910,"date":"2026-01-22T08:12:16","date_gmt":"2026-01-22T08:12:16","guid":{"rendered":"https:\/\/www.europesays.com\/fr\/680910\/"},"modified":"2026-01-22T08:12:16","modified_gmt":"2026-01-22T08:12:16","slug":"julien-courbet-annonce-la-deprogrammation-de-derniere-minute-de-son-emission-sur-m6","status":"publish","type":"post","link":"https:\/\/www.europesays.com\/fr\/680910\/","title":{"rendered":"Julien Courbet annonce la d\u00e9programmation de derni\u00e8re minute de son \u00e9mission sur M6"},"content":{"rendered":"<p>    Julien Courbet dans \u00ab On n\u2019est pas d\u2019accord\u00a0!\u00a0\u00bb<br \/>\n                Marie ETCHEGOYEN \/ M6<\/p>\n<p>\n    Mercredi soir, le num\u00e9ro in\u00e9dit du magazine \u00abOn n\u2019est pas d\u2019accord!\u00bb a \u00e9t\u00e9 remplac\u00e9 au tout dernier moment par une rediffusion. Explications.<\/p>\n<p class=\"fig-paragraph\">Lanc\u00e9e durant l\u2019\u00e9t\u00e9 2024 sur M6, l\u2019\u00e9mission\u00a0<a href=\"https:\/\/tvmag.lefigaro.fr\/programme-tv\/programme\/on-n-est-pas-d-accord-f710105964\" target=\"_blank\" rel=\"noopener\" data-gtm-custom-categorie=\"navigation\" data-gtm-custom-action=\"crossclick\" data-gtm-custom-label=\"Contextuel\" data-gtm-event=\"customEventSPE\"><strong>\u00ab On n\u2019est pas d\u2019accord\u00a0!\u00a0\u00bb<\/strong><\/a> \u00a0produite par Studio 89 tente de r\u00e9soudre des conflits, qu\u2019ils soient personnels ou professionnels. Tel un m\u00e9diateur, <strong>Julien Courbet<\/strong> r\u00e9unit les deux parties pour les \u00e9couter, les confronter et analyser, avec des experts, leur situation. \u00c0 l\u2019issue de ce protocole, soit une solution est trouv\u00e9e \u00e0 l\u2019amiable, soit l\u2019animateur se charge d\u2019estimer qui a raison et qui a tort.<\/p>\n<p class=\"fig-paragraph\">\u00ab Cette \u00e9mission est une nouvelle m\u00e9thode pour mettre un terme \u00e0 tous ces\u00a0<br \/>types de conflits. Ici, les gens qui s\u2019affrontent arrivent bloqu\u00e9s\u00a0: ils sont chacun persuad\u00e9s \u00e0 100% d\u2019avoir raison. Ils entrent dans ce huis clos, qu\u2019on a rarement vu en prime time, s\u00fbrs d\u2019\u00eatre dans leur bon droit\u2026 Et l\u00e0, je dois tout faire pour d\u00e9m\u00ealer le vrai du faux et r\u00e9ussir \u00e0 faire \u00e9clater la v\u00e9rit\u00e9\u00a0\u00bb, expliquait\u00a0<a href=\"http:\/\/tvmag.lefigaro.fr\/programme-tv\/audiences-tv\/audiences-lancement-faible-pour-on-n-est-pas-d-accord-le-nouveau-magazine-de-julien-courbet-sur-m6-20240822\" target=\"_blank\" data-fig-type=\"Article\" rel=\"noopener\" data-gtm-custom-categorie=\"navigation\" data-gtm-custom-action=\"crossclick\" data-gtm-custom-label=\"Contextuel\" data-gtm-event=\"customEventSPE\" data-fig-domain=\"TVMAG\">Julien Courbet<\/a>\u00a0lors du lancement du programme en ao\u00fbt 2024.<\/p>\n<p class=\"fig-body-link\">\n            \u00c0 lire aussi<br \/>\n        <a class=\"fig-body-link__link\" href=\"http:\/\/tvmag.lefigaro.fr\/programme-tv\/people\/j-ai-envie-d-y-croire-pour-les-soeurs-de-myriam-sakhri-remi-gaillard-raconte-son-appel-a-l-aide-a-julien-courbet-20260121\" target=\"_blank\" data-fig-type=\"Article\" rel=\"noopener\" data-gtm-custom-categorie=\"navigation\" data-gtm-custom-action=\"crossclick\" data-gtm-custom-label=\"Contextuel\" data-gtm-event=\"customEventSPE\" data-fig-domain=\"TVMAG\"><\/p>\n<p>        \u00abJ\u2019ai envie d\u2019y croire pour les s\u0153urs de Myriam Sakhri\u00bb\u00a0: R\u00e9mi Gaillard raconte son appel \u00e0 l\u2019aide \u00e0 Julien Courbet<br \/>\n    <\/a>\n<\/p>\n<p>                                                                <a class=\"fig-a11y-skip\" href=\"#fig-a11y-skip-main-inarticle\" data-module=\"a11y-skip\" data-context=\"was @visible\"><br \/>\n    Passer la publicit\u00e9<br \/>\n<\/a>            <\/p>\n<p>                                                                \u00ab On n\u2019est pas d\u2019accord\u00a0!\u00a0\u00bb d\u00e9programm\u00e9 pour \u00ab raisons juridiques\u00a0\u00bb<\/p>\n<p class=\"fig-paragraph\">Mercredi soir sur M6, le nouveau num\u00e9ro d\u2019 \u00ab On n\u2019est pas d\u2019accord\u00a0!\u00a0\u00bb devait pr\u00e9senter trois sujets in\u00e9dits\u00a0: Gabrielle et Jos\u00e9phine contre Jos\u00e9, l\u2019enfer sous les fen\u00eatres, Julien contre Bruno, douche froide et sang chaud ainsi que Doriane et Pedro contre Val\u00e9rie et Sylvain, danger au bout du jardin. Mais quelques minutes avant la diffusion,\u00a0<a href=\"http:\/\/tvmag.lefigaro.fr\/programme-tv\/actu-tele\/affaire-myriam-sakhri-l-appel-a-l-aide-de-remi-gaillard-a-julien-courbet-20260119\" target=\"_blank\" data-fig-type=\"Article\" rel=\"noopener\" data-gtm-custom-categorie=\"navigation\" data-gtm-custom-action=\"crossclick\" data-gtm-custom-label=\"Contextuel\" data-gtm-event=\"customEventSPE\" data-fig-domain=\"TVMAG\">Julien Courbet<\/a>\u00a0a r\u00e9v\u00e9l\u00e9 sur ses r\u00e9seaux sociaux la d\u00e9programmation de son \u00e9mission.<\/p>\n<p class=\"fig-paragraph\">\u00ab Mes chers amis, pour des raisons juridiques, l\u2019\u00e9mission in\u00e9dite de ce soir de \u201cOn n\u2019est pas d\u2019accord\u00a0!\u201d est remplac\u00e9e par une rediffusion (je n\u2019en sais pas plus ) que vous n\u2019aviez d\u2019ailleurs peut-\u00eatre pas vu. Je vous souhaite une bonne soir\u00e9e\u00a0\u00bb, a sobrement inform\u00e9 l\u2019animateur de M6. Une nouvelle qui a d\u00e9\u00e7u de nombreux t\u00e9l\u00e9spectateurs. \u00ab Je me disais bien que cette affreuse sensation de d\u00e9j\u00e0-vu \u00e9tait vraie \u00bb, a \u00e9crit l\u2019un d\u2019entre eux sur X en d\u00e9couvrant l\u2019\u00e9mission mercredi soir.<\/p>\n","protected":false},"excerpt":{"rendered":"Julien Courbet dans \u00ab On n\u2019est pas d\u2019accord\u00a0!\u00a0\u00bb Marie ETCHEGOYEN \/ M6 Mercredi soir, le num\u00e9ro in\u00e9dit du&hellip;\n","protected":false},"author":2,"featured_media":680911,"comment_status":"","ping_status":"","sticky":false,"template":"","format":"standard","meta":{"footnotes":""},"categories":[1356],"tags":[58,59,1011,27,10950,494,252,1364],"class_list":{"0":"post-680910","1":"post","2":"type-post","3":"status-publish","4":"format-standard","5":"has-post-thumbnail","7":"category-television","8":"tag-divertissement","9":"tag-entertainment","10":"tag-fr","11":"tag-france","12":"tag-julien-courbet","13":"tag-m6","14":"tag-television","15":"tag-tv"},"share_on_mastodon":{"url":"https:\/\/pubeurope.com\/@fr\/115937748171374700","error":""},"_links":{"self":[{"href":"https:\/\/www.europesays.com\/fr\/wp-json\/wp\/v2\/posts\/680910","targetHints":{"allow":["GET"]}}],"collection":[{"href":"https:\/\/www.europesays.com\/fr\/wp-json\/wp\/v2\/posts"}],"about":[{"href":"https:\/\/www.europesays.com\/fr\/wp-json\/wp\/v2\/types\/post"}],"author":[{"embeddable":true,"href":"https:\/\/www.europesays.com\/fr\/wp-json\/wp\/v2\/users\/2"}],"replies":[{"embeddable":true,"href":"https:\/\/www.europesays.com\/fr\/wp-json\/wp\/v2\/comments?post=680910"}],"version-history":[{"count":0,"href":"https:\/\/www.europesays.com\/fr\/wp-json\/wp\/v2\/posts\/680910\/revisions"}],"wp:featuredmedia":[{"embeddable":true,"href":"https:\/\/www.europesays.com\/fr\/wp-json\/wp\/v2\/media\/680911"}],"wp:attachment":[{"href":"https:\/\/www.europesays.com\/fr\/wp-json\/wp\/v2\/media?parent=680910"}],"wp:term":[{"taxonomy":"category","embeddable":true,"href":"https:\/\/www.europesays.com\/fr\/wp-json\/wp\/v2\/categories?post=680910"},{"taxonomy":"post_tag","embeddable":true,"href":"https:\/\/www.europesays.com\/fr\/wp-json\/wp\/v2\/tags?post=680910"}],"curies":[{"name":"wp","href":"https:\/\/api.w.org\/{rel}","templated":true}]}}