{"id":680920,"date":"2026-01-22T08:17:11","date_gmt":"2026-01-22T08:17:11","guid":{"rendered":"https:\/\/www.europesays.com\/fr\/680920\/"},"modified":"2026-01-22T08:17:11","modified_gmt":"2026-01-22T08:17:11","slug":"sa-maison-paradisiaque-au-cap-ferret","status":"publish","type":"post","link":"https:\/\/www.europesays.com\/fr\/680920\/","title":{"rendered":"sa maison paradisiaque au Cap Ferret"},"content":{"rendered":"<p>Lorsqu\u2019il s\u2019\u00e9loigne des plateaux de cin\u00e9ma, Gilles Lellouche<br \/>\ntrouve refuge loin du tumulte parisien, sur la presqu\u2019\u00eele du Cap<br \/>\nFerret. Un lieu qu\u2019il conna\u00eet intimement et qu\u2019il affectionne<br \/>\ndepuis longtemps, au point d\u2019y avoir acquis une maison de vacances<br \/>\npens\u00e9e comme un havre de calme. Une demeure discr\u00e8te, nich\u00e9e dans<br \/>\nla verdure, ouverte sur l\u2019oc\u00e9an Atlantique, fid\u00e8le \u00e0 une id\u00e9e tr\u00e8s<br \/>\npersonnelle du confort et de la simplicit\u00e9.<\/p>\n<p>Une maison au Cap Ferret, reflet du rythme de vie de Gilles<br \/>\nLellouche<\/p>\n<p>Avant d\u2019imposer son nom \u00e0 l\u2019affiche, l\u2019acteur s\u2019est construit<br \/>\npatiemment, encha\u00eenant les seconds r\u00f4les jusqu\u2019\u00e0 trouver une<br \/>\nreconnaissance massive au tournant des ann\u00e9es 2010. Beaucoup se<br \/>\nsouviennent encore de son interpr\u00e9tation d\u2019\u00c9ric dans Les Petits<br \/>\nMouchoirs, r\u00e9alis\u00e9 par Guillaume Canet. Le film, largement<br \/>\nancr\u00e9 dans les <strong>paysages du bassin d\u2019Arcachon<\/strong>,<br \/>\nr\u00e9v\u00e9lait un d\u00e9cor qui r\u00e9sonnait d\u00e9j\u00e0 avec la <a href=\"https:\/\/www.lejournaldelamaison.fr\/le-journal-de-la-maison\/reportages-maisons\/maisons-bord-de-mer\/gilles-lellouche-magnifique-maison-vacances-496713.html\" target=\"_blank\" rel=\"noopener\"><br \/>\nsensibilit\u00e9 de Gilles Lellouche<\/a>, \u00e0 la fois pudique, solaire et<br \/>\nprofond\u00e9ment <strong>attach\u00e9e aux lieux de partage<\/strong>.<\/p>\n<p>Depuis, sa trajectoire s\u2019est \u00e9largie. Acteur confirm\u00e9, il est<br \/>\naussi devenu r\u00e9alisateur, capable de rassembler un large public<br \/>\nautour de ses projets. En octobre 2024, il pr\u00e9sentait son nouveau<br \/>\nlong-m\u00e9trage, L\u2019Amour ouf, tout en poursuivant un rythme<br \/>\nde vie partag\u00e9 entre obligations professionnelles et <strong>besoin<br \/>\nde respiration<\/strong>. Lorsque les tourn\u00e9es promotionnelles<br \/>\ns\u2019ach\u00e8vent, c\u2019est souvent <strong>vers l\u2019Atlantique qu\u2019il se<br \/>\ntourne<\/strong>, retrouvant <a href=\"https:\/\/www.lejournaldelamaison.fr\/le-journal-de-la-maison\/reportages-maisons\/maisons-bord-de-mer\/laura-smet-retrouve-endroit-possible-petite-maison-cap-ferret-pres-mer-526818.html\" target=\"_blank\" rel=\"noopener\"><br \/>\ncette maison ferret-capienne<\/a> qui lui ressemble.<\/p>\n<p>Cette maison entour\u00e9e de v\u00e9g\u00e9tation ch\u00e8re \u00e0 Gilles<br \/>\nLellouche<\/p>\n<p>La <a href=\"https:\/\/www.lejournaldelamaison.fr\/le-journal-de-la-maison\/reportages-maisons\/maisons-bord-de-mer\/johnny-hallyday-refuge-secret-cap-ferret-deux-minutes-pied-mer-passait-vacances-avec-sylvie-vartan-533570.html\" target=\"_blank\" rel=\"noopener\"><br \/>\npropri\u00e9t\u00e9 qu\u2019il poss\u00e8de au Cap Ferret<\/a> s\u2019inscrit dans<br \/>\nl\u2019architecture locale. <strong>Bord\u00e9e de v\u00e9g\u00e9tation<\/strong>,<br \/>\nprot\u00e9g\u00e9e des regards, elle offre un acc\u00e8s direct \u00e0 un environnement<br \/>\nnaturel pr\u00e9serv\u00e9, face \u00e0 l\u2019oc\u00e9an. Ici, rien de d\u00e9monstratif. La<br \/>\nmaison privil\u00e9gie la lumi\u00e8re, <strong>l\u2019ouverture sur<br \/>\nl\u2019ext\u00e9rieur<\/strong> et une forme de sobri\u00e9t\u00e9 choisie. Un lieu<br \/>\ncon\u00e7u pour recevoir proches et amis, mais surtout pour ralentir,<br \/>\nloin des codes tapageurs parfois associ\u00e9s aux r\u00e9sidences de<br \/>\nc\u00e9l\u00e9brit\u00e9s.<\/p>\n<p>Cette enclave du littoral girondin n\u2019a pourtant rien d\u2019anonyme.<br \/>\nDe nombreuses <strong>personnalit\u00e9s y ont \u00e9lu domicile<\/strong>,<br \/>\nattir\u00e9es par l\u2019\u00e9quilibre fragile entre nature et discr\u00e9tion. Marion<br \/>\nCotillard et Guillaume Canet y poss\u00e9daient \u00e9galement une maison,<br \/>\n<a href=\"https:\/\/www.lejournaldelamaison.fr\/le-journal-de-la-maison\/reportages-maisons\/maisons-reportages-maisons\/cap-ferret-coin-paradis-prise-stars-517898.html\" target=\"_blank\" rel=\"noopener\"><br \/>\ntout comme Pascal Obispo<\/a>, qui n\u2019a jamais cach\u00e9 son attachement<br \/>\nau bassin d\u2019Arcachon, tout en alertant sur ses d\u00e9rives au micro<br \/>\nd\u00a0\u00bbEurope 1. \u00ab C&rsquo;est un endroit magnifique le bassin d&rsquo;Arcachon,<br \/>\nmais c&rsquo;est un enfer, je ne sors plus de chez moi [\u2026] Il va sans<br \/>\ndire que le Cap-Ferret, et plus g\u00e9n\u00e9ralement le bassin d&rsquo;Arcachon,<br \/>\nsont les <strong>victimes malheureuses du surtourisme<\/strong>. La<br \/>\ncirculation y est souvent difficile, et il en est de m\u00eame pour<br \/>\nl&rsquo;acc\u00e8s au logement. Les locaux ont de plus en plus de difficult\u00e9s<br \/>\n\u00e0 se loger \u00e0 l\u2019ann\u00e9e. \u00bb<\/p>\n<blockquote class=\"instagram-media\" style=\"background: #ffffff;border: 0;margin: 1px;width: 100%;padding: 0;max-width: 500px;\" data-instgrm-permalink=\"https:\/\/www.instagram.com\/p\/C-zPbhlsved\/\" data-instgrm-version=\"14\"\/><p>\nSa maison d\u2019enfance en Essonne, socle<br \/>\ndes valeurs de Gilles Lellouche<\/p>\n<p>Ce go\u00fbt pour les <strong>lieux simples et sinc\u00e8res<\/strong> ne<br \/>\ndoit rien au hasard. <a href=\"https:\/\/www.lejournaldelamaison.fr\/le-journal-de-la-maison\/reportages-maisons\/gilles-lellouche-maison-enfance-essonne-533846.html\" target=\"_blank\" rel=\"noopener\"><br \/>\nGilles Lellouche a grandi \u00e0 Savigny-sur-Orge<\/a>, en Essonne, dans<br \/>\nune maison familiale modeste, proche de l\u2019autoroute, o\u00f9 le bruit<br \/>\ndes voitures se m\u00ealait aux \u00e9clats de voix. Il en parle avec une<br \/>\n\u00e9motion intacte, <strong>\u00e9voquant une enfance anim\u00e9e<\/strong>,<br \/>\nprofond\u00e9ment ancr\u00e9e dans les liens familiaux. \u00ab J\u2019ai d&rsquo;abord<br \/>\nv\u00e9cu \u00e0 Savigny-sur-Orge. De la maison, pr\u00e8s de l&rsquo;autoroute, on<br \/>\nentendait le bruit des voitures \u00bb, confiait-il, avant<br \/>\nd\u2019ajouter : \u00ab C\u2019\u00e9tait joyeux, malgr\u00e9 tout. <strong>Maman \u00e9tait<br \/>\nsolaire<\/strong>, optimiste\u2026 \u00bb<\/p>\n<p>Aujourd\u2019hui encore, cette <strong>m\u00e9moire irrigue ses choix de<br \/>\nvie<\/strong>. \u00c0 Paris, il conserve un pied-\u00e0-terre dans le 5e<br \/>\narrondissement, un appartement sans ostentation, pens\u00e9 comme un<br \/>\nlieu de repli entre deux tournages. \u00ab <strong>Je vis<br \/>\nsimplement<\/strong> \u00bb, r\u00e9sume-t-il. Entre la capitale et le<br \/>\nCap Ferret, deux g\u00e9ographies oppos\u00e9es mais compl\u00e9mentaires,<br \/>\n<a href=\"https:\/\/www.lejournaldelamaison.fr\/le-journal-de-la-maison\/reportages-maisons\/maison-gilles-lellouche-fontainebleau-525204.html\" target=\"_blank\" rel=\"noopener\"><br \/>\nGilles Lellouche poursuit une m\u00eame qu\u00eate<\/a> : celle d\u2019un \u00e9quilibre<br \/>\nfid\u00e8le \u00e0 ses racines et \u00e0 une id\u00e9e tr\u00e8s personnelle de la<br \/>\nr\u00e9ussite.<\/p>\n<p><script async src=\"\/\/www.instagram.com\/embed.js\"><\/script><\/p>\n","protected":false},"excerpt":{"rendered":"Lorsqu\u2019il s\u2019\u00e9loigne des plateaux de cin\u00e9ma, Gilles Lellouche trouve refuge loin du tumulte parisien, sur la presqu\u2019\u00eele du&hellip;\n","protected":false},"author":2,"featured_media":680921,"comment_status":"","ping_status":"","sticky":false,"template":"","format":"standard","meta":{"footnotes":""},"categories":[8],"tags":[2865,3031,77850,30721,1805,58,21980,59,12219,71721,1011,27,7238,757,29204,77847,2142,77849,10649,77848,3356,27033,61737],"class_list":{"0":"post-680920","1":"post","2":"type-post","3":"status-publish","4":"format-standard","5":"has-post-thumbnail","7":"category-divertissement","8":"tag-atlantique","9":"tag-au","10":"tag-bordee","11":"tag-cap","12":"tag-de","13":"tag-divertissement","14":"tag-donnant","15":"tag-entertainment","16":"tag-et","17":"tag-ferret","18":"tag-fr","19":"tag-france","20":"tag-gilles","21":"tag-je","22":"tag-locean","23":"tag-lellouche","24":"tag-maison","25":"tag-paradisiaque","26":"tag-sa","27":"tag-simplement","28":"tag-sur","29":"tag-vegetation","30":"tag-vis"},"share_on_mastodon":{"url":"https:\/\/pubeurope.com\/@fr\/115937768387892010","error":""},"_links":{"self":[{"href":"https:\/\/www.europesays.com\/fr\/wp-json\/wp\/v2\/posts\/680920","targetHints":{"allow":["GET"]}}],"collection":[{"href":"https:\/\/www.europesays.com\/fr\/wp-json\/wp\/v2\/posts"}],"about":[{"href":"https:\/\/www.europesays.com\/fr\/wp-json\/wp\/v2\/types\/post"}],"author":[{"embeddable":true,"href":"https:\/\/www.europesays.com\/fr\/wp-json\/wp\/v2\/users\/2"}],"replies":[{"embeddable":true,"href":"https:\/\/www.europesays.com\/fr\/wp-json\/wp\/v2\/comments?post=680920"}],"version-history":[{"count":0,"href":"https:\/\/www.europesays.com\/fr\/wp-json\/wp\/v2\/posts\/680920\/revisions"}],"wp:featuredmedia":[{"embeddable":true,"href":"https:\/\/www.europesays.com\/fr\/wp-json\/wp\/v2\/media\/680921"}],"wp:attachment":[{"href":"https:\/\/www.europesays.com\/fr\/wp-json\/wp\/v2\/media?parent=680920"}],"wp:term":[{"taxonomy":"category","embeddable":true,"href":"https:\/\/www.europesays.com\/fr\/wp-json\/wp\/v2\/categories?post=680920"},{"taxonomy":"post_tag","embeddable":true,"href":"https:\/\/www.europesays.com\/fr\/wp-json\/wp\/v2\/tags?post=680920"}],"curies":[{"name":"wp","href":"https:\/\/api.w.org\/{rel}","templated":true}]}}