{"id":681043,"date":"2026-01-22T09:30:13","date_gmt":"2026-01-22T09:30:13","guid":{"rendered":"https:\/\/www.europesays.com\/fr\/681043\/"},"modified":"2026-01-22T09:30:13","modified_gmt":"2026-01-22T09:30:13","slug":"a-lassemblee-nationale-un-incident-diplomatique-entre-la-france-et-largentine-evite-grace-a-un-simple-bout-de-papier","status":"publish","type":"post","link":"https:\/\/www.europesays.com\/fr\/681043\/","title":{"rendered":"\u00c0 l\u2019Assembl\u00e9e nationale, un incident diplomatique entre la France et l\u2019Argentine \u00e9vit\u00e9 gr\u00e2ce \u00e0 un simple bout de papier"},"content":{"rendered":"<p>        <img decoding=\"async\" loading=\"lazy\" src=\"https:\/\/www.europesays.com\/fr\/wp-content\/uploads\/2026\/01\/4fc2b59_upload-1-3t0af5b1i10u-capture-d-ecran-2026-01-22-072808.png\"  width=\"728\" height=\"409\" alt=\"A l\u2019Assembl\u00e9e nationale, un incident diplomatique entre la France et l\u2019Argentine \u00e9vit\u00e9 gr\u00e2ce \u00e0 un simple bout de papier. L\u2019ambassadeur argentin en France, Ian Sielecki, a signal\u00e9 d\u00e8s l\u2019ouverture de l\u2019audition \u00ab\u00a0un petit probl\u00e8me (...) qui est en r\u00e9alit\u00e9 un grand probl\u00e8me pour mon pays\u00a0\u00bb.\"\/>   <\/p>\n<p>A l\u2019Assembl\u00e9e nationale, un incident diplomatique entre la France et l\u2019Argentine \u00e9vit\u00e9 gr\u00e2ce \u00e0 un simple bout de papier. L\u2019ambassadeur argentin en France, Ian Sielecki, a signal\u00e9 d\u00e8s l\u2019ouverture de l\u2019audition \u00ab\u00a0un petit probl\u00e8me (&#8230;) qui est en r\u00e9alit\u00e9 un grand probl\u00e8me pour mon pays\u00a0\u00bb.<\/p>\n<p class=\"asset asset-text\">Cachez cet affront qu\u2019il ne saurait voir. Un simple carr\u00e9 de papier jaune a permis de d\u00e9jouer mercredi 21\u00a0janvier un incident diplomatique \u00e0 l\u2019<a href=\"https:\/\/www.huffingtonpost.fr\/politique\/article\/les-republicains-inaudibles-car-divises-dans-la-sequence-du-budget-2026_259467.html\" target=\"_blank\" rel=\"noopener\">Assembl\u00e9e nationale<\/a>, o\u00f9 l\u2019ambassadeur <a href=\"https:\/\/www.huffingtonpost.fr\/international\/video\/en-argentine-cette-large-victoire-de-javier-milei-aux-legislatives-lui-offre-un-boulevard-pour-poursuivre-sa-politique_256440.html\" target=\"_blank\" rel=\"noopener\">d\u2019Argentine <\/a>refusait de commencer une audition devant des d\u00e9put\u00e9s avec, dans son dos, une carte repr\u00e9sentant <a href=\"https:\/\/www.huffingtonpost.fr\/international\/article\/david-cameron-aux-malouines-une-presence-et-des-propos-qui-mettent-les-gouverneurs-argentins-en-colere_230067.html\" target=\"_blank\" rel=\"noopener\">les \u00eeles Malouines comme un territoire britannique<\/a>.<\/p>\n<p class=\"asset asset-text\">Tout en remerciant la commission des Affaires \u00e9trang\u00e8res de l\u2019Assembl\u00e9e de le recevoir, l\u2019ambassadeur argentin en France, Ian Sielecki, a signal\u00e9 d\u00e8s l\u2019ouverture de l\u2019audition \u00ab\u00a0un petit probl\u00e8me (&#8230;) qui est en r\u00e9alit\u00e9 un grand probl\u00e8me pour mon pays\u00a0\u00bb.<\/p>\n<p class=\"asset asset-text\">\u00ab\u00a0Je viens de constater que je suis assis devant une carte qui montre les \u00eeles Malouines comme faisant partie du Royaume-Uni de Grande-Bretagne\u00a0\u00bb, a-t-il d\u00e9clar\u00e9, comme r\u00e9v\u00e9l\u00e9 par La Cha\u00eene parlementaire (LCP) dans une vid\u00e9o que vous pouvez voir ci-dessous.<\/p>\n<p> La lecture de ce contenu est susceptible d\u2019entra\u00eener un d\u00e9p\u00f4t de cookies de la part de l\u2019op\u00e9rateur tiers qui l\u2019h\u00e9berge. Compte-tenu des choix que vous avez exprim\u00e9s en mati\u00e8re de d\u00e9p\u00f4t de cookies, nous avons bloqu\u00e9 l\u2019affichage de ce contenu. Si vous souhaitez y acc\u00e9der, vous devez accepter la cat\u00e9gorie de cookies \u201cContenus tiers\u201d en cliquant sur le bouton ci-dessous. <\/p>\n<p> Lire la Vid\u00e9o        \u00ab\u00a0Atteinte \u00e0 la dignit\u00e9 de la nation argentine\u00a0\u00bb    <\/p>\n<p class=\"asset asset-text\">\u00ab\u00a0Je ne peux pas en tant que repr\u00e9sentant de l\u2019\u00c9tat argentin, parler librement devant cette carte. Cela revient \u00e0 l\u00e9gitimer une situation qui constitue une atteinte \u00e0 la <a href=\"https:\/\/www.huffingtonpost.fr\/actualites\/article\/malouines-sean-penn-denonce-le-colonialisme-britannique-video_1199.html\" target=\"_blank\" rel=\"noopener\">souverainet\u00e9 de mon pays<\/a>, \u00e0 la dignit\u00e9 de la nation argentine et une violation flagrante du droit international\u00a0\u00bb, a-t-il ajout\u00e9.<\/p>\n<p class=\"asset asset-text\">L\u2019ambassadeur a compar\u00e9 la situation au fait de demander \u00e0 l\u2019ambassadeur d\u2019Ukraine de s\u2019exprimer devant une carte montrant Louhansk ou la Crim\u00e9e comme faisant partie l\u00e9gitimement de la Russie.<\/p>\n<p class=\"asset asset-text\">\u00c0 sa demande, cette partie de la carte a \u00e9t\u00e9 masqu\u00e9e \u00e0 l\u2019aide\u2026 d\u2019un bout de papier jaune, permettant ainsi le d\u00e9but de l\u2019audition consacr\u00e9e \u00e0 son pays.<\/p>\n<p class=\"asset asset-text\">L\u2019archipel des Malouines, situ\u00e9 \u00e0 600 kilom\u00e8tres de la c\u00f4te patagonienne de l\u2019Argentine, a \u00e9t\u00e9 le th\u00e9\u00e2tre d\u2019une guerre entre l\u2019Argentine et le Royaume-Uni en 1982, qui a fait 649 morts argentins et 255 morts britanniques en 74 jours.<\/p>\n<p class=\"asset asset-text\">Depuis sa d\u00e9faite dans ce conflit, l\u2019Argentine continue de revendiquer la souverainet\u00e9 sur les \u00eeles.<\/p>\n","protected":false},"excerpt":{"rendered":"A l\u2019Assembl\u00e9e nationale, un incident diplomatique entre la France et l\u2019Argentine \u00e9vit\u00e9 gr\u00e2ce \u00e0 un simple bout de&hellip;\n","protected":false},"author":2,"featured_media":681044,"comment_status":"","ping_status":"","sticky":false,"template":"","format":"standard","meta":{"footnotes":""},"categories":[5],"tags":[11,6715,416,312,1011,27,14,12,316,28],"class_list":{"0":"post-681043","1":"post","2":"type-post","3":"status-publish","4":"format-standard","5":"has-post-thumbnail","7":"category-international","8":"tag-actualites","9":"tag-argentine","10":"tag-assemblee-nationale","11":"tag-diplomatie","12":"tag-fr","13":"tag-france","14":"tag-international","15":"tag-news","16":"tag-politique","17":"tag-world"},"share_on_mastodon":{"url":"https:\/\/pubeurope.com\/@fr\/115938055380037871","error":""},"_links":{"self":[{"href":"https:\/\/www.europesays.com\/fr\/wp-json\/wp\/v2\/posts\/681043","targetHints":{"allow":["GET"]}}],"collection":[{"href":"https:\/\/www.europesays.com\/fr\/wp-json\/wp\/v2\/posts"}],"about":[{"href":"https:\/\/www.europesays.com\/fr\/wp-json\/wp\/v2\/types\/post"}],"author":[{"embeddable":true,"href":"https:\/\/www.europesays.com\/fr\/wp-json\/wp\/v2\/users\/2"}],"replies":[{"embeddable":true,"href":"https:\/\/www.europesays.com\/fr\/wp-json\/wp\/v2\/comments?post=681043"}],"version-history":[{"count":0,"href":"https:\/\/www.europesays.com\/fr\/wp-json\/wp\/v2\/posts\/681043\/revisions"}],"wp:featuredmedia":[{"embeddable":true,"href":"https:\/\/www.europesays.com\/fr\/wp-json\/wp\/v2\/media\/681044"}],"wp:attachment":[{"href":"https:\/\/www.europesays.com\/fr\/wp-json\/wp\/v2\/media?parent=681043"}],"wp:term":[{"taxonomy":"category","embeddable":true,"href":"https:\/\/www.europesays.com\/fr\/wp-json\/wp\/v2\/categories?post=681043"},{"taxonomy":"post_tag","embeddable":true,"href":"https:\/\/www.europesays.com\/fr\/wp-json\/wp\/v2\/tags?post=681043"}],"curies":[{"name":"wp","href":"https:\/\/api.w.org\/{rel}","templated":true}]}}