{"id":68108,"date":"2025-05-02T00:39:09","date_gmt":"2025-05-02T00:39:09","guid":{"rendered":"https:\/\/www.europesays.com\/fr\/68108\/"},"modified":"2025-05-02T00:39:09","modified_gmt":"2025-05-02T00:39:09","slug":"la-remarque-choquante-dun-soignant-envers-une-famille-endeuillee","status":"publish","type":"post","link":"https:\/\/www.europesays.com\/fr\/68108\/","title":{"rendered":"la remarque choquante d&rsquo;un soignant envers une famille endeuill\u00e9e"},"content":{"rendered":"<p>            Par<br \/>\n        <strong><br \/>\n            <a href=\"https:\/\/actu.fr\/auteur\/ivan-capecchi\" title=\"Consulter tous les articles de Ivan CAPECCHI\" rel=\"nofollow noopener\" target=\"_blank\">Ivan CAPECCHI<\/a><br \/>\n        <\/strong><\/p>\n<p>        Publi\u00e9 le<\/p>\n<p>            1 mai 2025 \u00e0 17h50<br \/>\n        ; mis \u00e0 jour le 1 mai 2025 \u00e0 18h10    <\/p>\n<p>Lundi, dans les couloirs du <strong>Nouvel H\u00f4pital Civil (NHC) de Strasbourg<\/strong>, la famille endeuill\u00e9e par <a href=\"https:\/\/actu.fr\/grand-est\/brumath_67067\/trois-fillettes-decedees-dans-un-incendie-a-brumath-l-enquete-s-oriente-vers-une-piste-accidentelle_62571347.html\" rel=\"nofollow noopener\" target=\"_blank\">l\u2019incendie \u00e0 Brumath<\/a> qui a fait trois morts \u2013 <strong>trois filles \u00e2g\u00e9es de 6, 10 et 12 ans<\/strong> \u2013 s\u2019est vue adresser <strong>une remarque choquante<\/strong>, capt\u00e9e en vid\u00e9o.<\/p>\n<p class=\" wall-content\">\u00ab\u00a0<strong>Oh yeeeh, il y a une mosqu\u00e9e ici ou quoi ?<\/strong>\u00ab\u00a0, entend-on de la part d\u2019un <strong>homme v\u00eatu d\u2019une blouse de soignant<\/strong> selon les t\u00e9moins de la sc\u00e8ne, apr\u00e8s que des <strong>femmes voil\u00e9es<\/strong> sont pass\u00e9es devant lui.<\/p>\n<p class=\" wall-content\">\u00ab\u00a0Il y a un souci monsieur ? <strong>[Cette famille] a perdu trois enfants<\/strong>, comment tu parles ?\u00a0\u00bb, r\u00e9agit l\u2019auteur de la vid\u00e9o.<\/p>\n<p>    <a href=\"https:\/\/www.facebook.com\/plugins\/video.php?height=476&amp;href=https%3A%2F%2Fwww.facebook.com%2Feyup.sahin.35%2Fvideos%2F1715600062714243%2F&amp;show_text=true&amp;width=350&amp;t=0\" title=\"Ouvrie le lien\" rel=\"nofollow noopener\" target=\"_blank\">Cliquez ici pour visualiser le contenu<\/a><\/p>\n<p>\u00ab\u00a0Nous avons le droit au respect, surtout face \u00e0 la mort\u00a0\u00bb<\/p>\n<p class=\" wall-content\">\u00ab\u00a0<strong>M\u00eame dans le deuil, ils nous refusent la paix<\/strong>\u00ab\u00a0, constate pour sa part Eyup Sahin, le pr\u00e9sident du mouvement islamique turc <strong>Milli G\u00f6r\u00fcs<\/strong> dans l\u2019Est de la France, sur sa page Facebook. \u00ab\u00a0<strong>Ce n\u2019\u00e9tait pas de l\u2019humour. Pas de l\u2019ironie. C\u2019\u00e9tait une provocation<\/strong>. Une attaque claire, adress\u00e9e \u00e0 des personnes en deuil, \u00e0 cause de leur <a href=\"https:\/\/actu.fr\/tag\/religion\" rel=\"nofollow noopener\" target=\"_blank\">religion<\/a>\u00ab\u00a0, \u00e9crit-il, avant d\u2019ajouter :\u00a0<\/p>\n<p>Vid\u00e9os : en ce moment sur Actu<\/p>\n<blockquote class=\"ac-article-quote wall-content\">\n<p>Ce message n\u2019est pas une attaque contre l\u2019h\u00f4pital. Nous avons vu des soignants humains, respectueux. Mais nous ne pouvons plus garder le silence quand, m\u00eame dans le deuil, certains se croient autoris\u00e9s \u00e0 rabaisser, humilier, m\u00e9priser. Nous sommes musulmans. Nous sommes fran\u00e7ais. Et nous avons le droit au respect, surtout face \u00e0 la mort.\n<\/p>\n<p>    <strong>Eyup Sahin<\/strong><br \/>\n        Pr\u00e9sident du mouvement islamique turc Milli G\u00f6r\u00fcs dans l&rsquo;Est de la France    <\/p><\/blockquote>\n<p>L\u2019homme filmait le trajet jusqu\u2019\u00e0 la morgue<\/p>\n<p class=\" wall-content\">Joint par nos soins, M. Sahin pr\u00e9cise que la personne \u00e9tait en train de filmer pour \u00ab\u00a0envoyer au reste des membres de la famille le trajet jusqu\u2019\u00e0 la morgue, afin d\u2019\u00e9viter qu\u2019ils se perdent\u00a0\u00bb.<\/p>\n<p class=\" wall-content\">Toujours selon M. Sahin, il s\u2019agit d\u2019un des oncles des petites filles.<\/p>\n<p>La direction des HUS \u00ab\u00a0condamne fermement ces paroles\u00a0\u00bb<\/p>\n<p class=\" wall-content\">Sollicit\u00e9e par nos soins, la direction des H\u00f4pitaux universitaires de Strasbourg (HUS) d\u00e9clare \u00ab\u00a0<strong>condamner fermement ces paroles<\/strong> et tient \u00e0 <strong>exprimer ses plus sinc\u00e8res excuses \u00e0 la famille concern\u00e9e<\/strong> ainsi qu\u2019\u00e0 toutes les personnes qui ont pu \u00eatre bless\u00e9es par ces propos\u00a0\u00bb. \u00ab\u00a0\u00a0\u00bbNous adressons \u00e0 nouveau <strong>nos plus sinc\u00e8res condol\u00e9ances \u00e0 la famille<\/strong> en cette p\u00e9riode difficile\u00a0\u00bb, insiste l\u2019H\u00f4pital.<\/p>\n<p class=\" wall-content\">L\u2019\u00e9tablissement ajoute : \u00ab\u00a0<strong>Une enqu\u00eate administrative interne est en cours<\/strong> depuis hier soir pour faire toute la lumi\u00e8re sur les circonstances entourant cet incident. Nous prendrons l\u2019ensemble des mesures n\u00e9cessaires, y compris un <strong>signalement aupr\u00e8s de la procureure de la R\u00e9publique<\/strong>\u00ab\u00a0.<\/p>\n<p>3 morts dans un incendie \u00e0 Brumath<\/p>\n<p class=\" wall-content\">Samedi 26 avril, un <strong>incendie dans une maison \u00e0 Brumath (Bas-Rhin) a fait trois morts<\/strong> : deux filles de 10 et 12 ans, le jour du drame, et une troisi\u00e8me, \u00e2g\u00e9e de 6 ans, d\u00e9c\u00e9d\u00e9e des suites de ses blessures.<\/p>\n<p class=\" wall-content\">\u00ab\u00a0Les premi\u00e8res investigations orientent vers une <strong>piste accidentelle<\/strong> mais l\u2019enqu\u00eate n\u2019est pas achev\u00e9e\u00a0\u00bb, indiquait \u00e0 Actu Strasbourg, Clarisse Taron, procureure de la R\u00e9publique de Strasbourg, quelques jours apr\u00e8s le drame.<\/p>\n<p class=\" wall-content\">Une\u00a0<a href=\"https:\/\/www.leetchi.com\/fr\/c\/famille-en-deuils-1158111?utm_source=native&amp;utm_medium=social_sharing\" rel=\"nofollow noopener\" target=\"_blank\">cagnotte en ligne a \u00e9t\u00e9 ouverte<\/a>\u00a0pour venir en aide \u00e0 la famille.<\/p>\n<p class=\" wall-content\">Suivez toute l\u2019actualit\u00e9 de vos villes et m\u00e9dias favoris en vous inscrivant \u00e0 <a href=\"https:\/\/moncompte.actu.fr\" title=\"D\u00e9couvez Mon Actu\" rel=\"nofollow noopener\" data-trk=\"{&quot;cta&quot;:{&quot;action&quot;:&quot;https:\\\/\\\/moncompte.actu.fr&quot;,&quot;category&quot;:&quot;mon compte&quot;,&quot;from&quot;:&quot;article footer&quot;,&quot;name&quot;:&quot;Mon actu&quot;,&quot;type&quot;:&quot;cta&quot;}}\" target=\"_blank\">Mon Actu<\/a>.<\/p>\n<ul class=\"ac-article-tag wall-content\">\n<li><a href=\"https:\/\/actu.fr\/tag\/nouvel-hopital-civil-nhc\" data-trk=\"{&quot;cta&quot;:{&quot;action&quot;:&quot;Nouvel H\\u00f4pital Civil (NHC)&quot;,&quot;category&quot;:&quot;tag&quot;,&quot;from&quot;:&quot;article footer&quot;,&quot;name&quot;:&quot;Nouvel H\\u00f4pital Civil (NHC)&quot;,&quot;type&quot;:&quot;cta&quot;}}\" rel=\"nofollow noopener\" target=\"_blank\">#Nouvel H\u00f4pital Civil (NHC)<\/a><\/li>\n<li><a href=\"https:\/\/actu.fr\/tag\/religion\" data-trk=\"{&quot;cta&quot;:{&quot;action&quot;:&quot;Religion&quot;,&quot;category&quot;:&quot;tag&quot;,&quot;from&quot;:&quot;article footer&quot;,&quot;name&quot;:&quot;Religion&quot;,&quot;type&quot;:&quot;cta&quot;}}\" rel=\"nofollow noopener\" target=\"_blank\">#Religion<\/a><\/li>\n<\/ul>\n","protected":false},"excerpt":{"rendered":"Par Ivan CAPECCHI Publi\u00e9 le 1 mai 2025 \u00e0 17h50 ; mis \u00e0 jour le 1 mai 2025&hellip;\n","protected":false},"author":2,"featured_media":68109,"comment_status":"","ping_status":"","sticky":false,"template":"","format":"standard","meta":{"footnotes":""},"categories":[2820],"tags":[1111,11,1777,674,118,1011,27,775,12,16976,4020,25,640],"class_list":{"0":"post-68108","1":"post","2":"type-post","3":"status-publish","4":"format-standard","5":"has-post-thumbnail","7":"category-strasbourg","8":"tag-actu","9":"tag-actualites","10":"tag-eu","11":"tag-europe","12":"tag-faits-divers","13":"tag-fr","14":"tag-france","15":"tag-grand-est","16":"tag-news","17":"tag-nouvel-hopital-civil-nhc","18":"tag-religion","19":"tag-republique-francaise","20":"tag-strasbourg"},"share_on_mastodon":{"url":"https:\/\/pubeurope.com\/@fr\/114435454692723734","error":""},"_links":{"self":[{"href":"https:\/\/www.europesays.com\/fr\/wp-json\/wp\/v2\/posts\/68108","targetHints":{"allow":["GET"]}}],"collection":[{"href":"https:\/\/www.europesays.com\/fr\/wp-json\/wp\/v2\/posts"}],"about":[{"href":"https:\/\/www.europesays.com\/fr\/wp-json\/wp\/v2\/types\/post"}],"author":[{"embeddable":true,"href":"https:\/\/www.europesays.com\/fr\/wp-json\/wp\/v2\/users\/2"}],"replies":[{"embeddable":true,"href":"https:\/\/www.europesays.com\/fr\/wp-json\/wp\/v2\/comments?post=68108"}],"version-history":[{"count":0,"href":"https:\/\/www.europesays.com\/fr\/wp-json\/wp\/v2\/posts\/68108\/revisions"}],"wp:featuredmedia":[{"embeddable":true,"href":"https:\/\/www.europesays.com\/fr\/wp-json\/wp\/v2\/media\/68109"}],"wp:attachment":[{"href":"https:\/\/www.europesays.com\/fr\/wp-json\/wp\/v2\/media?parent=68108"}],"wp:term":[{"taxonomy":"category","embeddable":true,"href":"https:\/\/www.europesays.com\/fr\/wp-json\/wp\/v2\/categories?post=68108"},{"taxonomy":"post_tag","embeddable":true,"href":"https:\/\/www.europesays.com\/fr\/wp-json\/wp\/v2\/tags?post=68108"}],"curies":[{"name":"wp","href":"https:\/\/api.w.org\/{rel}","templated":true}]}}