{"id":681084,"date":"2026-01-22T09:51:12","date_gmt":"2026-01-22T09:51:12","guid":{"rendered":"https:\/\/www.europesays.com\/fr\/681084\/"},"modified":"2026-01-22T09:51:12","modified_gmt":"2026-01-22T09:51:12","slug":"le-zigzag-du-depute-lfi-andy-kerbrat-sur-le-nouveau-chu","status":"publish","type":"post","link":"https:\/\/www.europesays.com\/fr\/681084\/","title":{"rendered":"Le zigzag du d\u00e9put\u00e9 LFI Andy Kerbrat sur le nouveau CHU"},"content":{"rendered":"<p><b>Le d\u00e9put\u00e9 LFI a particip\u00e9 en 2023 \u00e0 une c\u00e9r\u00e9monie officielle sur le chantier du nouveau CHU, sur l&rsquo;\u00eele de Nantes, semant un trouble qui ne se dissipe toujours pas. L\u2019insoumis (re)dit pourtant \u00e0 Mediacit\u00e9s qu\u2019il est oppos\u00e9 au projet.<\/b><\/p>\n<p>Au sein du microcosme politique nantais, la sc\u00e8ne a sem\u00e9 un trouble qui ne se dissipe toujours pas aujourd\u2019hui. Il y a deux ans et demi, le 7 juillet 2023, se tenait une c\u00e9r\u00e9monie officielle sur le chantier pharaonique du nouveau CHU, sur l\u2019\u00eele de Nantes. Andy Kerbrat, d\u00e9put\u00e9 insoumis, y \u00e9tait pr\u00e9sent sur sc\u00e8ne. Pourtant LFI comme toute la gauche radicale, mais \u00e9galement la minorit\u00e9 municipale de droite, s\u2019oppose depuis l\u2019origine au d\u00e9m\u00e9nagement. Celui\u2010ci doit avoir lieu au second semestre 2027, apr\u00e8s 1,25 milliard d\u2019euros de travaux investis (pour l\u2019heure), contre 630 millions d\u2019euros pr\u00e9vus \u00e0 l\u2019origine.\u00a0\u00a0 <\/p>\n<p>Nous vous offrons l\u2019acc\u00e8s \u00e0 cet article<\/p>\n<p>Et \u00e0 toutes nos enqu\u00eates pendant deux jours\u00a0\u00a0! <br \/>Oui, on est g\u00e9n\u00e9reux \ud83d\ude09 Mais pensez aussi \u00e0 <a href=\"https:\/\/www.mediacites.fr\/sabonner\/\" target=\"_blank\" style=\"color:#fff\" rel=\"noopener\">vous abonner<\/a>\u00a0\u00a0!<\/p>\n<p>\t\tEn renseignant votre adresse, vous acceptez nos <a href=\"https:\/\/www.mediacites.fr\/conditions-generales-d-utilisation\/\" target=\"_blank\" rel=\"noopener\">conditions g\u00e9n\u00e9rales d\u2019utilisation<\/a>. <br \/>Mediacit\u00e9s s\u2019engage \u00e0 ne pas c\u00e9der votre adresse \u00e0 des tiers. En cas d\u2019\u00e9chec, \u00e9crivez \u00e0 <a href=\"https:\/\/www.mediacites.fr\/breve\/nantes\/2026\/01\/22\/soutien-officiel-et-opposition-le-zigzag-du-depute-lfi-andy-kerbrat-sur-le-chu\/mailto:contact@mediacites.fr\" target=\"_blank\" rel=\"noopener\">contact@mediacites.fr<\/a><\/p>\n<ul>\n<li>J\u2019acc\u00e8de aux 4 \u00e9ditions de Mediacit\u00e9s (Lille, Lyon, Nantes et Toulouse)<\/li>\n<li>Je d\u00e9couvre un m\u00e9dia 100 % ind\u00e9pendant, avec 0 % de publicit\u00e9<\/li>\n<\/ul>\n<p>Envie de lire la\u00a0suite\u202f?<\/p>\n<p>Depuis neuf ans, Mediacit\u00e9s enqu\u00eate en toute ind\u00e9pendance dans votre ville. Gr\u00e2ce \u00e0 ses lecteurs\u202f! Abonnez\u2010vous pour ne rien manquer de nos enqu\u00eates, suivre les \u00e9lections municipales et soutenir un journal local d\u2019investigation.<\/p>\n<ul>\n<li>Acc\u00e8s aux 4 \u00e9ditions de Mediacit\u00e9s (Lille, Lyon, Nantes et Toulouse)<\/li>\n<li>100 % ind\u00e9pendant, avec 0 % de publicit\u00e9<\/li>\n<li>R\u00e9siliation facile \u00e0 tout moment<\/li>\n<\/ul>\n<p>Mediacit\u00e9s offre l\u2019acc\u00e8s \u00e0 cet article aux lecteurs de News2Com<\/p>\n<p>Et \u00e0 toutes nos enqu\u00eates pendant deux jours\u00a0\u00a0! <br \/>Oui, on est g\u00e9n\u00e9reux \ud83d\ude09 Mais pensez aussi \u00e0 <a href=\"https:\/\/www.mediacites.fr\/sabonner\/\" target=\"_blank\" style=\"color:#fff\" rel=\"noopener\">vous abonner<\/a>\u00a0\u00a0!<\/p>\n<p>\t\tEn renseignant votre adresse, vous acceptez nos <a href=\"https:\/\/www.mediacites.fr\/conditions-generales-d-utilisation\/\" target=\"_blank\" rel=\"noopener\">conditions g\u00e9n\u00e9rales d\u2019utilisation<\/a>. <br \/>Mediacit\u00e9s s\u2019engage \u00e0 ne pas c\u00e9der votre adresse \u00e0 des tiers. En cas d\u2019\u00e9chec, \u00e9crivez \u00e0 <a href=\"https:\/\/www.mediacites.fr\/breve\/nantes\/2026\/01\/22\/soutien-officiel-et-opposition-le-zigzag-du-depute-lfi-andy-kerbrat-sur-le-chu\/mailto:contact@mediacites.fr\" target=\"_blank\" rel=\"noopener\">contact@mediacites.fr<\/a><\/p>\n<ul>\n<li>J\u2019acc\u00e8de aux 4 \u00e9ditions de Mediacit\u00e9s (Lille, Lyon, Nantes et Toulouse)<\/li>\n<li>Je d\u00e9couvre un m\u00e9dia 100 % ind\u00e9pendant, avec 0 % de publicit\u00e9<\/li>\n<\/ul>\n","protected":false},"excerpt":{"rendered":"Le d\u00e9put\u00e9 LFI a particip\u00e9 en 2023 \u00e0 une c\u00e9r\u00e9monie officielle sur le chantier du nouveau CHU, sur&hellip;\n","protected":false},"author":2,"featured_media":681085,"comment_status":"","ping_status":"","sticky":false,"template":"","format":"standard","meta":{"footnotes":""},"categories":[2818],"tags":[1111,11,38936,4150,4107,28457,7426,2761,1777,674,61659,28287,1011,27,2642,31899,6947,6945,51816,780,3434,766,12,77855,2636,25],"class_list":{"0":"post-681084","1":"post","2":"type-post","3":"status-publish","4":"format-standard","5":"has-post-thumbnail","7":"category-nantes","8":"tag-actu","9":"tag-actualites","10":"tag-andy-kerbrat","11":"tag-ceremonie","12":"tag-chantier","13":"tag-christelle-morancais","14":"tag-chu-de-nantes","15":"tag-elections-municipales-2026","16":"tag-eu","17":"tag-europe","18":"tag-fabrice","19":"tag-fabrice-rigoulet-roze","20":"tag-fr","21":"tag-france","22":"tag-ile-de-nantes","23":"tag-insoumis","24":"tag-jean-marc-ayrault","25":"tag-johanna-rolland","26":"tag-loeil-de-mediacites","27":"tag-lfi","28":"tag-municipales-2026","29":"tag-nantes","30":"tag-news","31":"tag-nouveau-chu","32":"tag-pays-de-la-loire","33":"tag-republique-francaise"},"share_on_mastodon":{"url":"https:\/\/pubeurope.com\/@fr\/115938137519338059","error":""},"_links":{"self":[{"href":"https:\/\/www.europesays.com\/fr\/wp-json\/wp\/v2\/posts\/681084","targetHints":{"allow":["GET"]}}],"collection":[{"href":"https:\/\/www.europesays.com\/fr\/wp-json\/wp\/v2\/posts"}],"about":[{"href":"https:\/\/www.europesays.com\/fr\/wp-json\/wp\/v2\/types\/post"}],"author":[{"embeddable":true,"href":"https:\/\/www.europesays.com\/fr\/wp-json\/wp\/v2\/users\/2"}],"replies":[{"embeddable":true,"href":"https:\/\/www.europesays.com\/fr\/wp-json\/wp\/v2\/comments?post=681084"}],"version-history":[{"count":0,"href":"https:\/\/www.europesays.com\/fr\/wp-json\/wp\/v2\/posts\/681084\/revisions"}],"wp:featuredmedia":[{"embeddable":true,"href":"https:\/\/www.europesays.com\/fr\/wp-json\/wp\/v2\/media\/681085"}],"wp:attachment":[{"href":"https:\/\/www.europesays.com\/fr\/wp-json\/wp\/v2\/media?parent=681084"}],"wp:term":[{"taxonomy":"category","embeddable":true,"href":"https:\/\/www.europesays.com\/fr\/wp-json\/wp\/v2\/categories?post=681084"},{"taxonomy":"post_tag","embeddable":true,"href":"https:\/\/www.europesays.com\/fr\/wp-json\/wp\/v2\/tags?post=681084"}],"curies":[{"name":"wp","href":"https:\/\/api.w.org\/{rel}","templated":true}]}}