{"id":681101,"date":"2026-01-22T10:00:17","date_gmt":"2026-01-22T10:00:17","guid":{"rendered":"https:\/\/www.europesays.com\/fr\/681101\/"},"modified":"2026-01-22T10:00:17","modified_gmt":"2026-01-22T10:00:17","slug":"narcotrafic-et-tirs-sur-ses-locaux-a-marseille-orange-deplace-300-salaries-gnt-dans-les-medias-presse","status":"publish","type":"post","link":"https:\/\/www.europesays.com\/fr\/681101\/","title":{"rendered":"Narcotrafic et tirs sur ses locaux \u00e0 Marseille : Orange d\u00e9place 300 salari\u00e9s &#8211; GNT | Dans les m\u00e9dias | Presse"},"content":{"rendered":"<p class=\"uk-margin-small-top uk-margin-remove-bottom uk-article-meta\">\n                R\u00e9dig\u00e9 par St\u00e9phanie CRESPIN le 22 janvier 2026.                Publi\u00e9 dans <a href=\"https:\/\/www.cfecgc-orange.org\/revue-de-presse\/\" target=\"_blank\" rel=\"noopener\">Dans les m\u00e9dias<\/a>.            <\/p>\n<p>\t\t\t\t        \t\t\t\t            <strong><img loading=\"lazy\" decoding=\"async\" src=\"https:\/\/www.europesays.com\/fr\/wp-content\/uploads\/2026\/01\/logotrainee.jpg\" alt=\"logotrainee\" width=\"605\" height=\"328\"\/><\/strong><br \/>\n<strong>Confront\u00e9 \u00e0 une ins\u00e9curit\u00e9 grandissante et \u00e0 la d\u00e9couverte d&rsquo;impacts de balles sur son site de Saint-Mauront, l&rsquo;op\u00e9rateur Orange a annonc\u00e9 le d\u00e9m\u00e9nagement de 300 de ses salari\u00e9s \u00e0 Marseille. Une d\u00e9cision forte qui soul\u00e8ve la question de l&#8217;emprise du narcotrafic sur certains quartiers de la ville.<\/strong><\/p>\n<p>La nouvelle est tomb\u00e9e ce lundi 19 janvier : face \u00e0 une situation devenue intenable, le groupe Orange a <strong>tranch\u00e9<\/strong>. <strong>300 salari\u00e9s<\/strong> du site de Saint-Mauront, dans le 3e arrondissement marseillais, vont quitter leurs bureaux.<br \/>[&#8230;]<br \/>La r\u00e9organisation concerne sp\u00e9cifiquement les 300 <strong>salari\u00e9s dits \u00ab\u00a0du tertiaire\u00a0\u00bb<\/strong>. Plusieurs options leur sont propos\u00e9es pour continuer leur activit\u00e9 dans de <strong>meilleures conditions<\/strong>. L&rsquo;op\u00e9rateur leur offre le choix entre rejoindre d&rsquo;autres sites du groupe, s&rsquo;installer dans des espaces de co-working, ou opter pour le t\u00e9l\u00e9travail. C&rsquo;est une r\u00e9ponse directe aux <strong>demandes r\u00e9p\u00e9t\u00e9es des syndicats<\/strong> qui alertaient sur la situation depuis des mois.<br \/>[&#8230;]<br \/>Environ 200 techniciens, dont la pr\u00e9sence sur le site de Saint-Mauront est <strong>indispensable<\/strong> pour des raisons techniques, devront continuer \u00e0 s&rsquo;y rendre. Pour eux, un \u00ab\u00a0dispositif de <strong>s\u00e9curit\u00e9<\/strong> adapt\u00e9\u00a0\u00bb a \u00e9t\u00e9 promis. Selon le d\u00e9l\u00e9gu\u00e9 CFE-CGC S\u00e9bastien Crozier, la plupart viennent en voiture et travaillent en sous-sol, ce qui \u00ab\u00a0<strong>minimise les risques<\/strong>\u00a0\u00bb d&rsquo;exposition.<br \/>[&#8230;]<br \/><strong>Lire l&rsquo;article complet sur <a href=\"https:\/\/www.generation-nt.com\/actualites\/orange-marseille-securite-narcotrafic-demenagement-salaries-2069280\" target=\"_blank\" rel=\"noopener\">GNT<\/a>\u00a0&#8211;\u00a0 Mathieu M &#8211; 20\/01\/2026<\/strong><\/p>\n<p>\u00a0<\/p>\n<p>\t\t\t\t\t\t\t\t\t\t\t\t<a href=\"https:\/\/www.cfecgc-orange.org\/tag\/key-cit-conditions.html\" class=\"my-tag\" property=\"keywords\" target=\"_blank\" rel=\"noopener\">Conditions de Travail et Sant\u00e9<\/a><br \/>\n\t\t\t\t\t\t\t\t\t\t\t\t\t\t<a href=\"https:\/\/www.cfecgc-orange.org\/tag\/key-do-gse.html\" class=\"my-tag\" property=\"keywords\" target=\"_blank\" rel=\"noopener\">DO Grand Sud-Est<\/a>\n\t\t\t<\/p>\n","protected":false},"excerpt":{"rendered":"R\u00e9dig\u00e9 par St\u00e9phanie CRESPIN le 22 janvier 2026. Publi\u00e9 dans Dans les m\u00e9dias. Confront\u00e9 \u00e0 une ins\u00e9curit\u00e9 grandissante&hellip;\n","protected":false},"author":2,"featured_media":681102,"comment_status":"","ping_status":"","sticky":false,"template":"","format":"standard","meta":{"footnotes":""},"categories":[2814],"tags":[1111,11,33781,68592,32577,68593,68594,68597,32581,1777,674,6248,1011,27,964,68595,68596,884,12,68598,738,882,25,68599,34263,68590,68591,11564],"class_list":{"0":"post-681101","1":"post","2":"type-post","3":"status-publish","4":"format-standard","5":"has-post-thumbnail","7":"category-marseille","8":"tag-actu","9":"tag-actualites","10":"tag-cadre","11":"tag-cfe","12":"tag-cfe-cgc","13":"tag-cfecgc","14":"tag-cgc","15":"tag-droit-prive","16":"tag-encadrement","17":"tag-eu","18":"tag-europe","19":"tag-fonctionnaire","20":"tag-fr","21":"tag-france","22":"tag-france-telecom","23":"tag-ft","24":"tag-ft-sa","25":"tag-marseille","26":"tag-news","27":"tag-non-cadre","28":"tag-orange","29":"tag-provence-alpes-cote-dazur","30":"tag-republique-francaise","31":"tag-sebastien-crozier","32":"tag-section","33":"tag-sncgc","34":"tag-sncgc-ft","35":"tag-syndicat"},"share_on_mastodon":{"url":"https:\/\/pubeurope.com\/@fr\/115938172972719211","error":""},"_links":{"self":[{"href":"https:\/\/www.europesays.com\/fr\/wp-json\/wp\/v2\/posts\/681101","targetHints":{"allow":["GET"]}}],"collection":[{"href":"https:\/\/www.europesays.com\/fr\/wp-json\/wp\/v2\/posts"}],"about":[{"href":"https:\/\/www.europesays.com\/fr\/wp-json\/wp\/v2\/types\/post"}],"author":[{"embeddable":true,"href":"https:\/\/www.europesays.com\/fr\/wp-json\/wp\/v2\/users\/2"}],"replies":[{"embeddable":true,"href":"https:\/\/www.europesays.com\/fr\/wp-json\/wp\/v2\/comments?post=681101"}],"version-history":[{"count":0,"href":"https:\/\/www.europesays.com\/fr\/wp-json\/wp\/v2\/posts\/681101\/revisions"}],"wp:featuredmedia":[{"embeddable":true,"href":"https:\/\/www.europesays.com\/fr\/wp-json\/wp\/v2\/media\/681102"}],"wp:attachment":[{"href":"https:\/\/www.europesays.com\/fr\/wp-json\/wp\/v2\/media?parent=681101"}],"wp:term":[{"taxonomy":"category","embeddable":true,"href":"https:\/\/www.europesays.com\/fr\/wp-json\/wp\/v2\/categories?post=681101"},{"taxonomy":"post_tag","embeddable":true,"href":"https:\/\/www.europesays.com\/fr\/wp-json\/wp\/v2\/tags?post=681101"}],"curies":[{"name":"wp","href":"https:\/\/api.w.org\/{rel}","templated":true}]}}