{"id":681140,"date":"2026-01-22T10:27:17","date_gmt":"2026-01-22T10:27:17","guid":{"rendered":"https:\/\/www.europesays.com\/fr\/681140\/"},"modified":"2026-01-22T10:27:17","modified_gmt":"2026-01-22T10:27:17","slug":"revue-de-presse-psg-attaquants-en-berne-et-la-communication-luis-enrique-en-question","status":"publish","type":"post","link":"https:\/\/www.europesays.com\/fr\/681140\/","title":{"rendered":"Revue de presse PSG &#8211; Attaquants en berne et la communication Luis Enrique \u00ab\u00a0en question\u00a0\u00bb"},"content":{"rendered":"<p><strong>Ce jeudi 22 janvier, la presse fran\u00e7aise (sur l\u2019aspect sportif) s\u2019est concentr\u00e9e du c\u00f4t\u00e9 du Paris Saint-Germain sur les d\u00e9fauts du PSG en ce moment : des attaquants en m\u00e9forme, un milieu qui souffre physiquement et, visiblement, la communication du coach Luis Enrique. Il y a aussi les retours d\u2019Achraf Hakimi (lat\u00e9ral droit de 27 ans) et Ibrahim Mbaye (attaquant de 17 ans). Sans oublier <a href=\"https:\/\/www.parisfans.fr\/club\/lucas-hernandez-reagit-a-laccusation-de-traite-detres-dhumains-895543.html\" target=\"_blank\" rel=\"noopener\">la plainte \u00e0 l\u2019encontre de Lucas Hernandez <\/a>(d\u00e9fenseur de 29 ans).<\/strong><\/p>\n<p>Le Parisien \u2013<\/p>\n<p><img loading=\"lazy\" decoding=\"async\" class=\"aligncenter size-full wp-image-895579\" src=\"https:\/\/www.europesays.com\/fr\/wp-content\/uploads\/2026\/01\/presse-33.png\" alt=\"\" width=\"1012\" height=\"164\"  \/> <img loading=\"lazy\" decoding=\"async\" class=\"aligncenter size-full wp-image-895578\" src=\"https:\/\/www.europesays.com\/fr\/wp-content\/uploads\/2026\/01\/presse2-31.png\" alt=\"\" width=\"380\" height=\"170\"  \/> <img loading=\"lazy\" decoding=\"async\" class=\"aligncenter size-full wp-image-895577\" src=\"https:\/\/www.europesays.com\/fr\/wp-content\/uploads\/2026\/01\/presse3-25.png\" alt=\"\" width=\"1112\" height=\"100\"  \/><\/p>\n<p>L\u2019Equipe \u2013<\/p>\n<p><img loading=\"lazy\" decoding=\"async\" class=\"aligncenter size-full wp-image-895581\" src=\"https:\/\/www.europesays.com\/fr\/wp-content\/uploads\/2026\/01\/presse-34.png\" alt=\"\" width=\"642\" height=\"422\"  \/> <img loading=\"lazy\" decoding=\"async\" class=\"aligncenter size-full wp-image-895580\" src=\"https:\/\/www.europesays.com\/fr\/wp-content\/uploads\/2026\/01\/presse2-32.png\" alt=\"\" width=\"554\" height=\"312\"  \/><\/p>\n<p>Le PSG a perdu, sa place dans le top 8 d la Ligue des Champions est menac\u00e9e (6e \u00e0 la diff\u00e9rence de buts avec autant de points que 7 autres \u00e9quipes), c\u2019est l\u2019heure du drame. Pas de surprise. Il y a du vrai : les attaquants n\u2019ont pas \u00e9t\u00e9 assez efficaces derni\u00e8rement et il est devenu difficile au fil des absences de trouver des solutions au milieu.<\/p>\n<p>Cependant, il faudrait aussi souligner que Paris a domin\u00e9 ses matchs et cr\u00e9\u00e9 de nombreuses occasions. On soulignait que c\u2019\u00e9tait un bon signe l\u2019an dernier quand les r\u00e9sultats n\u2019\u00e9taient pas positifs, c\u2019est encore le cas cette fois. Il y a de quoi \u00eatre optimiste pour la suite, le tout est de retrouver l\u2019efficacit\u00e9. Cela peut venir avec un d\u00e9clic, quelques d\u00e9tails qui changent. Ainsi qu\u2019un groupe qui retrouve des retours gr\u00e2ce aux diff\u00e9rents retours.<\/p>\n<p>Quant \u00e0 la communication de Luis Enrique, cela ne valait pas un tel effort du journal sportif et on ne va pas y consacrer beaucoup de lignes. Il est satisfait du jeu, c\u2019est logique compte tenu de la domination. Mais le coach sait bien qu\u2019il y a des choses \u00e0 am\u00e9liorer, que les attaquants doivent de nouveau mettre des buts ensemble. Il garde simplement les correctifs, voire remontrances, pour la vie au club. Il n\u2019a pas \u00e0 tacler dans les m\u00e9dias, ce n\u2019est pas nouveau. Mais il fallait bien un angle de critique.<\/p>\n<p>Enfin, pour Lucas Hernandez, il a r\u00e9pondu aux accusations et nous laissons la justice faire son travail.<\/p>\n<p>\t\t\t\t\t\t\t\t\t\t\t\t\t\t\t\t\t\t\t\t\t\t\t<img decoding=\"async\" src=\"https:\/\/www.europesays.com\/fr\/wp-content\/uploads\/2025\/04\/ParisFans_Logo.png\"\/><\/p>\n","protected":false},"excerpt":{"rendered":"Ce jeudi 22 janvier, la presse fran\u00e7aise (sur l\u2019aspect sportif) s\u2019est concentr\u00e9e du c\u00f4t\u00e9 du Paris Saint-Germain sur&hellip;\n","protected":false},"author":2,"featured_media":681141,"comment_status":"","ping_status":"","sticky":false,"template":"","format":"standard","meta":{"footnotes":""},"categories":[1410],"tags":[63,1011,27,4048,60,96],"class_list":{"0":"post-681140","1":"post","2":"type-post","3":"status-publish","4":"format-standard","5":"has-post-thumbnail","7":"category-football","8":"tag-football","9":"tag-fr","10":"tag-france","11":"tag-presse","12":"tag-sports","13":"tag-une"},"share_on_mastodon":{"url":"https:\/\/pubeurope.com\/@fr\/115938279428947542","error":""},"_links":{"self":[{"href":"https:\/\/www.europesays.com\/fr\/wp-json\/wp\/v2\/posts\/681140","targetHints":{"allow":["GET"]}}],"collection":[{"href":"https:\/\/www.europesays.com\/fr\/wp-json\/wp\/v2\/posts"}],"about":[{"href":"https:\/\/www.europesays.com\/fr\/wp-json\/wp\/v2\/types\/post"}],"author":[{"embeddable":true,"href":"https:\/\/www.europesays.com\/fr\/wp-json\/wp\/v2\/users\/2"}],"replies":[{"embeddable":true,"href":"https:\/\/www.europesays.com\/fr\/wp-json\/wp\/v2\/comments?post=681140"}],"version-history":[{"count":0,"href":"https:\/\/www.europesays.com\/fr\/wp-json\/wp\/v2\/posts\/681140\/revisions"}],"wp:featuredmedia":[{"embeddable":true,"href":"https:\/\/www.europesays.com\/fr\/wp-json\/wp\/v2\/media\/681141"}],"wp:attachment":[{"href":"https:\/\/www.europesays.com\/fr\/wp-json\/wp\/v2\/media?parent=681140"}],"wp:term":[{"taxonomy":"category","embeddable":true,"href":"https:\/\/www.europesays.com\/fr\/wp-json\/wp\/v2\/categories?post=681140"},{"taxonomy":"post_tag","embeddable":true,"href":"https:\/\/www.europesays.com\/fr\/wp-json\/wp\/v2\/tags?post=681140"}],"curies":[{"name":"wp","href":"https:\/\/api.w.org\/{rel}","templated":true}]}}