{"id":681148,"date":"2026-01-22T10:32:10","date_gmt":"2026-01-22T10:32:10","guid":{"rendered":"https:\/\/www.europesays.com\/fr\/681148\/"},"modified":"2026-01-22T10:32:10","modified_gmt":"2026-01-22T10:32:10","slug":"le-rappeur-koba-lad-place-en-detention-a-la-maison-centrale-de-saint-maur","status":"publish","type":"post","link":"https:\/\/www.europesays.com\/fr\/681148\/","title":{"rendered":"Le rappeur Koba LaD plac\u00e9 en d\u00e9tention \u00e0 la maison centrale de Saint-Maur"},"content":{"rendered":"<p>\n    Cette prison de haute s\u00e9curit\u00e9 accueille habituellement des d\u00e9tenus \u00e0 la dangerosit\u00e9 av\u00e9r\u00e9e. Le rappeur purge, lui, une peine de six ans de prison pour un homicide involontaire.<\/p>\n<p class=\"fig-paragraph\">Les murs de la maison centrale de Saint-Maur, dans l\u2019Indre, ont vu d\u00e9filer \u00abl\u2019ennemi public num\u00e9ro 1\u00bb Jacques Mesrine, le terroriste Carlos ou encore le faux m\u00e9decin Jean-Claude Romand, tous identifi\u00e9s comme particuli\u00e8rement dangereux. C\u2019est dans cet \u00e9tablissement que l\u2019administration p\u00e9nitentiaire a choisi de transf\u00e9rer\u00a0<a href=\"http:\/\/www.lefigaro.fr\/faits-divers\/evasion-de-mohamed-amra-le-rappeur-koba-lad-porte-drapeau-de-la-black-manjack-family-et-possible-vitrine-d-activites-criminelles-20250324\" data-fig-type=\"Article\" data-gtm-custom-categorie=\"navigation\" data-gtm-custom-action=\"crossclick\" data-gtm-custom-label=\"Contextuel\" data-gtm-event=\"customEventSPE\" data-fig-domain=\"LEFIGARO\" target=\"_blank\" rel=\"noopener\">le rappeur Koba LaD<\/a>, a appris Le Figaro de source proche du dossier.<\/p>\n<p class=\"fig-paragraph\">Purgeant une peine de six ans de prison pour un accident de la route mortel, l\u2019artiste, de son vrai nom Marcel Junior Loutarila, avait d\u2019abord \u00e9t\u00e9 incarc\u00e9r\u00e9 au centre p\u00e9nitentiaire de Meaux Chauconin-Neufmontiers en Seine-et-Marne. En novembre, il a \u00e9t\u00e9\u00a0<a href=\"http:\/\/www.lefigaro.fr\/faits-divers\/incarcere-pour-un-accident-mortel-le-rappeur-koba-lad-place-a-l-isolement-20251128\" data-fig-type=\"NewsFlash\" data-gtm-custom-categorie=\"navigation\" data-gtm-custom-action=\"crossclick\" data-gtm-custom-label=\"Contextuel\" data-gtm-event=\"customEventSPE\" data-fig-domain=\"LEFIGARO\" target=\"_blank\" rel=\"noopener\">plac\u00e9 \u00e0 l\u2019isolement<\/a>\u00a0pour trois mois apr\u00e8s s\u2019\u00eatre procur\u00e9 des t\u00e9l\u00e9phones portables en prison. \u00c0 la mi-janvier,\u00a0<a href=\"http:\/\/www.lefigaro.fr\/faits-divers\/d-anciennes-videos-du-rappeur-koba-lad-en-prison-diffusees-sur-les-reseaux-son-avocate-porte-plainte-20260114\" data-fig-type=\"NewsFlash\" data-gtm-custom-categorie=\"navigation\" data-gtm-custom-action=\"crossclick\" data-gtm-custom-label=\"Contextuel\" data-gtm-event=\"customEventSPE\" data-fig-domain=\"LEFIGARO\" target=\"_blank\" rel=\"noopener\">d\u2019anciennes vid\u00e9os tourn\u00e9es<\/a>\u00a0dans une pr\u00e9c\u00e9dente prison ont \u00e9t\u00e9 relay\u00e9es sur les r\u00e9seaux sociaux, une man\u0153uvre qui avait \u00abpour but de lui nuire publiquement\u00bb, selon sa d\u00e9fense alors que l\u2019int\u00e9ress\u00e9 aurait \u00e9t\u00e9 \u00e9ligible \u00e0 une lib\u00e9ration conditionnelle.<\/p>\n<p>                                            <a class=\"fig-a11y-skip\" href=\"#fig-a11y-skip-main-inarticle\" data-module=\"a11y-skip\" data-context=\"was @visible\"><br \/>\n    Passer la publicit\u00e9<br \/>\n<\/a>            <\/p>\n<p>                                            Pr\u00e9server \u00abl\u2019int\u00e9grit\u00e9\u00bb de la star du rap<\/p>\n<p class=\"fig-paragraph\">Cette succession d\u2019\u00e9v\u00e9nements a eu pour cons\u00e9quence imm\u00e9diate ce transfert dans cette prison de haute s\u00e9curit\u00e9 du centre de la France, et ce, toujours \u00e0 l\u2019isolement. L\u2019administration estime qu\u2019au regard de ses pr\u00e9c\u00e9dentes condamnations &#8211; d\u00e9lictuelles -, son \u00abprofil m\u00e9diatique\u00bb, la possible \u00abaura\u00bb qu\u2019il aurait en d\u00e9tention ainsi que les \u00abnombreux incidents disciplinaires\u00bb \u00e9maillant son parcours p\u00e9nitentiaire, il est pr\u00e9f\u00e9rable de le placer de nouveau \u00e0 l\u2019isolement dans cette prison de haute s\u00e9curit\u00e9. Cela serait l\u2019unique moyen de \u00abpr\u00e9server, d\u2019une part, l\u2019int\u00e9grit\u00e9 des personnes et des personnes d\u00e9tenues, et d\u2019autre part, sa propre int\u00e9grit\u00e9\u00bb, \u00e9crit la cheffe d\u2019\u00e9tablissement dans sa d\u00e9cision. Contact\u00e9e par Le Figaro, son avocate, Me May-Sarah Vogelhut n\u2019a pas souhait\u00e9 r\u00e9pondre aux sollicitations du Figaro.<\/p>\n<p class=\"fig-paragraph\">En juin 2025, le rappeur Koba LaD\u00a0<a href=\"http:\/\/www.lefigaro.fr\/faits-divers\/entre-excuses-et-reconnaissance-de-facade-le-rappeur-koba-lad-condamne-a-six-ans-de-prison-pour-l-accident-de-la-route-mortel-20250625\" target=\"_blank\" data-fig-type=\"Article\" rel=\"noopener\" data-gtm-custom-categorie=\"navigation\" data-gtm-custom-action=\"crossclick\" data-gtm-custom-label=\"Contextuel\" data-gtm-event=\"customEventSPE\" data-fig-domain=\"LEFIGARO\">a \u00e9cop\u00e9 de six ans de prison<\/a>\u00a0pour un accident de la route mortel dans lequel il a reconnu \u00eatre \u00aben faute\u00bb. Au volant d\u2019une berline de luxe et test\u00e9 positif au cannabis, il avait percut\u00e9 \u00e0 grande vitesse un camion \u00e0 l\u2019arr\u00eat sur une bretelle de sortie d\u2019une station essence en septembre 2024, sur l\u2019autoroute A86. Dans l\u2019accident le passager avant, William Dogbey, 30 ans, un ami proche, avait \u00e9t\u00e9 tu\u00e9, tandis que la petite amie du d\u00e9funt, assise \u00e0 l\u2019arri\u00e8re, avait \u00e9t\u00e9 l\u00e9g\u00e8rement bless\u00e9e. En parall\u00e8le, il est mis en examen dans\u00a0<a href=\"http:\/\/www.lefigaro.fr\/faits-divers\/il-a-fait-trembler-l-europe-wallah-quand-koba-lad-commentait-l-evasion-d-amra-depuis-la-prison-20250409\" target=\"_blank\" data-fig-type=\"Article\" rel=\"noopener\" data-gtm-custom-categorie=\"navigation\" data-gtm-custom-action=\"crossclick\" data-gtm-custom-label=\"Contextuel\" data-gtm-event=\"customEventSPE\" data-fig-domain=\"LEFIGARO\">l\u2019enqu\u00eate tentaculaire sur l\u2019\u00e9vasion de Mohamed Amra<\/a>\u00a0pour \u00abassociation de malfaiteurs en vue de commettre un d\u00e9lit\u00bb,\u00a0un d\u00e9lit passible de cinq ans de prison. Dans cette proc\u00e9dure, il a b\u00e9n\u00e9fici\u00e9 d\u2019un placement sous contr\u00f4le judiciaire, \u00e0 l\u2019inverse des principales figures du dossier.<\/p>\n","protected":false},"excerpt":{"rendered":"Cette prison de haute s\u00e9curit\u00e9 accueille habituellement des d\u00e9tenus \u00e0 la dangerosit\u00e9 av\u00e9r\u00e9e. Le rappeur purge, lui, une&hellip;\n","protected":false},"author":2,"featured_media":681149,"comment_status":"","ping_status":"","sticky":false,"template":"","format":"standard","meta":{"footnotes":""},"categories":[1355],"tags":[58,59,1011,27,18240,1361,873,806,3616],"class_list":{"0":"post-681148","1":"post","2":"type-post","3":"status-publish","4":"format-standard","5":"has-post-thumbnail","7":"category-musique","8":"tag-divertissement","9":"tag-entertainment","10":"tag-fr","11":"tag-france","12":"tag-koba-lad","13":"tag-music","14":"tag-musique","15":"tag-prison","16":"tag-rap"},"share_on_mastodon":{"url":"https:\/\/pubeurope.com\/@fr\/115938298684459490","error":""},"_links":{"self":[{"href":"https:\/\/www.europesays.com\/fr\/wp-json\/wp\/v2\/posts\/681148","targetHints":{"allow":["GET"]}}],"collection":[{"href":"https:\/\/www.europesays.com\/fr\/wp-json\/wp\/v2\/posts"}],"about":[{"href":"https:\/\/www.europesays.com\/fr\/wp-json\/wp\/v2\/types\/post"}],"author":[{"embeddable":true,"href":"https:\/\/www.europesays.com\/fr\/wp-json\/wp\/v2\/users\/2"}],"replies":[{"embeddable":true,"href":"https:\/\/www.europesays.com\/fr\/wp-json\/wp\/v2\/comments?post=681148"}],"version-history":[{"count":0,"href":"https:\/\/www.europesays.com\/fr\/wp-json\/wp\/v2\/posts\/681148\/revisions"}],"wp:featuredmedia":[{"embeddable":true,"href":"https:\/\/www.europesays.com\/fr\/wp-json\/wp\/v2\/media\/681149"}],"wp:attachment":[{"href":"https:\/\/www.europesays.com\/fr\/wp-json\/wp\/v2\/media?parent=681148"}],"wp:term":[{"taxonomy":"category","embeddable":true,"href":"https:\/\/www.europesays.com\/fr\/wp-json\/wp\/v2\/categories?post=681148"},{"taxonomy":"post_tag","embeddable":true,"href":"https:\/\/www.europesays.com\/fr\/wp-json\/wp\/v2\/tags?post=681148"}],"curies":[{"name":"wp","href":"https:\/\/api.w.org\/{rel}","templated":true}]}}