{"id":681163,"date":"2026-01-22T10:40:10","date_gmt":"2026-01-22T10:40:10","guid":{"rendered":"https:\/\/www.europesays.com\/fr\/681163\/"},"modified":"2026-01-22T10:40:10","modified_gmt":"2026-01-22T10:40:10","slug":"direct-crues-en-bretagne-la-decrue-amorcee-a-quimperle-la-vigilance-orange-etendue-a-lille-et-vilaine","status":"publish","type":"post","link":"https:\/\/www.europesays.com\/fr\/681163\/","title":{"rendered":"DIRECT &#8211; Crues en Bretagne : la d\u00e9crue amorc\u00e9e \u00e0 Quimperl\u00e9, la vigilance orange \u00e9tendue \u00e0 l&rsquo;Ille-et-Vilaine"},"content":{"rendered":"<p>Le point sur la situation \u00e0 10h<\/p>\n<p><strong>Quimper<\/strong>. Il n&rsquo;y a pas eu de nouveaux d\u00e9bordements ce matin. La circulation reste n\u00e9anmoins difficile sur certaines routes, notamment sur la transbigoud\u00e8ne, en raison de la fermeture du tunnel de Ludugris<\/p>\n<p><strong>Quimperl\u00e9<\/strong>. L&rsquo;eau a continu\u00e9 de monter cette nuit et le pic de la crue n&rsquo;a pas encore \u00e9t\u00e9 atteint. Il est attendu vers 11h, pour une d\u00e9crue qui commence \u00e0 partir de midi. Sur la station Vigicrues situ\u00e9e Place Charles-de-Gaulle, la hauteur d&rsquo;eau mesur\u00e9e est de 4,47 m. Des d\u00e9bordements sont constat\u00e9es dans plusieurs endroits de la ville, particuli\u00e8rement quai Surcouf et quai Brizeux, place Lovignon, parking du cin\u00e9ma et rue Raymond d&rsquo;Ars. Sur le quai Brizeux, la rivi\u00e8re a d\u00e9bord\u00e9 par dessus les barri\u00e8res anticrue ; le quai est d\u00e9sormais noy\u00e9 sous 1,50 m d&rsquo;eau. Treize personnes ont \u00e9t\u00e9 \u00e9vacu\u00e9es. <\/p>\n<p><strong>Finist\u00e8re<\/strong>. <a target=\"_blank\" rel=\"noopener noreferrer nofollow\" href=\"https:\/\/www.inforoute29.fr\/\">Plusieurs routes restent ferm\u00e9es<\/a> \u00e0 la circulation. <\/p>\n<p><strong>Bretagne<\/strong>. Le Finist\u00e8re, le Morbihan et l&rsquo;Ille-et-Vilaine sont en vigilance orange crues. Les C\u00f4tes-d&rsquo;Armor sont en vigilance jaune.<\/p>\n","protected":false},"excerpt":{"rendered":"Le point sur la situation \u00e0 10h Quimper. Il n&rsquo;y a pas eu de nouveaux d\u00e9bordements ce matin.&hellip;\n","protected":false},"author":2,"featured_media":681164,"comment_status":"","ping_status":"","sticky":false,"template":"","format":"standard","meta":{"footnotes":""},"categories":[4],"tags":[11,829,765,3321,1011,27,848,4458,2839,3729,12,3319,11878,25,18089],"class_list":{"0":"post-681163","1":"post","2":"type-post","3":"status-publish","4":"format-standard","5":"has-post-thumbnail","7":"category-france","8":"tag-actualites","9":"tag-bretagne","10":"tag-en-continu","11":"tag-finistere","12":"tag-fr","13":"tag-france","14":"tag-ille-et-vilaine","15":"tag-inondation","16":"tag-inondations","17":"tag-morbihan","18":"tag-news","19":"tag-quimper","20":"tag-quimperle","21":"tag-republique-francaise","22":"tag-selection-showcase"},"share_on_mastodon":{"url":"https:\/\/pubeurope.com\/@fr\/115938330142471113","error":""},"_links":{"self":[{"href":"https:\/\/www.europesays.com\/fr\/wp-json\/wp\/v2\/posts\/681163","targetHints":{"allow":["GET"]}}],"collection":[{"href":"https:\/\/www.europesays.com\/fr\/wp-json\/wp\/v2\/posts"}],"about":[{"href":"https:\/\/www.europesays.com\/fr\/wp-json\/wp\/v2\/types\/post"}],"author":[{"embeddable":true,"href":"https:\/\/www.europesays.com\/fr\/wp-json\/wp\/v2\/users\/2"}],"replies":[{"embeddable":true,"href":"https:\/\/www.europesays.com\/fr\/wp-json\/wp\/v2\/comments?post=681163"}],"version-history":[{"count":0,"href":"https:\/\/www.europesays.com\/fr\/wp-json\/wp\/v2\/posts\/681163\/revisions"}],"wp:featuredmedia":[{"embeddable":true,"href":"https:\/\/www.europesays.com\/fr\/wp-json\/wp\/v2\/media\/681164"}],"wp:attachment":[{"href":"https:\/\/www.europesays.com\/fr\/wp-json\/wp\/v2\/media?parent=681163"}],"wp:term":[{"taxonomy":"category","embeddable":true,"href":"https:\/\/www.europesays.com\/fr\/wp-json\/wp\/v2\/categories?post=681163"},{"taxonomy":"post_tag","embeddable":true,"href":"https:\/\/www.europesays.com\/fr\/wp-json\/wp\/v2\/tags?post=681163"}],"curies":[{"name":"wp","href":"https:\/\/api.w.org\/{rel}","templated":true}]}}