{"id":681173,"date":"2026-01-22T10:45:15","date_gmt":"2026-01-22T10:45:15","guid":{"rendered":"https:\/\/www.europesays.com\/fr\/681173\/"},"modified":"2026-01-22T10:45:15","modified_gmt":"2026-01-22T10:45:15","slug":"futsal-la-stany-cup-sera-source-de-belles-promesses-a-nancy","status":"publish","type":"post","link":"https:\/\/www.europesays.com\/fr\/681173\/","title":{"rendered":"Futsal. La Stany Cup sera source de belles promesses \u00e0 Nancy"},"content":{"rendered":"<p>Le chantier \u00e9tait d\u2019envergure. Mais il est arriv\u00e9 \u00e0 son terme. Il faudra encore patienter avant de savoir si l\u2019accouchement s\u2019est effectu\u00e9 sans douleur, mais le futur enfant semble \u00eatre pr\u00e9dispos\u00e9 \u00e0 une r\u00e9ussite certaine.<\/p>\n<p>Il en a donc fallu de l\u2019huile de coude et des ressources financi\u00e8res (le budget est de quelque 80\u00a0000\u00a0euros) pour que la Stany Cup soit mise sur les fonts baptismaux. Les 24 et 25\u00a0janvier, elle sera d\u00e9finitivement lanc\u00e9e au Palais des Sports Jean-Weille, habituel antre des basketteurs du SLUC Nancy.<\/p>\n<p>Maxime M\u00e9line, co-initiateur du projet, avec Fouad El Abbassi, pr\u00e9sident de l\u2019AS Haut-du-Li\u00e8vre, et Nabil Tighazoui, responsable du p\u00f4le jeunes de l\u2019AS Nancy-Lorraine, peut se f\u00e9liciter du futur plateau. Compos\u00e9 de \u00ab\u00a0huit clubs professionnels fran\u00e7ais, huit clubs pros \u00e9trangers\u00a0\u00bb, souligne le Loya, et quatre entit\u00e9s moins renomm\u00e9es. Dont le club h\u00f4te du Haut-du-Li\u00e8vre.<\/p>\n<p>\u00ab\u00a0Auparavant, on collaborait sur un tournoi en Moselle, \u00e0 Folschviller\u00a0\u00bb, pose Maxime M\u00e9line, qui a fait fourbi ses armes au FC Eloyes. \u00ab\u00a0Je suis un b\u00e9b\u00e9 d\u2019Eloyes, un pur produit du FCE. C\u2019est l\u00e0 o\u00f9 j\u2019ai commenc\u00e9 \u00e0 \u00eatre \u00e9ducateur. Avant de partir \u00e0 Nancy \u00e0 19 ans pour int\u00e9grer le staff des U12.\u00a0\u00bb \u00ab\u00a0Depuis quelques ann\u00e9es, nous avons eu l\u2019id\u00e9e de cr\u00e9er un \u00e9v\u00e9nement sur Nancy\u00a0\u00bb, reprend-il. \u00ab\u00a0Suite \u00e0 des liens tiss\u00e9s avec le club du Haut-du-Li\u00e8vre, on s\u2019est r\u00e9uni pour la r\u00e9alisation de ce projet.\u00a0\u00bb<\/p>\n<p>Parrain\u00e9 par Neil El Aynaoui, international marocain form\u00e9 en For\u00eat-de-Haye, ce tournoi, premier du nom, soutenu par la M\u00e9tropole du Grand Nancy et de la Ville de Nancy, verra ainsi la participation des U12 de\u00a0l\u2019Inter Milan, de Porto, Newcastle, Anderlecht, Paris Saint-Germain, Marseille, Lyon, Stuttgart, Leverkusen, Feyenoord ou encore l\u2019Ajax Amsterdam, qui partageront la sc\u00e8ne l\u2019AS Nancy Lorraine, l\u2019AS Haut-du-Li\u00e8vre et Saint-Brice FC, club amateur francilien. \u00ab\u00a0Eloyes a failli se qualifier\u00a0\u00bb, fait remarquer Maxime M\u00e9line. \u00ab\u00a0On a fait une qualification r\u00e9gionale, \u00e0 l\u2019issue duquel le Racing Union Luxembourg s\u2019est impos\u00e9.\u00a0\u00bb<\/p>\n<p class=\"note\">D\u00e9but \u00e0 9h le samedi et \u00e0 8h le dimanche\u00a0; finale aux alentours de 15h. Entr\u00e9e\u00a0: 5\u00a0euros pour le week-end.<\/p>\n","protected":false},"excerpt":{"rendered":"Le chantier \u00e9tait d\u2019envergure. Mais il est arriv\u00e9 \u00e0 son terme. Il faudra encore patienter avant de savoir&hellip;\n","protected":false},"author":2,"featured_media":681174,"comment_status":"","ping_status":"","sticky":false,"template":"","format":"standard","meta":{"footnotes":""},"categories":[9635],"tags":[1111,11,3703,1777,674,107,1701,1795,63,1011,27,775,1702,12,25,517,1700,774],"class_list":{"0":"post-681173","1":"post","2":"type-post","3":"status-publish","4":"format-standard","5":"has-post-thumbnail","7":"category-nancy","8":"tag-actu","9":"tag-actualites","10":"tag-asnl","11":"tag-eu","12":"tag-europe","13":"tag-fil-info","14":"tag-fil-info-sport","15":"tag-fil-web","16":"tag-football","17":"tag-fr","18":"tag-france","19":"tag-grand-est","20":"tag-nancy","21":"tag-news","22":"tag-republique-francaise","23":"tag-sport","24":"tag-sport-lorrain","25":"tag-vosges"},"share_on_mastodon":{"url":"https:\/\/pubeurope.com\/@fr\/115938349850452344","error":""},"_links":{"self":[{"href":"https:\/\/www.europesays.com\/fr\/wp-json\/wp\/v2\/posts\/681173","targetHints":{"allow":["GET"]}}],"collection":[{"href":"https:\/\/www.europesays.com\/fr\/wp-json\/wp\/v2\/posts"}],"about":[{"href":"https:\/\/www.europesays.com\/fr\/wp-json\/wp\/v2\/types\/post"}],"author":[{"embeddable":true,"href":"https:\/\/www.europesays.com\/fr\/wp-json\/wp\/v2\/users\/2"}],"replies":[{"embeddable":true,"href":"https:\/\/www.europesays.com\/fr\/wp-json\/wp\/v2\/comments?post=681173"}],"version-history":[{"count":0,"href":"https:\/\/www.europesays.com\/fr\/wp-json\/wp\/v2\/posts\/681173\/revisions"}],"wp:featuredmedia":[{"embeddable":true,"href":"https:\/\/www.europesays.com\/fr\/wp-json\/wp\/v2\/media\/681174"}],"wp:attachment":[{"href":"https:\/\/www.europesays.com\/fr\/wp-json\/wp\/v2\/media?parent=681173"}],"wp:term":[{"taxonomy":"category","embeddable":true,"href":"https:\/\/www.europesays.com\/fr\/wp-json\/wp\/v2\/categories?post=681173"},{"taxonomy":"post_tag","embeddable":true,"href":"https:\/\/www.europesays.com\/fr\/wp-json\/wp\/v2\/tags?post=681173"}],"curies":[{"name":"wp","href":"https:\/\/api.w.org\/{rel}","templated":true}]}}