{"id":681189,"date":"2026-01-22T10:53:11","date_gmt":"2026-01-22T10:53:11","guid":{"rendered":"https:\/\/www.europesays.com\/fr\/681189\/"},"modified":"2026-01-22T10:53:11","modified_gmt":"2026-01-22T10:53:11","slug":"techfest-2026-a-grenoble-alpexpo-linnovation-francaise-en-fete-les-4-et-5-fevrier","status":"publish","type":"post","link":"https:\/\/www.europesays.com\/fr\/681189\/","title":{"rendered":"tech&#038;fest 2026 \u00e0 Grenoble Alpexpo : l\u2019innovation fran\u00e7aise en f\u00eate les 4 et 5 f\u00e9vrier"},"content":{"rendered":"<p><strong>Les 4 et 5 f\u00e9vrier 2026, Grenoble devient le rendez-vous incontournable de l\u2019innovation et de la tech en France avec la 3e \u00e9dition de tech&amp;fest. Cet \u00e9v\u00e9nement majeur, qui se tiendra au centre des congr\u00e8s Alpexpo, promet deux jours d\u2019inspiration, de rencontres, de d\u00e9monstrations et de networking dans une ambiance festive autour des technologies qui fa\u00e7onnent notre avenir.\u00a0 <\/strong><\/p>\n<p>Un festival tech&amp;innovation au c\u0153ur des enjeux de demain<\/p>\n<p>tech&amp;fest est bien plus qu\u2019un salon professionnel : c\u2019est une c\u00e9l\u00e9bration collective de l\u2019innovation fran\u00e7aise, r\u00e9unissant chercheurs, industriels, \u00a0startups, d\u00e9cideurs, \u00e9tudiants et passionn\u00e9s venus explorer les grandes transformations de nos soci\u00e9t\u00e9s. L\u2019\u00e9dition 2026 met la souverainet\u00e9 au centre des d\u00e9bats, qu\u2019elle soit num\u00e9rique, industrielle, <a href=\"https:\/\/www.lafrenchfab.fr\/2025\/12\/10\/energies-notre-souverainete-energetique-depend-de-notre-capacite-a-developper-et-maitriser-les-energies-nouvelles-decarbonees\/\" target=\"_blank\" rel=\"noopener\">\u00e9nerg\u00e9tique<\/a> ou \u00e9conomique, un th\u00e8me strat\u00e9gique pour construire un avenir autonome et durable.<\/p>\n<p>Au programme :<\/p>\n<ul>\n<li>Des conf\u00e9rences et masterclass inspirantes avec plus de 250 intervenants reconnus, experts en intelligence artificielle, cybers\u00e9curit\u00e9, quantique, sant\u00e9 ou mobilit\u00e9.<\/li>\n<li>Des villages th\u00e9matiques immersifs autour de tech&amp;human, tech&amp;planet, tech&amp;solutions et tech&amp;fab, d\u00e9di\u00e9s aux solutions innovantes qui repoussent les fronti\u00e8res de la tech.<\/li>\n<li>Des rencontres business et networking avec plus de 350 exposants et 20 000 participants attendus, offrant des opportunit\u00e9s uniques de collaboration et de d\u00e9veloppement.<\/li>\n<li>Une zone job dating pour \u00e9changer avec des entreprises qui recrutent dans les secteurs du digital et de l\u2019industrie, id\u00e9ale pour les talents en recherche d\u2019emploi ou de nouvelles opportunit\u00e9s.<\/li>\n<\/ul>\n<p>Pourquoi venir \u00e0 tech&amp;fest 2026<\/p>\n<p>Que vous soyez dirigeant d\u2019entreprise, chercheur, entrepreneur ou \u00e9tudiant curieux de d\u00e9couvrir les innovations de demain, tech&amp;fest vous offre une exp\u00e9rience riche et inspirante. C\u2019est une occasion unique de vivre la tech autrement : \u00e9changer, apprendre, cr\u00e9er des partenariats, et c\u00e9l\u00e9brer les id\u00e9es qui changent le monde.<\/p>\n<p><a href=\"https:\/\/www.tech-fest.fr\/fr\/content\/inscription?purchasestep=0&amp;steptype=products\" target=\"_blank\" rel=\"noopener\">Rejoignez-nous<\/a> les 4 et 5 f\u00e9vrier 2026 \u00e0 Grenoble Alpexpo pour deux jours d\u2019enthousiasme, d\u2019\u00e9changes et de d\u00e9couvertes autour de la technologie, de l\u2019industrie et de la transformation des territoires. Inscrivez-vous d\u00e8s maintenant et faites partie de ceux qui imaginent le futur !<\/p>\n","protected":false},"excerpt":{"rendered":"Les 4 et 5 f\u00e9vrier 2026, Grenoble devient le rendez-vous incontournable de l\u2019innovation et de la tech en&hellip;\n","protected":false},"author":2,"featured_media":681190,"comment_status":"","ping_status":"","sticky":false,"template":"","format":"standard","meta":{"footnotes":""},"categories":[9566],"tags":[1111,11,2430,71662,341,1777,674,1011,27,77857,77858,2731,77859,5701,12,25,77860],"class_list":{"0":"post-681189","1":"post","2":"type-post","3":"status-publish","4":"format-standard","5":"has-post-thumbnail","7":"category-grenoble","8":"tag-actu","9":"tag-actualites","10":"tag-auvergne-rhone-alpes","11":"tag-deeptech","12":"tag-emploi","13":"tag-eu","14":"tag-europe","15":"tag-fr","16":"tag-france","17":"tag-french-care","18":"tag-french-fab","19":"tag-grenoble","20":"tag-industrie-salon","21":"tag-innovation","22":"tag-news","23":"tag-republique-francaise","24":"tag-techfest"},"share_on_mastodon":{"url":"https:\/\/pubeurope.com\/@fr\/115938381192606136","error":""},"_links":{"self":[{"href":"https:\/\/www.europesays.com\/fr\/wp-json\/wp\/v2\/posts\/681189","targetHints":{"allow":["GET"]}}],"collection":[{"href":"https:\/\/www.europesays.com\/fr\/wp-json\/wp\/v2\/posts"}],"about":[{"href":"https:\/\/www.europesays.com\/fr\/wp-json\/wp\/v2\/types\/post"}],"author":[{"embeddable":true,"href":"https:\/\/www.europesays.com\/fr\/wp-json\/wp\/v2\/users\/2"}],"replies":[{"embeddable":true,"href":"https:\/\/www.europesays.com\/fr\/wp-json\/wp\/v2\/comments?post=681189"}],"version-history":[{"count":0,"href":"https:\/\/www.europesays.com\/fr\/wp-json\/wp\/v2\/posts\/681189\/revisions"}],"wp:featuredmedia":[{"embeddable":true,"href":"https:\/\/www.europesays.com\/fr\/wp-json\/wp\/v2\/media\/681190"}],"wp:attachment":[{"href":"https:\/\/www.europesays.com\/fr\/wp-json\/wp\/v2\/media?parent=681189"}],"wp:term":[{"taxonomy":"category","embeddable":true,"href":"https:\/\/www.europesays.com\/fr\/wp-json\/wp\/v2\/categories?post=681189"},{"taxonomy":"post_tag","embeddable":true,"href":"https:\/\/www.europesays.com\/fr\/wp-json\/wp\/v2\/tags?post=681189"}],"curies":[{"name":"wp","href":"https:\/\/api.w.org\/{rel}","templated":true}]}}