{"id":681229,"date":"2026-01-22T11:17:11","date_gmt":"2026-01-22T11:17:11","guid":{"rendered":"https:\/\/www.europesays.com\/fr\/681229\/"},"modified":"2026-01-22T11:17:11","modified_gmt":"2026-01-22T11:17:11","slug":"info-va-paris-un-mineur-de-16-ans-poignarde-et-depouille-trois-suspects-en-fuite","status":"publish","type":"post","link":"https:\/\/www.europesays.com\/fr\/681229\/","title":{"rendered":"[Info VA] Paris : un mineur de 16 ans poignard\u00e9 et d\u00e9pouill\u00e9, trois suspects en fuite"},"content":{"rendered":"<p>                                            Faits divers\n                                                                            <\/p>\n<p>\n                                            Les agresseurs, en fuite, ont ass\u00e9n\u00e9 deux coups de couteau et vol\u00e9 des v\u00eatements \u00e0 la victime, dont le pronostic vital n\u2019est pas engag\u00e9.                                        <\/p>\n<p>                                                Publi\u00e9 le 22 janvier 2026 \u00e0 10h26                                                                                            <\/p>\n<p>                                            <img loading=\"lazy\" width=\"1024\" height=\"683\" src=\"https:\/\/www.europesays.com\/fr\/wp-content\/uploads\/2026\/01\/SIPA_01243617_000004-1-1.jpg\" class=\"attachment-post-thumbnail size-post-thumbnail wp-post-image\" alt=\"Le mercredi 21 janvier, un adolescent de 16 ans a \u00e9t\u00e9 poignard\u00e9 et d\u00e9pouill\u00e9 dans le 20\u1d49 arrondissement de Paris. Alain ROBERT\/SIPA\" decoding=\"async\"  \/><\/p>\n<p>                                            Le mercredi 21 janvier, un adolescent de 16 ans a \u00e9t\u00e9 poignard\u00e9 \u00e0 plusieurs reprises dans le 20\u1d49 arrondissement de Paris. Photo \u00a9 Alain ROBERT\/SIPA<\/p>\n<p>Un mineur de 16 ans a \u00e9t\u00e9 <a href=\"https:\/\/www.valeursactuelles.com\/clubvaleurs\/faits-divers\/agression-a-la-gare-de-melan-pour-une-jupe-trop-courte-nouvelle-condamnation-pour-la-mise-en-cause\" target=\"_blank\" rel=\"noopener\">agress\u00e9<\/a> par trois individus, d\u00e9pouill\u00e9 et frapp\u00e9 de deux coups de couteau, porte de Montreuil, dans le 20e arrondissement de Paris, peu apr\u00e8s 17h00, ce mercredi 21 janvier, selon nos informations.<\/p>\n<p><a href=\"https:\/\/www.valeursactuelles.com\/faits-divers\/info-va-paris-un-influenceur-russe-victime-dun-home-jacking-sous-la-menace-dun-couteau\" class=\"h-flex h-align-items-center h-border-tb h-ptb-15\" target=\"_blank\" rel=\"noopener\">A\u00a0LIRE\u00a0[Info VA] Paris : un influenceur russe victime d\u2019un home jacking sous la menace d\u2019un couteau<\/a><\/p>\n<blockquote class=\"twitter-tweet\">\n<p dir=\"ltr\" lang=\"fr\">\ud83d\udd34 [Info <a href=\"https:\/\/twitter.com\/Valeurs?ref_src=twsrc%5Etfw\" target=\"_blank\" rel=\"noopener\">@Valeurs<\/a>] Un mineur de 16 ans a \u00e9t\u00e9 agress\u00e9, d\u00e9pouill\u00e9 et frapp\u00e9 de 2 coups de couteau par 3 individus, porte de Montreuil, \u00e0 Paris, peu apr\u00e8s 17h00, ce mercredi, indique une source polici\u00e8re. Les auteurs en fuite, de \u00ab\u00a0type africain\u00a0\u00bb, lui ont vol\u00e9 des v\u00eatements et ses\u2026<\/p>\n<p>\u2014 Amaury Brelet (@AmauryBrelet) <a href=\"https:\/\/twitter.com\/AmauryBrelet\/status\/2014079567065940364?ref_src=twsrc%5Etfw\" target=\"_blank\" rel=\"noopener\">January 21, 2026<\/a><\/p>\n<\/blockquote>\n<p>Les auteurs lui ont vol\u00e9 sa casquette, sa veste et ses baskets, avant de prendre la fuite vers le boulevard Davout. Une enqu\u00eate a \u00e9t\u00e9 ouverte et les suspects, d\u00e9crits comme de \u00ab type africain \u00bb, sont activement recherch\u00e9s.<\/p>\n<p>Bless\u00e9e au dos, la jeune victime a r\u00e9ussi \u00e0 \u00e9chapper \u00e0 ses agresseurs et s\u2019est dirig\u00e9e vers la station de m\u00e9tro Buzenval, o\u00f9 elle a \u00e9t\u00e9 prise en charge par des policiers de la Brigade des r\u00e9seaux franciliens (BRF).<\/p>\n<p><a href=\"https:\/\/www.valeursactuelles.com\/faits-divers\/attaque-au-couteau-dans-le-metro-a-paris-le-suspect-dorigine-malienne-avait-obtenu-la-nationalite-francaise-en-2018\" class=\"h-flex h-align-items-center h-border-tb h-ptb-15\" target=\"_blank\" rel=\"noopener\">A\u00a0LIRE\u00a0Attaque au couteau dans le m\u00e9tro \u00e0 Paris : le suspect, d\u2019origine malienne, avait obtenu la nationalit\u00e9 fran\u00e7aise en 2018<\/a><\/p>\n<p>\u00a0<\/p>\n<p>Transport\u00e9 en urgence absolue \u00e0 l\u2019h\u00f4pital de la Piti\u00e9-Salp\u00eatri\u00e8re, l\u2019adolescent est d\u00e9j\u00e0 connu des services de police, indique une source polici\u00e8re \u00e0 Valeurs actuelles. Son pronostic vital n\u2019est pas engag\u00e9.<\/p>\n<p>                                                                    <script async src=\"https:\/\/platform.twitter.com\/widgets.js\" charset=\"utf-8\"><\/script><\/p>\n","protected":false},"excerpt":{"rendered":"Faits divers Les agresseurs, en fuite, ont ass\u00e9n\u00e9 deux coups de couteau et vol\u00e9 des v\u00eatements \u00e0 la&hellip;\n","protected":false},"author":2,"featured_media":681230,"comment_status":"","ping_status":"","sticky":false,"template":"","format":"standard","meta":{"footnotes":""},"categories":[1888],"tags":[11,1084,7065,1777,674,1011,27,12,626,25,16022,15336],"class_list":{"0":"post-681229","1":"post","2":"type-post","3":"status-publish","4":"format-standard","5":"has-post-thumbnail","7":"category-paris","8":"tag-actualites","9":"tag-adolescent","10":"tag-agression-au-couteau","11":"tag-eu","12":"tag-europe","13":"tag-fr","14":"tag-france","15":"tag-news","16":"tag-paris","17":"tag-republique-francaise","18":"tag-suspect","19":"tag-vol-a-larrache"},"share_on_mastodon":{"url":"https:\/\/pubeurope.com\/@fr\/115938475706988680","error":""},"_links":{"self":[{"href":"https:\/\/www.europesays.com\/fr\/wp-json\/wp\/v2\/posts\/681229","targetHints":{"allow":["GET"]}}],"collection":[{"href":"https:\/\/www.europesays.com\/fr\/wp-json\/wp\/v2\/posts"}],"about":[{"href":"https:\/\/www.europesays.com\/fr\/wp-json\/wp\/v2\/types\/post"}],"author":[{"embeddable":true,"href":"https:\/\/www.europesays.com\/fr\/wp-json\/wp\/v2\/users\/2"}],"replies":[{"embeddable":true,"href":"https:\/\/www.europesays.com\/fr\/wp-json\/wp\/v2\/comments?post=681229"}],"version-history":[{"count":0,"href":"https:\/\/www.europesays.com\/fr\/wp-json\/wp\/v2\/posts\/681229\/revisions"}],"wp:featuredmedia":[{"embeddable":true,"href":"https:\/\/www.europesays.com\/fr\/wp-json\/wp\/v2\/media\/681230"}],"wp:attachment":[{"href":"https:\/\/www.europesays.com\/fr\/wp-json\/wp\/v2\/media?parent=681229"}],"wp:term":[{"taxonomy":"category","embeddable":true,"href":"https:\/\/www.europesays.com\/fr\/wp-json\/wp\/v2\/categories?post=681229"},{"taxonomy":"post_tag","embeddable":true,"href":"https:\/\/www.europesays.com\/fr\/wp-json\/wp\/v2\/tags?post=681229"}],"curies":[{"name":"wp","href":"https:\/\/api.w.org\/{rel}","templated":true}]}}