{"id":681262,"date":"2026-01-22T11:39:10","date_gmt":"2026-01-22T11:39:10","guid":{"rendered":"https:\/\/www.europesays.com\/fr\/681262\/"},"modified":"2026-01-22T11:39:10","modified_gmt":"2026-01-22T11:39:10","slug":"deux-aquarelles-peintes-par-adolf-hitler-vendues-pour-pres-de-6-000-euros","status":"publish","type":"post","link":"https:\/\/www.europesays.com\/fr\/681262\/","title":{"rendered":"Deux aquarelles peintes par Adolf Hitler vendues pour pr\u00e8s de 6.000 euros"},"content":{"rendered":"<p>Deux aquarelles peintes par <a href=\"https:\/\/www.20minutes.fr\/dossier\/adolf_hitler\" class=\"c-link c-link--is-underlined\" target=\"_blank\" rel=\"noopener\">Adolf Hitler<\/a> ont \u00e9t\u00e9 vendues aux <a href=\"https:\/\/www.20minutes.fr\/dossier\/ventes_aux_encheres\" class=\"c-link c-link--is-underlined\" target=\"_blank\" rel=\"noopener\">ench\u00e8res<\/a> \u00e0 Skipton, dans le nord de l\u2019<a href=\"https:\/\/www.20minutes.fr\/dossier\/angleterre\" class=\"c-link c-link--is-underlined\" target=\"_blank\" rel=\"noopener\">Angleterre<\/a>, mercredi. Elles ont \u00e9t\u00e9 propos\u00e9es par la\u00a0maison de ventes Hutchinson Scott et faisaient partie d\u2019une vente g\u00e9n\u00e9raliste o\u00f9 plus de 1.600 lots se sont succ\u00e9d\u00e9, indique <a href=\"https:\/\/www.leparisien.fr\/culture-loisirs\/ca-choque-forcement-deux-aquarelles-dadolf-hitler-vendues-pour-pres-de-5-800-euros-en-angleterre-21-01-2026-GHH2QO2W2VDLPGWGTFU7OYTBKM.php?ts=1769072789697\" target=\"_blank\" class=\"c-link c-link--is-underlined\" rel=\"noopener\">Le Parisien<\/a>. Toutes deux sign\u00e9es par leur auteur, elles ont tr\u00e8s rapidement trouv\u00e9 acqu\u00e9reur.<\/p>\n<p>La premi\u00e8re aquarelle, dat\u00e9e de\u00a01909, repr\u00e9sentait\u00a0une maison entour\u00e9e d\u2019arbres \u00e0 la chemin\u00e9e fumante. Elle a \u00e9t\u00e9 adjug\u00e9e\u00a02.300 livres sterling (2.700 euros). La seconde, dat\u00e9e de\u00a01910, repr\u00e9sentait\u00a0l\u2019\u00e9glise d\u2019un village autrichien. Elle est partie pour\u00a02.600 livres (3.050 euros).\u00a0Un catalogue regroupant plusieurs peintures et dessins d\u2019Adolf Hitler a \u00e9galement \u00e9t\u00e9 achet\u00e9 pour 120 euros.<\/p>\n<p>\u00ab\u00a0Hitler \u00e9tait un pi\u00e8tre artiste\u00a0\u00bb<\/p>\n<p>Contact\u00e9e par nos confr\u00e8res, la maison de vente a refus\u00e9\u00a0de r\u00e9v\u00e9ler des informations sur les acheteurs de ces toiles. \u00ab\u00a0\u00c0 mon avis, c\u2019est un collectionneur priv\u00e9\u00a0\u00bb, assure David Elberg, un commissaire-priseur parisien. \u00ab\u00a0Hitler \u00e9tait un pi\u00e8tre artiste, recal\u00e9 aux Beaux-Arts.\u00a0Une aquarelle comme celle-ci peut se vendre 20 euros. Si quelqu\u2019un met 2.600 livres sur ce type d\u2019\u0153uvre, c\u2019est forc\u00e9ment parce qu\u2019il est attir\u00e9 par l\u2019auteur, pas par la qualit\u00e9 artistique\u00a0\u00bb, ajoute-t-il.<\/p>\n<\/p>\n<p>La maison de vente a \u00e9galement expliqu\u00e9 avoir fait le choix de ne pas communiquer autour de ces aquarelles, jug\u00e9es trop sensibles. \u00ab\u00a0La vraie question, c\u2019est de savoir si l\u2019on est pr\u00eat \u00e0 faire la promotion de l\u2019\u0153uvre d\u2019un homme responsable de la mort de millions de personnes\u2026 Moi, je ne l\u2019aurais pas fait\u00a0\u00bb, souligne\u00a0David Elberg.\u00a0Toutefois, cela reste l\u00e9gal\u00a0tant qu\u2019aucun signe du r\u00e9gime nazi n\u2019est pr\u00e9sent. Durant sa jeunesse, Adolf Hitler aurait peint\u00a0entre 2.000 et 3.000 \u0153uvres.<\/p>\n","protected":false},"excerpt":{"rendered":"Deux aquarelles peintes par Adolf Hitler ont \u00e9t\u00e9 vendues aux ench\u00e8res \u00e0 Skipton, dans le nord de l\u2019Angleterre,&hellip;\n","protected":false},"author":2,"featured_media":681263,"comment_status":"","ping_status":"","sticky":false,"template":"","format":"standard","meta":{"footnotes":""},"categories":[1358],"tags":[47,19146,4708,3734,1348,1384,1385,251,1386,58,59,1011,27,74,20898],"class_list":{"0":"post-681262","1":"post","2":"type-post","3":"status-publish","4":"format-standard","5":"has-post-thumbnail","7":"category-arts-et-design","8":"tag-actualite","9":"tag-adolf-hitler","10":"tag-angleterre","11":"tag-art","12":"tag-arts","13":"tag-arts-and-design","14":"tag-arts-et-design","15":"tag-culture","16":"tag-design","17":"tag-divertissement","18":"tag-entertainment","19":"tag-fr","20":"tag-france","21":"tag-monde","22":"tag-ventes-aux-encheres"},"share_on_mastodon":{"url":"https:\/\/pubeurope.com\/@fr\/115938562113938769","error":""},"_links":{"self":[{"href":"https:\/\/www.europesays.com\/fr\/wp-json\/wp\/v2\/posts\/681262","targetHints":{"allow":["GET"]}}],"collection":[{"href":"https:\/\/www.europesays.com\/fr\/wp-json\/wp\/v2\/posts"}],"about":[{"href":"https:\/\/www.europesays.com\/fr\/wp-json\/wp\/v2\/types\/post"}],"author":[{"embeddable":true,"href":"https:\/\/www.europesays.com\/fr\/wp-json\/wp\/v2\/users\/2"}],"replies":[{"embeddable":true,"href":"https:\/\/www.europesays.com\/fr\/wp-json\/wp\/v2\/comments?post=681262"}],"version-history":[{"count":0,"href":"https:\/\/www.europesays.com\/fr\/wp-json\/wp\/v2\/posts\/681262\/revisions"}],"wp:featuredmedia":[{"embeddable":true,"href":"https:\/\/www.europesays.com\/fr\/wp-json\/wp\/v2\/media\/681263"}],"wp:attachment":[{"href":"https:\/\/www.europesays.com\/fr\/wp-json\/wp\/v2\/media?parent=681262"}],"wp:term":[{"taxonomy":"category","embeddable":true,"href":"https:\/\/www.europesays.com\/fr\/wp-json\/wp\/v2\/categories?post=681262"},{"taxonomy":"post_tag","embeddable":true,"href":"https:\/\/www.europesays.com\/fr\/wp-json\/wp\/v2\/tags?post=681262"}],"curies":[{"name":"wp","href":"https:\/\/api.w.org\/{rel}","templated":true}]}}