{"id":681264,"date":"2026-01-22T11:41:11","date_gmt":"2026-01-22T11:41:11","guid":{"rendered":"https:\/\/www.europesays.com\/fr\/681264\/"},"modified":"2026-01-22T11:41:11","modified_gmt":"2026-01-22T11:41:11","slug":"fin-de-la-saison-2-expliquee","status":"publish","type":"post","link":"https:\/\/www.europesays.com\/fr\/681264\/","title":{"rendered":"fin de la saison 2 expliqu\u00e9e"},"content":{"rendered":"<p>La saison 2 de Percy Jackson et les Olympiens s\u2019est<br \/>\nconclue sur un \u00e9pisode de haute intensit\u00e9 sur Disney+, en grande<br \/>\npartie conforme au mat\u00e9riau d\u2019origine mais avec d\u2019importantes<br \/>\nmodifications narratives. Au c\u0153ur de ce final : la bataille au Camp<br \/>\ndes Sang\u2011M\u00eal\u00e9s, la renaissance de Thalia et des enjeux divins<br \/>\nprofond\u00e9ment r\u00e9\u00e9crits qui ouvrent les portes d\u2019une saison 3 encore<br \/>\nplus vaste.<\/p>\n<p>Une bataille d\u00e9cisive et un retour inattendu au Camp des<br \/>\nSang\u2011M\u00eal\u00e9s<\/p>\n<p>Dans l\u2019\u00e9pisode final de la saison 2, Percy et ses amis<br \/>\nreviennent au Camp des Sang\u2011M\u00eal\u00e9s pour affronter l\u2019arm\u00e9e de Luke<br \/>\ndans une bataille qui met tous les demi\u2011dieux \u00e0 l\u2019\u00e9preuve. La<br \/>\nToison d\u2019or, cl\u00e9 de la proph\u00e9tie du Camp, est utilis\u00e9e pour<br \/>\nrestaurer l\u2019arbre de Thalia \u2014 un moment dramatique qui change la<br \/>\ndonne.<\/p>\n<p>Chiron r\u00e9v\u00e8le un twist majeur : Thalia n\u2019a pas \u00e9t\u00e9 transform\u00e9e<br \/>\nen arbre par Zeus pour la sauver apr\u00e8s une blessure mortelle.<br \/>\n<strong>Zeus l\u2019a faite ainsi par col\u00e8re<\/strong>, car elle refusait<br \/>\nd\u2019\u00eatre son arme pour accomplir la Grande Proph\u00e9tie. <a href=\"https:\/\/www.melty.fr\/series\/percy-jackson-et-les-olympiens-saison-2-fin-de-lepisode-6-expliquee-2287664.html\" target=\"_blank\" rel=\"noopener\"><br \/>\nCette r\u00e9v\u00e9lation change la perception de la relation entre les<br \/>\ndieux et leurs enfants<\/a> dans l\u2019univers de la s\u00e9rie.<\/p>\n<p>Le producteur ex\u00e9cutif Craig Silverstein explique : \u00ab<br \/>\nPresque chaque rencontre avec les dieux a une dimension<br \/>\nparticuli\u00e8re\u2026 C\u2019est peut\u2011\u00eatre ce qui, au d\u00e9triment des dieux, donne<br \/>\ntoute sa force \u00e0 la Grande Proph\u00e9tie\u00a0: l\u2019un de ces enfants<br \/>\npourrait bien se rebeller et renverser Zeus comme il a renvers\u00e9 son<br \/>\np\u00e8re Chronos. Voil\u00e0 les enjeux complexes que nous abordons.<br \/>\n\u00bb<\/p>\n<p>Thalia rena\u00eet : une demi\u2011d\u00e9esse au centre de la prochaine<br \/>\nguerre<\/p>\n<p>La fin de la saison voit la Toison d\u2019or r\u00e9animer litt\u00e9ralement<br \/>\nl\u2019arbre qui prot\u00e9geait Thalia. Son corps humain \u00e9merge, criant et<br \/>\nlan\u00e7ant des \u00e9clairs, marquant ainsi son retour climatique au<br \/>\nr\u00e9cit.<\/p>\n<p>Dans le livre et la s\u00e9rie, Thalia est d\u00e9sormais plus qu\u2019un<br \/>\nsymbole. Elle incarne une part essentielle de la Grande Proph\u00e9tie \u2014<br \/>\nun demi\u2011dieu capable, peut\u2011\u00eatre, de changer le destin de l\u2019Olympe.<br \/>\nCette \u00e9volution narrative \u00e9largit consid\u00e9rablement les possibilit\u00e9s<br \/>\ndramatiques pour la saison 3.<\/p>\n<p>La saison 2 se termine en pla\u00e7ant Thalia aux c\u00f4t\u00e9s de Percy<br \/>\ncomme figures centrales d\u2019une guerre plus grande encore \u2014 notamment<br \/>\nface aux Titans qui commencent \u00e0 s\u2019\u00e9chapper de leurs prisons.<\/p>\n<p>Les dieux interviennent : entre aide et lourdes<br \/>\ncons\u00e9quences<\/p>\n<p>Deux apparitions divines majeures ponctuent le final. Pos\u00e9idon<br \/>\nintervient apr\u00e8s qu\u2019un \u00e9clair de Thalia frappe Percy, l\u2019alertant<br \/>\nd\u2019une guerre imminente et recrutant Tyson pour renforcer leurs<br \/>\nforces.<\/p>\n<p>Mais Zeus appara\u00eet dans un flashback charg\u00e9 de tension morale.<br \/>\nChiron r\u00e9v\u00e8le qu\u2019il voulait que Thalia devienne l\u2019outil vivant de<br \/>\nsa proph\u00e9tie, mais elle a refus\u00e9, l\u2019incitant \u00e0 la transformer en<br \/>\narbre par peur qu\u2019elle choisisse un chemin qui pourrait d\u00e9truire<br \/>\nl\u2019Olympe.<\/p>\n<p>Cette version plus sombre des dieux remet en question leur<br \/>\nmoralit\u00e9 et souligne l\u2019une des grandes lignes narratives de la<br \/>\ns\u00e9rie\u00a0: les demi\u2011dieux se battent non seulement pour survivre,<br \/>\nmais aussi contre des h\u00e9ritages divins lourds de cons\u00e9quences.<\/p>\n<p>Une saison 3 d\u00e9j\u00e0 en pr\u00e9paration : ce<br \/>\nque l\u2019avenir r\u00e9serve<\/p>\n<p><a href=\"https:\/\/www.melty.fr\/series\/percy-jackson-et-les-olympiens-fin-de-la-saison-1-expliquee-2281614.html\" target=\"_blank\" rel=\"noopener\"><br \/>\nLa fin de la saison 2 ne se contente pas d\u2019un simple<br \/>\ncliffhanger<\/a>. Elle met en place les enjeux fondamentaux pour la<br \/>\nsaison 3, qui s\u2019inspirera du troisi\u00e8me tome de la saga, La<br \/>\nMal\u00e9diction du Titan. Dans les sc\u00e8nes post\u2011cr\u00e9dits, on voit<br \/>\nPercy et Annabeth \u00e0 un bal d\u2019\u00e9cole, cherchant deux demi\u2011dieux<br \/>\npuissants que Grover a trouv\u00e9s, amor\u00e7ant ainsi le d\u00e9but d\u2019une<br \/>\nnouvelle qu\u00eate. La pr\u00e9paration au combat contre les Titans devient<br \/>\ncentrale, avec Clarisse entra\u00eenant d\u2019autres demi\u2011dieux au Camp des<br \/>\nSang\u2011M\u00eal\u00e9s. Luke, d\u00e9sormais libre apr\u00e8s la renaissance de Thalia,<br \/>\ncontinue sa route vers le r\u00e9veil de Kronos. Ces \u00e9l\u00e9ments annoncent<br \/>\nune saison 3 riche en action, tensions divines et choix moraux<br \/>\ncruciaux\u00a0\u2014 bien au\u2011del\u00e0 de la simple aventure adolescente.<\/p>\n","protected":false},"excerpt":{"rendered":"La saison 2 de Percy Jackson et les Olympiens s\u2019est conclue sur un \u00e9pisode de haute intensit\u00e9 sur&hellip;\n","protected":false},"author":2,"featured_media":681265,"comment_status":"","ping_status":"","sticky":false,"template":"","format":"standard","meta":{"footnotes":""},"categories":[1356],"tags":[520,58,59,1011,27,252,1364],"class_list":{"0":"post-681264","1":"post","2":"type-post","3":"status-publish","4":"format-standard","5":"has-post-thumbnail","7":"category-television","8":"tag-disney","9":"tag-divertissement","10":"tag-entertainment","11":"tag-fr","12":"tag-france","13":"tag-television","14":"tag-tv"},"share_on_mastodon":{"url":"https:\/\/pubeurope.com\/@fr\/115938570017069162","error":""},"_links":{"self":[{"href":"https:\/\/www.europesays.com\/fr\/wp-json\/wp\/v2\/posts\/681264","targetHints":{"allow":["GET"]}}],"collection":[{"href":"https:\/\/www.europesays.com\/fr\/wp-json\/wp\/v2\/posts"}],"about":[{"href":"https:\/\/www.europesays.com\/fr\/wp-json\/wp\/v2\/types\/post"}],"author":[{"embeddable":true,"href":"https:\/\/www.europesays.com\/fr\/wp-json\/wp\/v2\/users\/2"}],"replies":[{"embeddable":true,"href":"https:\/\/www.europesays.com\/fr\/wp-json\/wp\/v2\/comments?post=681264"}],"version-history":[{"count":0,"href":"https:\/\/www.europesays.com\/fr\/wp-json\/wp\/v2\/posts\/681264\/revisions"}],"wp:featuredmedia":[{"embeddable":true,"href":"https:\/\/www.europesays.com\/fr\/wp-json\/wp\/v2\/media\/681265"}],"wp:attachment":[{"href":"https:\/\/www.europesays.com\/fr\/wp-json\/wp\/v2\/media?parent=681264"}],"wp:term":[{"taxonomy":"category","embeddable":true,"href":"https:\/\/www.europesays.com\/fr\/wp-json\/wp\/v2\/categories?post=681264"},{"taxonomy":"post_tag","embeddable":true,"href":"https:\/\/www.europesays.com\/fr\/wp-json\/wp\/v2\/tags?post=681264"}],"curies":[{"name":"wp","href":"https:\/\/api.w.org\/{rel}","templated":true}]}}