{"id":681278,"date":"2026-01-22T11:48:11","date_gmt":"2026-01-22T11:48:11","guid":{"rendered":"https:\/\/www.europesays.com\/fr\/681278\/"},"modified":"2026-01-22T11:48:11","modified_gmt":"2026-01-22T11:48:11","slug":"action-devoile-des-dalles-murales-adhesives-a-2-e-pour-la-cuisine","status":"publish","type":"post","link":"https:\/\/www.europesays.com\/fr\/681278\/","title":{"rendered":"Action d\u00e9voile des dalles murales adh\u00e9sives \u00e0 2 \u20ac pour la cuisine"},"content":{"rendered":"<p>\u00c0 l\u2019occasion de la Semaine Action, l\u2019enseigne discount cr\u00e9e une<br \/>\nnouvelle fois l\u2019\u00e9v\u00e9nement avec un produit d\u00e9co \u00e0 prix mini qui<br \/>\nrisque bien de faire parler de lui. D\u00e8s demain, de nouvelles dalles<br \/>\nmurales adh\u00e9sives feront leur apparition en rayon, propos\u00e9es \u00e0<br \/>\nmoins de 2 \u20ac, avec une promesse simple : transformer la cr\u00e9dence de<br \/>\nla cuisine sans travaux, sans outils et sans se ruiner. Une<br \/>\nsolution express qui coche toutes les cases.<\/p>\n<p>Dalles Action : une cr\u00e9dence relook\u00e9e en quelques minutes, sans<br \/>\nbricolage<\/p>\n<p>Ces <a href=\"https:\/\/www.lejournaldelamaison.fr\/le-journal-de-la-maison\/nouveautes\/produits\/chez-action-dalles-adhesives-effet-zellige-sont-parfaites-pour-rentree-520610.html\" target=\"_blank\" rel=\"noopener\"><br \/>\ndalles murales adh\u00e9sives<\/a>, vendues par lot de 12 pi\u00e8ces,<br \/>\naffichent un format 15 x 15 cm et se posent directement sur le mur<br \/>\ngr\u00e2ce \u00e0 leur surface <strong>autocollante.<\/strong> Aucun<br \/>\n<strong>joint,<\/strong> aucune <strong>colle<\/strong><br \/>\nsuppl\u00e9mentaire : il suffit de retirer le film protecteur et de les<br \/>\nappliquer sur une <strong>surface propre, s\u00e8che et<br \/>\nlisse.<\/strong><\/p>\n<p>Con\u00e7ues pour un usage <strong>d\u00e9coratif,<\/strong> elles sont<br \/>\nr\u00e9sistantes \u00e0 l\u2019eau, ce qui les rend parfaitement adapt\u00e9es \u00e0 une<br \/>\n<a href=\"https:\/\/www.lejournaldelamaison.fr\/maison\/credence-cuisine-2026-ces-5-tendances-vont-rendre-votre-mur-actuel-depasse-et-les-cuisinistes-lannoncent-deja-531438.html\" target=\"_blank\" rel=\"noopener\"><br \/>\ncr\u00e9dence de cuisine<\/a>, notamment autour de l\u2019\u00e9vier ou du <a href=\"https:\/\/www.lejournaldelamaison.fr\/maison\/plaques-a-induction-ce-plan-de-travail-chauffant-et-invisible-rendra-vos-modeles-actuels-inutiles-des-2026-533232.html\" target=\"_blank\" rel=\"noopener\"><br \/>\nplan de travail<\/a>. \u00c0 ce prix-l\u00e0, difficile de trouver une<br \/>\nalternative aussi simple pour masquer un carrelage vieillissant ou<br \/>\ndynamiser un mur un peu triste.<\/p>\n<p>Dalles Action : un prix mini qui change tout pour les petits<br \/>\nbudgets<\/p>\n<p data-start=\"1569\" data-end=\"1772\">Propos\u00e9es \u00e0<br \/>\n<strong data-start=\"1581\" data-end=\"1598\">2,37 \u20ac le lot<\/strong>,<br \/>\nces <a href=\"https:\/\/www.lejournaldelamaison.fr\/le-journal-de-la-maison\/piece-par-piece\/chambre\/deco-chambre\/7-e-chez-action-ces-dalles-beiges-mont-permis-de-creer-une-tete-de-lit-hyper-tendance-526284.html\" target=\"_blank\" rel=\"noopener\"><br \/>\ndalles Action<\/a> reviennent \u00e0 <strong data-start=\"1624\" data-end=\"1656\">environ 20 centimes la pi\u00e8ce<\/strong>. Un tarif<br \/>\nultra-agressif qui permet d\u2019envisager un relooking complet de la<br \/>\ncuisine pour quelques euros seulement.<\/p>\n<p data-start=\"1774\" data-end=\"2108\">C\u2019est pr\u00e9cis\u00e9ment ce<br \/>\npositionnement prix qui explique l\u2019engouement croissant pour les<br \/>\nsolutions \u00ab peel &amp; stick \u00bb : elles offrent un<br \/>\n<strong data-start=\"1906\" data-end=\"1932\">impact visuel<br \/>\nimm\u00e9diat<\/strong>, sans engagement \u00e0 long terme et sans<br \/>\ninvestissement lourd. Un atout majeur pour les<br \/>\n<strong>locataires,<\/strong> mais aussi pour celles et ceux qui<br \/>\naiment changer r\u00e9guli\u00e8rement de <strong>d\u00e9coration.<\/strong><\/p>\n<blockquote class=\"tiktok-embed\" cite=\"https:\/\/www.tiktok.com\/@fadoua_bonplan\/video\/7489416365988678934\" data-video-id=\"7489416365988678934\" style=\"max-width: 605px;min-width: 325px;\"><p>\n<a target=\"_blank\" href=\"https:\/\/www.tiktok.com\/@fadoua_bonplan\/video\/7489416365988678934\" rel=\"noopener\"><img decoding=\"async\" src=\"https:\/\/www.tiktok.com\/img\/logo.png\" alt=\"TikTok Logo\"\/><\/a>\n<\/p><\/blockquote>\n<p>Pourquoi les dalles adh\u00e9sives s\u00e9duisent de plus en plus<\/p>\n<p data-start=\"2171\" data-end=\"2353\">Depuis quelques ann\u00e9es, les<br \/>\n<strong data-start=\"2199\" data-end=\"2230\">rev\u00eatements muraux<br \/>\nadh\u00e9sifs<\/strong> se sont impos\u00e9s comme une alternative cr\u00e9dible<br \/>\naux <a href=\"https:\/\/www.lejournaldelamaison.fr\/maison\/credence-de-cuisine-pleine-de-graisse-jai-teste-tous-les-nettoyants-maison-seul-ce-melange-la-fait-disparaitre-530849.html\" target=\"_blank\" rel=\"noopener\"><br \/>\ncr\u00e9dences classiques<\/a>. Leur succ\u00e8s repose sur plusieurs<br \/>\navantages cl\u00e9s :<\/p>\n<ul data-start=\"2355\" data-end=\"2599\">\n<li data-start=\"2355\" data-end=\"2396\">\n<p data-start=\"2357\" data-end=\"2396\"><strong data-start=\"2357\" data-end=\"2396\">Aucune comp\u00e9tence technique requise<\/strong><\/p>\n<\/li>\n<li data-start=\"2397\" data-end=\"2455\">\n<p data-start=\"2399\" data-end=\"2455\"><strong data-start=\"2399\" data-end=\"2414\">Pose rapide<\/strong>, souvent r\u00e9alisable en moins<br \/>\nd\u2019une heure<\/p>\n<\/li>\n<li data-start=\"2456\" data-end=\"2503\">\n<p data-start=\"2458\" data-end=\"2503\"><strong data-start=\"2458\" data-end=\"2484\">Aucun d\u00e9g\u00e2t sur le mur<\/strong>, id\u00e9al en<br \/>\nlocation<\/p>\n<\/li>\n<li data-start=\"2504\" data-end=\"2599\">\n<p data-start=\"2506\" data-end=\"2599\"><strong data-start=\"2506\" data-end=\"2526\">Libert\u00e9 cr\u00e9ative<\/strong> : motifs graphiques,<br \/>\neffet carreaux, style contemporain ou minimaliste<\/p>\n<\/li>\n<\/ul>\n<p data-start=\"2601\" data-end=\"2774\">Contrairement aux l\u00e9s adh\u00e9sifs<br \/>\nen rouleau, les dalles permettent \u00e9galement de <strong data-start=\"2679\" data-end=\"2724\">jouer avec les alignements et les<br \/>\nrythmes<\/strong>, pour cr\u00e9er un effet plus structur\u00e9 et<br \/>\nd\u00e9coratif.<\/p>\n<p><script async src=\"\/\/www.tiktok.com\/embed.js\"><\/script><\/p>\n","protected":false},"excerpt":{"rendered":"\u00c0 l\u2019occasion de la Semaine Action, l\u2019enseigne discount cr\u00e9e une nouvelle fois l\u2019\u00e9v\u00e9nement avec un produit d\u00e9co \u00e0&hellip;\n","protected":false},"author":2,"featured_media":681279,"comment_status":"","ping_status":"","sticky":false,"template":"","format":"standard","meta":{"footnotes":""},"categories":[6],"tags":[930,41406,13041,631,77875,35,77878,9122,3530,3526,77877,902,77874,12351,154,33,34,3026,4560,1011,27,77876,60939,74550,33418,4561,3974],"class_list":{"0":"post-681278","1":"post","2":"type-post","3":"status-publish","4":"format-standard","5":"has-post-thumbnail","7":"category-economie","8":"tag-le","9":"tag-2e","10":"tag-a","11":"tag-action","12":"tag-adhesives","13":"tag-business","14":"tag-carrelage","15":"tag-ces","16":"tag-chez","17":"tag-classique","18":"tag-colle","19":"tag-cuisine","20":"tag-dalles","21":"tag-demain","22":"tag-des","23":"tag-economie","24":"tag-economy","25":"tag-en","26":"tag-faire","27":"tag-fr","28":"tag-france","29":"tag-joints","30":"tag-murales","31":"tag-ni","32":"tag-oublier","33":"tag-sans","34":"tag-vont"},"share_on_mastodon":{"url":"https:\/\/pubeurope.com\/@fr\/115938597612194354","error":""},"_links":{"self":[{"href":"https:\/\/www.europesays.com\/fr\/wp-json\/wp\/v2\/posts\/681278","targetHints":{"allow":["GET"]}}],"collection":[{"href":"https:\/\/www.europesays.com\/fr\/wp-json\/wp\/v2\/posts"}],"about":[{"href":"https:\/\/www.europesays.com\/fr\/wp-json\/wp\/v2\/types\/post"}],"author":[{"embeddable":true,"href":"https:\/\/www.europesays.com\/fr\/wp-json\/wp\/v2\/users\/2"}],"replies":[{"embeddable":true,"href":"https:\/\/www.europesays.com\/fr\/wp-json\/wp\/v2\/comments?post=681278"}],"version-history":[{"count":0,"href":"https:\/\/www.europesays.com\/fr\/wp-json\/wp\/v2\/posts\/681278\/revisions"}],"wp:featuredmedia":[{"embeddable":true,"href":"https:\/\/www.europesays.com\/fr\/wp-json\/wp\/v2\/media\/681279"}],"wp:attachment":[{"href":"https:\/\/www.europesays.com\/fr\/wp-json\/wp\/v2\/media?parent=681278"}],"wp:term":[{"taxonomy":"category","embeddable":true,"href":"https:\/\/www.europesays.com\/fr\/wp-json\/wp\/v2\/categories?post=681278"},{"taxonomy":"post_tag","embeddable":true,"href":"https:\/\/www.europesays.com\/fr\/wp-json\/wp\/v2\/tags?post=681278"}],"curies":[{"name":"wp","href":"https:\/\/api.w.org\/{rel}","templated":true}]}}