{"id":681339,"date":"2026-01-22T12:20:11","date_gmt":"2026-01-22T12:20:11","guid":{"rendered":"https:\/\/www.europesays.com\/fr\/681339\/"},"modified":"2026-01-22T12:20:11","modified_gmt":"2026-01-22T12:20:11","slug":"rhone-info-trafic-retour-a-la-normale-sur-les-routes","status":"publish","type":"post","link":"https:\/\/www.europesays.com\/fr\/681339\/","title":{"rendered":"Rh\u00f4ne. Info trafic :\u00a0retour \u00e0 la normale sur les routes"},"content":{"rendered":"<p>Le trafic est toujours intense aux diff\u00e9rentes entr\u00e9es de Lyon.<\/p>\n<p>Au sud<\/p>\n<p>Sur <strong>l&rsquo;A47<\/strong>, 2, 8 km de bouchons \u00e0 Givors vers Lyon sur toutes les voies puis 1,3 km \u00e0 Ternay. 8,5 km de Ternay \u00e0 Saint-Fons sur <strong>l&rsquo;A7<\/strong>. Sur l&rsquo;<strong>A46 sud<\/strong>, 11 km de bouchons de Marennes \u00e0 Saint-Priest. Sur <strong>l&rsquo;A450<\/strong>, 2,7 km de bouchons vers Lyon de Saint-Genis-Laval \u00e0 Pierre-B\u00e9nite.<\/p>\n<p>\u00c0 l&rsquo;est<\/p>\n<p>Toujours autant de monde sur <strong>l&rsquo;A43<\/strong> pour rejoindre le p\u00e9riph\u00e9rique lyonnais \u00a0: pr\u00e8s de vingt minutes de bouchons depuis la jonction avec l&rsquo;A432. Une dizaine de kilom\u00e8tres de bouchons est pr\u00e9sent. Sur la N346, 4,5 km de bouchons de D\u00e9cines-Charpieu \u00e0 Chassieu en direction de Saint-Priest.<\/p>\n<p>Au nord<\/p>\n<p>Sur <strong>l&rsquo;A42<\/strong>, 2,4 km de bouchons vers Lyon de Neyron \u00e0 Vaulx-en-Velin sur toutes les voies. Sur l&rsquo;<strong>A46 nord<\/strong>, 4 km de bouchons de Rillieux-la-Pape \u00e0 Neyron en direction de Lyon.<\/p>\n","protected":false},"excerpt":{"rendered":"Le trafic est toujours intense aux diff\u00e9rentes entr\u00e9es de Lyon. Au sud Sur l&rsquo;A47, 2, 8 km de&hellip;\n","protected":false},"author":2,"featured_media":681340,"comment_status":"","ping_status":"","sticky":false,"template":"","format":"standard","meta":{"footnotes":""},"categories":[1889],"tags":[1111,11,2430,3542,3152,2757,3153,3154,3155,3156,1777,674,107,1011,27,2428,12,25,2429,3151,2803],"class_list":{"0":"post-681339","1":"post","2":"type-post","3":"status-publish","4":"format-standard","5":"has-post-thumbnail","7":"category-lyon","8":"tag-actu","9":"tag-actualites","10":"tag-auvergne-rhone-alpes","11":"tag-circulation","12":"tag-edition-est-lyonnais","13":"tag-edition-lyon-villeurbanne","14":"tag-edition-ouest-lyonnais","15":"tag-edition-sud-lyonnais","16":"tag-edition-tarare","17":"tag-edition-villefranche","18":"tag-eu","19":"tag-europe","20":"tag-fil-info","21":"tag-fr","22":"tag-france","23":"tag-lyon","24":"tag-news","25":"tag-republique-francaise","26":"tag-rhone","27":"tag-selection-de-la-redaction-69","28":"tag-transport"},"share_on_mastodon":{"url":"https:\/\/pubeurope.com\/@fr\/115938723336422817","error":""},"_links":{"self":[{"href":"https:\/\/www.europesays.com\/fr\/wp-json\/wp\/v2\/posts\/681339","targetHints":{"allow":["GET"]}}],"collection":[{"href":"https:\/\/www.europesays.com\/fr\/wp-json\/wp\/v2\/posts"}],"about":[{"href":"https:\/\/www.europesays.com\/fr\/wp-json\/wp\/v2\/types\/post"}],"author":[{"embeddable":true,"href":"https:\/\/www.europesays.com\/fr\/wp-json\/wp\/v2\/users\/2"}],"replies":[{"embeddable":true,"href":"https:\/\/www.europesays.com\/fr\/wp-json\/wp\/v2\/comments?post=681339"}],"version-history":[{"count":0,"href":"https:\/\/www.europesays.com\/fr\/wp-json\/wp\/v2\/posts\/681339\/revisions"}],"wp:featuredmedia":[{"embeddable":true,"href":"https:\/\/www.europesays.com\/fr\/wp-json\/wp\/v2\/media\/681340"}],"wp:attachment":[{"href":"https:\/\/www.europesays.com\/fr\/wp-json\/wp\/v2\/media?parent=681339"}],"wp:term":[{"taxonomy":"category","embeddable":true,"href":"https:\/\/www.europesays.com\/fr\/wp-json\/wp\/v2\/categories?post=681339"},{"taxonomy":"post_tag","embeddable":true,"href":"https:\/\/www.europesays.com\/fr\/wp-json\/wp\/v2\/tags?post=681339"}],"curies":[{"name":"wp","href":"https:\/\/api.w.org\/{rel}","templated":true}]}}