{"id":68135,"date":"2025-05-02T00:53:08","date_gmt":"2025-05-02T00:53:08","guid":{"rendered":"https:\/\/www.europesays.com\/fr\/68135\/"},"modified":"2025-05-02T00:53:08","modified_gmt":"2025-05-02T00:53:08","slug":"previsions-du-vendredi-2-mai-2025-9","status":"publish","type":"post","link":"https:\/\/www.europesays.com\/fr\/68135\/","title":{"rendered":"pr\u00e9visions du vendredi 2 mai 2025"},"content":{"rendered":"<p>Le soleil sera dominant, la garantie d&rsquo;une belle journ\u00e9e \u00e0 Lyon ! Les temp\u00e9ratures afficheront entre 11\u00b0C et 25\u00b0C. Le matin, on pr\u00e9voit des valeurs avoisinant 19\u00b0C. Un vent de sud-est soufflera doucement. Une m\u00e9t\u00e9o plus chaude est pr\u00e9vue l&rsquo;apr\u00e8s-midi \u00e9tant donn\u00e9 que les temp\u00e9ratures vont conna\u00eetre une l\u00e9g\u00e8re augmentation. Les valeurs s&rsquo;\u00e9chelonneront entre 21 et 25\u00b0C. Un vent de sud est pr\u00e9vu : il soufflera \u00e0 20 km\/h. Une nuit claire vous attendra entre vendredi et samedi.<\/p>\n<p>Le soleil se fera d\u00e9sirer demain sur Lyon, o\u00f9 des nuages sont bien install\u00e9s. Mauvais temps : on pr\u00e9voit des pluies \u00e9parses. Les valeurs seront comprises entre 12 et 23\u00b0C. Une modeste brise de sud sera ressentie par les habitants. Toujours de la grisaille le matin. Les nuages vont s&rsquo;attarder. Demain apr\u00e8s-midi, des nuages ne voudront pas faire place au soleil. Les temp\u00e9ratures seront de 19\u00b0C au minimum et de 23\u00b0C au plus haut. La grisaille ne se disperse toujours pas, il va y avoir encore des nuages demain soir. Il faudra emporter son parapluie pour se prot\u00e9ger des pluies \u00e9parses.<\/p>\n<p>Les journ\u00e9es se suivent mais ne se ressemblent pas. La m\u00e9t\u00e9o sera variable les jours qui suivent. Dimanche, les conditions m\u00e9t\u00e9orologiques seront nuageuses alors qu&rsquo;une am\u00e9lioration est annonc\u00e9e lundi.<\/p>\n<p>Soyez prudent si vous \u00eates amen\u00e9s \u00e0 conduire, les conditions de circulation devraient \u00eatre perturb\u00e9es.<\/p>\n","protected":false},"excerpt":{"rendered":"Le soleil sera dominant, la garantie d&rsquo;une belle journ\u00e9e \u00e0 Lyon ! Les temp\u00e9ratures afficheront entre 11\u00b0C et&hellip;\n","protected":false},"author":2,"featured_media":68136,"comment_status":"","ping_status":"","sticky":false,"template":"","format":"standard","meta":{"footnotes":""},"categories":[1889],"tags":[1111,11,2430,1777,674,1011,27,2428,12,2119,25,2429,2431],"class_list":{"0":"post-68135","1":"post","2":"type-post","3":"status-publish","4":"format-standard","5":"has-post-thumbnail","7":"category-lyon","8":"tag-actu","9":"tag-actualites","10":"tag-auvergne-rhone-alpes","11":"tag-eu","12":"tag-europe","13":"tag-fr","14":"tag-france","15":"tag-lyon","16":"tag-news","17":"tag-previsions-meteo","18":"tag-republique-francaise","19":"tag-rhone","20":"tag-rhone-alpes"},"share_on_mastodon":{"url":"https:\/\/pubeurope.com\/@fr\/114435509914415007","error":""},"_links":{"self":[{"href":"https:\/\/www.europesays.com\/fr\/wp-json\/wp\/v2\/posts\/68135","targetHints":{"allow":["GET"]}}],"collection":[{"href":"https:\/\/www.europesays.com\/fr\/wp-json\/wp\/v2\/posts"}],"about":[{"href":"https:\/\/www.europesays.com\/fr\/wp-json\/wp\/v2\/types\/post"}],"author":[{"embeddable":true,"href":"https:\/\/www.europesays.com\/fr\/wp-json\/wp\/v2\/users\/2"}],"replies":[{"embeddable":true,"href":"https:\/\/www.europesays.com\/fr\/wp-json\/wp\/v2\/comments?post=68135"}],"version-history":[{"count":0,"href":"https:\/\/www.europesays.com\/fr\/wp-json\/wp\/v2\/posts\/68135\/revisions"}],"wp:featuredmedia":[{"embeddable":true,"href":"https:\/\/www.europesays.com\/fr\/wp-json\/wp\/v2\/media\/68136"}],"wp:attachment":[{"href":"https:\/\/www.europesays.com\/fr\/wp-json\/wp\/v2\/media?parent=68135"}],"wp:term":[{"taxonomy":"category","embeddable":true,"href":"https:\/\/www.europesays.com\/fr\/wp-json\/wp\/v2\/categories?post=68135"},{"taxonomy":"post_tag","embeddable":true,"href":"https:\/\/www.europesays.com\/fr\/wp-json\/wp\/v2\/tags?post=68135"}],"curies":[{"name":"wp","href":"https:\/\/api.w.org\/{rel}","templated":true}]}}