{"id":681361,"date":"2026-01-22T12:33:20","date_gmt":"2026-01-22T12:33:20","guid":{"rendered":"https:\/\/www.europesays.com\/fr\/681361\/"},"modified":"2026-01-22T12:33:20","modified_gmt":"2026-01-22T12:33:20","slug":"un-enfant-met-un-thermometre-au-four-pour-simuler-de-la-fievre-et-provoque-une-explosion","status":"publish","type":"post","link":"https:\/\/www.europesays.com\/fr\/681361\/","title":{"rendered":"Un enfant met un thermom\u00e8tre au four pour simuler de la fi\u00e8vre et provoque une explosion"},"content":{"rendered":"<p>Il pensait avoir eu une id\u00e9e de g\u00e9nie\u2026 En <a href=\"https:\/\/www.20minutes.fr\/dossier\/allemagne\" class=\"c-link c-link--is-underlined\" target=\"_blank\" rel=\"noopener\">Allemagne<\/a>, un enfant de 9 ans a provoqu\u00e9 une <a href=\"https:\/\/www.20minutes.fr\/monde\/explosion\/\" class=\"c-link c-link--is-underlined\" target=\"_blank\" rel=\"noopener\">explosion<\/a> chez lui apr\u00e8s avoir mis un thermom\u00e8tre dans le four. Comme l\u2019explique le m\u00e9dia allemand <a href=\"https:\/\/m.bild.de\/regional\/bayern\/junge-9-wollte-nicht-zur-schule-fieberthermometer-trick-loest-explosion-aus-696f64307b3af02f3abfe022?t_ref=http%3A%2F%2Fapp.newsgene.com%2F\" target=\"_blank\" class=\"c-link c-link--is-underlined\" rel=\"noopener\">Bild<\/a>, il voulait simuler de la fi\u00e8vre pour ne pas aller \u00e0 l\u2019<a href=\"https:\/\/www.20minutes.fr\/dossier\/ecole\" class=\"c-link c-link--is-underlined\" target=\"_blank\" rel=\"noopener\">\u00e9cole<\/a> le lendemain matin. Mais les choses ne se sont pas pass\u00e9es comme il l\u2019imaginait.<\/p>\n<p>Son plan a effectivement tourn\u00e9 au fiasco \u00e0 cause d\u2019un petit \u00ab\u00a0d\u00e9tail\u00a0\u00bb qu\u2019il n\u2019aurait pas d\u00fb n\u00e9gliger. Le four \u00e9tait r\u00e9gl\u00e9 sur 200\u00a0\u00b0C, mais \u00e0 cette temp\u00e9rature, le mercure se dilate fortement. Cons\u00e9quence\u00a0: le thermom\u00e8tre a tout simplement explos\u00e9 dans le four. Alert\u00e9s vers 19 heures, les pompiers et la police se sont rapidement rendus sur place.<\/p>\n<p>Pas de bless\u00e9<\/p>\n<p>Heureusement, personne n\u2019a \u00e9t\u00e9 bless\u00e9 et l\u2019explosion n\u2019a provoqu\u00e9 aucun incendie dans la maison. Les pompiers ont d\u00fb contenir le mercure lib\u00e9r\u00e9 et ventiler l\u2019appartement, explique la cha\u00eene de t\u00e9l\u00e9vision\u00a0<a href=\"https:\/\/www.br.de\/nachrichten\/bayern\/bub-will-fieber-vortaeuschen-thermometer-explodiert-im-ofen,V8pG1n6\" target=\"_blank\" class=\"c-link c-link--is-underlined\" rel=\"noopener\">BR<\/a>. Ils ont \u00e9galement\u00a0expliqu\u00e9 \u00e0 la famille qu\u2019elle allait devoir remplacer le four, d\u00e9sormais\u00a0contamin\u00e9 au mercure.<\/p>\n<p>Sur <a href=\"https:\/\/www.who.int\/fr\/news-room\/fact-sheets\/detail\/mercury-and-health\" target=\"_blank\" class=\"c-link c-link--is-underlined\" rel=\"noopener\">son site<\/a>, l\u2019Organisation mondiale de la Sant\u00e9 indique que le mercure est l\u2019une des dix\u00a0substances chimiques gravement pr\u00e9occupantes pour la sant\u00e9 publique.\u00a0Il peut avoir des effets toxiques sur les syst\u00e8mes nerveux, digestif et immunitaire ainsi que sur les poumons, les reins, la peau et les yeux. Les thermom\u00e8tres \u00e0 mercure ne sont plus vendus dans l\u2019Union europ\u00e9enne depuis\u00a02009.<\/p>\n","protected":false},"excerpt":{"rendered":"Il pensait avoir eu une id\u00e9e de g\u00e9nie\u2026 En Allemagne, un enfant de 9 ans a provoqu\u00e9 une&hellip;\n","protected":false},"author":2,"featured_media":681362,"comment_status":"","ping_status":"","sticky":false,"template":"","format":"standard","meta":{"footnotes":""},"categories":[1587],"tags":[47,11,672,1804,1805,1803,1122,1777,674,2688,118,1801,1757,74,12,1802],"class_list":{"0":"post-681361","1":"post","2":"type-post","3":"status-publish","4":"format-standard","5":"has-post-thumbnail","7":"category-allemagne","8":"tag-actualite","9":"tag-actualites","10":"tag-allemagne","11":"tag-bundesrepublik-deutschland","12":"tag-de","13":"tag-deutschland","14":"tag-ecole","15":"tag-eu","16":"tag-europe","17":"tag-explosion","18":"tag-faits-divers","19":"tag-germany","20":"tag-insolite","21":"tag-monde","22":"tag-news","23":"tag-republique-federale-dallemagne"},"share_on_mastodon":{"url":"https:\/\/pubeurope.com\/@fr\/115938774458530654","error":""},"_links":{"self":[{"href":"https:\/\/www.europesays.com\/fr\/wp-json\/wp\/v2\/posts\/681361","targetHints":{"allow":["GET"]}}],"collection":[{"href":"https:\/\/www.europesays.com\/fr\/wp-json\/wp\/v2\/posts"}],"about":[{"href":"https:\/\/www.europesays.com\/fr\/wp-json\/wp\/v2\/types\/post"}],"author":[{"embeddable":true,"href":"https:\/\/www.europesays.com\/fr\/wp-json\/wp\/v2\/users\/2"}],"replies":[{"embeddable":true,"href":"https:\/\/www.europesays.com\/fr\/wp-json\/wp\/v2\/comments?post=681361"}],"version-history":[{"count":0,"href":"https:\/\/www.europesays.com\/fr\/wp-json\/wp\/v2\/posts\/681361\/revisions"}],"wp:featuredmedia":[{"embeddable":true,"href":"https:\/\/www.europesays.com\/fr\/wp-json\/wp\/v2\/media\/681362"}],"wp:attachment":[{"href":"https:\/\/www.europesays.com\/fr\/wp-json\/wp\/v2\/media?parent=681361"}],"wp:term":[{"taxonomy":"category","embeddable":true,"href":"https:\/\/www.europesays.com\/fr\/wp-json\/wp\/v2\/categories?post=681361"},{"taxonomy":"post_tag","embeddable":true,"href":"https:\/\/www.europesays.com\/fr\/wp-json\/wp\/v2\/tags?post=681361"}],"curies":[{"name":"wp","href":"https:\/\/api.w.org\/{rel}","templated":true}]}}