{"id":68139,"date":"2025-05-02T00:56:10","date_gmt":"2025-05-02T00:56:10","guid":{"rendered":"https:\/\/www.europesays.com\/fr\/68139\/"},"modified":"2025-05-02T00:56:10","modified_gmt":"2025-05-02T00:56:10","slug":"interligues-jeunes-le-triomphe-de-lile-de-france-a-saint-die","status":"publish","type":"post","link":"https:\/\/www.europesays.com\/fr\/68139\/","title":{"rendered":"Interligues jeunes. Le triomphe de l\u2019\u00cele-de-France \u00e0 Saint-Di\u00e9"},"content":{"rendered":"<p>Tradition respect\u00e9e pour les interligues masculins \u00e0 Saint-Di\u00e9. Une organisation sans faille, un succ\u00e8s populaire, des matchs disput\u00e9s avec un niveau de jeu prometteur pour l\u2019avenir du handball fran\u00e7ais.<\/p>\n<p>Le tout sous le regard aiguis\u00e9 d\u2019un monument du hand, \u00e0 savoir Micha\u00ebl Guigou, d\u00e9sormais s\u00e9lectionneur national des U17, la cat\u00e9gorie concern\u00e9e par la comp\u00e9tition qui s\u2019est d\u00e9roul\u00e9e sur&#8230;<\/p>\n","protected":false},"excerpt":{"rendered":"Tradition respect\u00e9e pour les interligues masculins \u00e0 Saint-Di\u00e9. Une organisation sans faille, un succ\u00e8s populaire, des matchs disput\u00e9s&hellip;\n","protected":false},"author":2,"featured_media":68140,"comment_status":"","ping_status":"","sticky":false,"template":"","format":"standard","meta":{"footnotes":""},"categories":[1592],"tags":[1111,11,1777,674,1011,27,1792,662,12,626,25,517,1700],"class_list":{"0":"post-68139","1":"post","2":"type-post","3":"status-publish","4":"format-standard","5":"has-post-thumbnail","7":"category-ile-de-france","8":"tag-actu","9":"tag-actualites","10":"tag-eu","11":"tag-europe","12":"tag-fr","13":"tag-france","14":"tag-handball","15":"tag-ile-de-france","16":"tag-news","17":"tag-paris","18":"tag-republique-francaise","19":"tag-sport","20":"tag-sport-lorrain"},"share_on_mastodon":{"url":"https:\/\/pubeurope.com\/@fr\/114435521646083866","error":""},"_links":{"self":[{"href":"https:\/\/www.europesays.com\/fr\/wp-json\/wp\/v2\/posts\/68139","targetHints":{"allow":["GET"]}}],"collection":[{"href":"https:\/\/www.europesays.com\/fr\/wp-json\/wp\/v2\/posts"}],"about":[{"href":"https:\/\/www.europesays.com\/fr\/wp-json\/wp\/v2\/types\/post"}],"author":[{"embeddable":true,"href":"https:\/\/www.europesays.com\/fr\/wp-json\/wp\/v2\/users\/2"}],"replies":[{"embeddable":true,"href":"https:\/\/www.europesays.com\/fr\/wp-json\/wp\/v2\/comments?post=68139"}],"version-history":[{"count":0,"href":"https:\/\/www.europesays.com\/fr\/wp-json\/wp\/v2\/posts\/68139\/revisions"}],"wp:featuredmedia":[{"embeddable":true,"href":"https:\/\/www.europesays.com\/fr\/wp-json\/wp\/v2\/media\/68140"}],"wp:attachment":[{"href":"https:\/\/www.europesays.com\/fr\/wp-json\/wp\/v2\/media?parent=68139"}],"wp:term":[{"taxonomy":"category","embeddable":true,"href":"https:\/\/www.europesays.com\/fr\/wp-json\/wp\/v2\/categories?post=68139"},{"taxonomy":"post_tag","embeddable":true,"href":"https:\/\/www.europesays.com\/fr\/wp-json\/wp\/v2\/tags?post=68139"}],"curies":[{"name":"wp","href":"https:\/\/api.w.org\/{rel}","templated":true}]}}