{"id":681400,"date":"2026-01-22T12:58:11","date_gmt":"2026-01-22T12:58:11","guid":{"rendered":"https:\/\/www.europesays.com\/fr\/681400\/"},"modified":"2026-01-22T12:58:11","modified_gmt":"2026-01-22T12:58:11","slug":"action-devoile-une-prise-a-7-e-qui-aide-a-reduire-vos-factures-delectricite","status":"publish","type":"post","link":"https:\/\/www.europesays.com\/fr\/681400\/","title":{"rendered":"Action d\u00e9voile une prise \u00e0 7 \u20ac qui aide \u00e0 r\u00e9duire vos factures d\u2019\u00e9lectricit\u00e9"},"content":{"rendered":"<p>Facile \u00e0 installer, ultra accessible, et franchement bluffante<br \/>\nc\u00f4t\u00e9 utilit\u00e9 : cette <strong>prise connect\u00e9e sign\u00e9e Action<\/strong><br \/>\nfait de plus en plus d\u2019adeptes. Et pour moins de 7 euros, c\u2019est<br \/>\ndifficile de passer \u00e0 c\u00f4t\u00e9.<\/p>\n<p>Une prise connect\u00e9e \u00e0 petit prix qui change tout<\/p>\n<p>Pas besoin de tout domotiser pour avoir une maison plus<br \/>\n<strong>intelligente<\/strong> : il suffit parfois d\u2019un petit<br \/>\naccessoire malin. Depuis quelques semaines, la <a href=\"https:\/\/www.action.com\/fr-fr\/p\/3202088\/prise-connectee-avec-suivi-consommation-lsc-smart-connect\/\" target=\"_blank\" rel=\"nofollow noopener\"><strong>prise connect\u00e9e LSC<br \/>\nSmart Connect<\/strong><\/a> vendue chez <strong>Action<\/strong> fait<br \/>\nparler d\u2019elle, et pour cause : elle co\u00fbte seulement <strong>6,95<br \/>\neuros<\/strong> et permet de <strong>contr\u00f4ler vos appareils \u00e0<br \/>\ndistance<\/strong>, de suivre leur <strong>consommation<br \/>\n\u00e9lectrique<\/strong>, voire de <strong>lancer votre <a href=\"https:\/\/www.maison-travaux.fr\/sinformer\/cet-ingredient-pose-a-cote-de-votre-cafetiere-fait-disparaitre-lodeur-de-friture-en-quelques-minutes-607882.html\" target=\"_blank\" rel=\"noopener\"><br \/>\ncafeti\u00e8re<\/a> depuis votre lit<\/strong>.<\/p>\n<p>Le principe est simple : vous <strong>branchez la prise dans<br \/>\nvotre mur,<\/strong> puis votre appareil dessus. Ensuite, vous la<br \/>\nconnectez \u00e0 votre <strong>Wi-Fi<\/strong> et \u00e0 une application<br \/>\ngratuite d\u00e9di\u00e9e. Et hop, vous voil\u00e0 aux <strong>commandes de votre<br \/>\nmaison<\/strong>, m\u00eame depuis le bureau. Que ce soit pour<br \/>\n<strong>\u00e9teindre les lumi\u00e8res oubli\u00e9es<\/strong>, programmer des<br \/>\n<strong>plages horaires<\/strong> ou <strong>suivre combien consomme<br \/>\nvotre <a href=\"https:\/\/www.maison-travaux.fr\/sequiper\/conseils-pratiques\/technique-japon-factures-chauffage-hiver-economies-578127.html\" target=\"_blank\" rel=\"noopener\"><br \/>\nradiateur<\/a><\/strong>, cette prise remplit son contrat sans faire<br \/>\ngrimper la facture.<\/p>\n<p>Comment \u00e7a marche et pourquoi elle s\u00e9duit autant<\/p>\n<p>Ce qui bluffe d\u2019embl\u00e9e, c\u2019est sa <strong>facilit\u00e9<br \/>\nd\u2019installation<\/strong>. Pas besoin d\u2019\u00eatre <a href=\"https:\/\/www.maison-travaux.fr\/sequiper\/conseils-pratiques\/prise-electrique-courant-air-solution-economique-576601.html\" target=\"_blank\" rel=\"noopener\"><br \/>\n\u00e9lectricien<\/a>, ni m\u00eame bricoleur du dimanche. La prise est<br \/>\ncompatible avec les <strong>assistants vocaux<\/strong>, et<br \/>\nfonctionne avec une simple <strong>connexion Wi-Fi<\/strong>. Une<br \/>\nfois reli\u00e9e \u00e0 l\u2019appli mobile, vous pouvez g\u00e9rer <strong>en temps<br \/>\nr\u00e9el<\/strong> l\u2019\u00e9tat de vos appareils. Et \u00e7a, en hiver, quand<br \/>\nchaque kilowatt compte, c\u2019est un sacr\u00e9 plus.<\/p>\n<p>Mais ce n\u2019est pas tout : cette prise connect\u00e9e ne se contente<br \/>\npas d\u2019ex\u00e9cuter vos ordres \u00e0 distance. Elle vous aide aussi \u00e0<br \/>\n<strong>mieux comprendre votre <a href=\"https:\/\/www.maison-travaux.fr\/renover\/gros-oeuvre-renovation-par-type\/chauffage-renovation-par-type\/suede-invention-vivre-sans-chauffage-581177.html\" target=\"_blank\" rel=\"noopener\"><br \/>\nconsommation \u00e9nerg\u00e9tique<\/a><\/strong>. Gr\u00e2ce \u00e0 la fonction de<br \/>\n<strong>suivi de consommation<\/strong>, vous pouvez visualiser<br \/>\nquels appareils sont les plus gourmands, ajuster leur utilisation,<br \/>\net potentiellement all\u00e9ger votre facture. Et au prix de 6,95 euros,<br \/>\nc\u2019est probablement l\u2019investissement <strong>le plus rentable de la<br \/>\nsaison.<\/strong><\/p>\n<blockquote class=\"instagram-media\" style=\"background: #ffffff;border: 0;margin: 1px;width: 100%;padding: 0;max-width: 500px;\" data-instgrm-permalink=\"https:\/\/www.instagram.com\/p\/DTP8_8gCm23\/?hl=fr\" data-instgrm-version=\"14\"\/><p>\nUn accessoire valid\u00e9 et pl\u00e9biscit\u00e9<\/p>\n<p>Ce n\u2019est pas un gadget de plus qui finira oubli\u00e9 dans un tiroir.<br \/>\nEn <strong>ao\u00fbt 2025<\/strong>, la prise <strong>LSC Smart<br \/>\nConnect<\/strong> a \u00e9t\u00e9 \u00e9lue <strong>\u00ab\u00a0Ma\u00eetre Achat\u00a0\u00bb par<br \/>\nTestAchats<\/strong>, l\u2019\u00e9quivalent belge de UFC-Que Choisir. Une<br \/>\nreconnaissance qui cr\u00e9dibilise d\u2019autant plus ce petit objet malin<br \/>\nvendu <strong>en exclusivit\u00e9 chez <a href=\"https:\/\/www.maison-travaux.fr\/actualites\/produits-actualites\/fleurs-oiseaux-lisere-vert-action-devoile-serie-dassiettes-porcelaine-allure-vintage-piece-sublimer-tables-611519.html\" target=\"_blank\" rel=\"noopener\"><br \/>\nAction<\/a>.<\/strong><\/p>\n<p>C\u00f4t\u00e9 design, rien de superflu : elle est<br \/>\n<strong>blanche<\/strong>, sobre, dot\u00e9e d\u2019un <strong>interrupteur<br \/>\nmarche\/arr\u00eat<\/strong>, et pr\u00e9vue pour une <strong>utilisation en<br \/>\nint\u00e9rieur<\/strong>. Avec une puissance maximale de <strong>3680<br \/>\nwatts<\/strong>, elle peut accueillir la plupart des <a href=\"https:\/\/www.maison-travaux.fr\/electromenager\/voici-a-quel-moment-remplacer-vos-appareils-electromenagers-pour-eviter-la-grosse-erreur-qui-coute-cher-609018.html\" target=\"_blank\" rel=\"noopener\"><br \/>\nappareils \u00e9lectrom\u00e9nagers<\/a> du quotidien. Elle fonctionne avec<br \/>\nune <strong>prise \u00e0 deux broches<\/strong>, et dispose d\u2019une<br \/>\n<strong>broche de terre<\/strong> pour plus de s\u00e9curit\u00e9.<\/p>\n<p><script async src=\"\/\/www.instagram.com\/embed.js\"><\/script><\/p>\n","protected":false},"excerpt":{"rendered":"Facile \u00e0 installer, ultra accessible, et franchement bluffante c\u00f4t\u00e9 utilit\u00e9 : cette prise connect\u00e9e sign\u00e9e Action fait de&hellip;\n","protected":false},"author":2,"featured_media":681401,"comment_status":"","ping_status":"","sticky":false,"template":"","format":"standard","meta":{"footnotes":""},"categories":[6],"tags":[3691,13041,631,4526,35,33318,36670,851,77882,23544,33,34,62657,1011,27,6736,45578,12559,3583,9114,96,4023],"class_list":{"0":"post-681400","1":"post","2":"type-post","3":"status-publish","4":"format-standard","5":"has-post-thumbnail","7":"category-economie","8":"tag-3691","9":"tag-a","10":"tag-action","11":"tag-aide","12":"tag-business","13":"tag-cet","14":"tag-delectricite","15":"tag-devoile","16":"tag-drastiquement","17":"tag-e","18":"tag-economie","19":"tag-economy","20":"tag-factures","21":"tag-fr","22":"tag-france","23":"tag-hiver","24":"tag-magique","25":"tag-prise","26":"tag-qui","27":"tag-reduire","28":"tag-une","29":"tag-vos"},"share_on_mastodon":{"url":"https:\/\/pubeurope.com\/@fr\/115938872807483733","error":""},"_links":{"self":[{"href":"https:\/\/www.europesays.com\/fr\/wp-json\/wp\/v2\/posts\/681400","targetHints":{"allow":["GET"]}}],"collection":[{"href":"https:\/\/www.europesays.com\/fr\/wp-json\/wp\/v2\/posts"}],"about":[{"href":"https:\/\/www.europesays.com\/fr\/wp-json\/wp\/v2\/types\/post"}],"author":[{"embeddable":true,"href":"https:\/\/www.europesays.com\/fr\/wp-json\/wp\/v2\/users\/2"}],"replies":[{"embeddable":true,"href":"https:\/\/www.europesays.com\/fr\/wp-json\/wp\/v2\/comments?post=681400"}],"version-history":[{"count":0,"href":"https:\/\/www.europesays.com\/fr\/wp-json\/wp\/v2\/posts\/681400\/revisions"}],"wp:featuredmedia":[{"embeddable":true,"href":"https:\/\/www.europesays.com\/fr\/wp-json\/wp\/v2\/media\/681401"}],"wp:attachment":[{"href":"https:\/\/www.europesays.com\/fr\/wp-json\/wp\/v2\/media?parent=681400"}],"wp:term":[{"taxonomy":"category","embeddable":true,"href":"https:\/\/www.europesays.com\/fr\/wp-json\/wp\/v2\/categories?post=681400"},{"taxonomy":"post_tag","embeddable":true,"href":"https:\/\/www.europesays.com\/fr\/wp-json\/wp\/v2\/tags?post=681400"}],"curies":[{"name":"wp","href":"https:\/\/api.w.org\/{rel}","templated":true}]}}