{"id":68141,"date":"2025-05-02T00:57:22","date_gmt":"2025-05-02T00:57:22","guid":{"rendered":"https:\/\/www.europesays.com\/fr\/68141\/"},"modified":"2025-05-02T00:57:22","modified_gmt":"2025-05-02T00:57:22","slug":"des-bouchers-arretent-un-cambrioleur-avec-un-butin-de-300-000-euros","status":"publish","type":"post","link":"https:\/\/www.europesays.com\/fr\/68141\/","title":{"rendered":"Des bouchers arr\u00eatent un cambrioleur avec un butin de 300.000 euros"},"content":{"rendered":"<p>Des bouchers Label Rouge de la solidarit\u00e9. Alors qu\u2019ils constataient que la bijouterie \u00e0 c\u00f4t\u00e9 de leur commerce, dans le 16e\u00a0arrondissement de <a href=\"https:\/\/www.20minutes.fr\/paris\/\" class=\"color-ultramarine c-link\" target=\"_blank\" rel=\"noopener\">Paris<\/a>, \u00e9tait <a href=\"https:\/\/www.20minutes.fr\/dossier\/cambriolage\" class=\"color-ultramarine c-link\" target=\"_blank\" rel=\"noopener\">cambriol\u00e9e <\/a>mardi pendant la pause d\u00e9jeuner, deux bouchers ont proc\u00e9d\u00e9 \u00e0 l\u2019arrestation du suspect, <a href=\"https:\/\/www.leparisien.fr\/faits-divers\/il-etait-en-train-de-remplir-une-valise-de-bijoux-a-paris-les-bouchers-arretent-le-voleur-de-la-joaillerie-30-04-2025-LUZ43OPBOVFWFEKNCU7X4BC2IM.php\" target=\"_blank\" class=\"color-ultramarine c-link\" rel=\"noopener\">rapporte Le Parisien<\/a>. Alert\u00e9s par l\u2019alarme de la boutique, les deux Samaritains ont aper\u00e7u \u00ab\u00a0un gars en train de remplir une valise de bijoux\u00a0\u00bb, explique l\u2019un d\u2019eux au quotidien.<\/p>\n<p>Ne captant pas qu\u2019il avait \u00e9t\u00e9 vu, le suspect est sorti comme si de rien n\u2019\u00e9tait de la <a href=\"https:\/\/www.20minutes.fr\/dossier\/bijouterie\" class=\"color-ultramarine c-link\" target=\"_blank\" rel=\"noopener\">bijouterie<\/a>. Et a \u00e9t\u00e9 pris en chasse par l\u2019un des deux bouchers qui l\u2019a ma\u00eetris\u00e9 apr\u00e8s un sprint. \u00ab\u00a0Entre commer\u00e7ants, c\u2019est normal de s\u2019entraider\u00a0\u00bb, jugent-ils.<\/p>\n<\/p>\n<p>L\u2019alarme avait \u00e9galement incit\u00e9 une voisine \u00e0 appeler la police, ce qui a fait que les forces de l\u2019ordre sont rapidement intervenues. Selon une source polici\u00e8re relay\u00e9e par Le Parisien, la valise contenait pour pr\u00e8s de 300.000 euros de bijoux.<\/p>\n","protected":false},"excerpt":{"rendered":"Des bouchers Label Rouge de la solidarit\u00e9. Alors qu\u2019ils constataient que la bijouterie \u00e0 c\u00f4t\u00e9 de leur commerce,&hellip;\n","protected":false},"author":2,"featured_media":68142,"comment_status":"","ping_status":"","sticky":false,"template":"","format":"standard","meta":{"footnotes":""},"categories":[1888],"tags":[1111,1928,47,11,1927,4336,1174,215,1777,674,118,658,1011,27,662,12,1926,626,1925,25,10912],"class_list":{"0":"post-68141","1":"post","2":"type-post","3":"status-publish","4":"format-standard","5":"has-post-thumbnail","7":"category-paris","8":"tag-actu","9":"tag-actu-paris","10":"tag-actualite","11":"tag-actualites","12":"tag-actualites-paris","13":"tag-boucherie","14":"tag-cambriolage","15":"tag-commerce","16":"tag-eu","17":"tag-europe","18":"tag-faits-divers","19":"tag-faits-divers-paris","20":"tag-fr","21":"tag-france","22":"tag-ile-de-france","23":"tag-news","24":"tag-news-paris","25":"tag-paris","26":"tag-paris-news","27":"tag-republique-francaise","28":"tag-voleur"},"share_on_mastodon":{"url":"https:\/\/pubeurope.com\/@fr\/114435525738756055","error":""},"_links":{"self":[{"href":"https:\/\/www.europesays.com\/fr\/wp-json\/wp\/v2\/posts\/68141","targetHints":{"allow":["GET"]}}],"collection":[{"href":"https:\/\/www.europesays.com\/fr\/wp-json\/wp\/v2\/posts"}],"about":[{"href":"https:\/\/www.europesays.com\/fr\/wp-json\/wp\/v2\/types\/post"}],"author":[{"embeddable":true,"href":"https:\/\/www.europesays.com\/fr\/wp-json\/wp\/v2\/users\/2"}],"replies":[{"embeddable":true,"href":"https:\/\/www.europesays.com\/fr\/wp-json\/wp\/v2\/comments?post=68141"}],"version-history":[{"count":0,"href":"https:\/\/www.europesays.com\/fr\/wp-json\/wp\/v2\/posts\/68141\/revisions"}],"wp:featuredmedia":[{"embeddable":true,"href":"https:\/\/www.europesays.com\/fr\/wp-json\/wp\/v2\/media\/68142"}],"wp:attachment":[{"href":"https:\/\/www.europesays.com\/fr\/wp-json\/wp\/v2\/media?parent=68141"}],"wp:term":[{"taxonomy":"category","embeddable":true,"href":"https:\/\/www.europesays.com\/fr\/wp-json\/wp\/v2\/categories?post=68141"},{"taxonomy":"post_tag","embeddable":true,"href":"https:\/\/www.europesays.com\/fr\/wp-json\/wp\/v2\/tags?post=68141"}],"curies":[{"name":"wp","href":"https:\/\/api.w.org\/{rel}","templated":true}]}}