{"id":68143,"date":"2025-05-02T00:58:15","date_gmt":"2025-05-02T00:58:15","guid":{"rendered":"https:\/\/www.europesays.com\/fr\/68143\/"},"modified":"2025-05-02T00:58:15","modified_gmt":"2025-05-02T00:58:15","slug":"des-elus-socialistes-violemment-agresses-par-des-black-blocs-dans-la-manif","status":"publish","type":"post","link":"https:\/\/www.europesays.com\/fr\/68143\/","title":{"rendered":"Des \u00e9lus socialistes violemment agress\u00e9s par des black blocs dans la manif"},"content":{"rendered":"<p>Sc\u00e8nes de <a href=\"https:\/\/www.20minutes.fr\/monde\/violences\/\" target=\"_blank\" class=\"color-ultramarine c-link\" rel=\"nofollow noopener\">violences<\/a> dans le cort\u00e8ge parisien de la f\u00eate du Travail en ce <a href=\"https:\/\/www.20minutes.fr\/dossier\/1er_mai\" target=\"_blank\" class=\"color-ultramarine c-link\" rel=\"nofollow noopener\">1er\u00a0mai<\/a>. Plusieurs militants et \u00e9lus <a href=\"https:\/\/www.20minutes.fr\/politique\/ps\/\" target=\"_blank\" class=\"color-ultramarine c-link\" rel=\"nofollow noopener\">socialistes<\/a> ont \u00e9t\u00e9 violemment pris \u00e0 partie par des groupes identifi\u00e9s comme des black blocs. Le Parti socialiste a d\u00e9nonc\u00e9 une agression cibl\u00e9e, qualifi\u00e9e de fanatique, et annonc\u00e9 des d\u00e9p\u00f4ts de plainte.<\/p>\n<p>L\u2019incident s\u2019est produit en milieu d\u2019apr\u00e8s-midi, sur le stand du PS install\u00e9 le long du parcours de la manifestation. \u00ab\u00a0Des socialistes ont \u00e9t\u00e9 physiquement agress\u00e9s par des <a href=\"https:\/\/www.20minutes.fr\/societe\/black-blocs\/\" target=\"_blank\" class=\"color-ultramarine c-link\" rel=\"nofollow noopener\">black blocs<\/a> ignorant toute conscience collective en ces temps de bascule historique\u00a0\u00bb, a d\u00e9nonc\u00e9 <a href=\"https:\/\/www.20minutes.fr\/politique\/olivier-faure\/\" target=\"_blank\" class=\"color-ultramarine c-link\" rel=\"nofollow noopener\">Olivier Faure<\/a>, premier secr\u00e9taire du PS, sur X. \u00ab\u00a0Nous n\u2019accepterons jamais la violence de fanatiques qui ne servent aucune cause\u00a0\u00bb, a-t-il ajout\u00e9.<\/p>\n<p>\u00ab\u00a0Tout le monde d\u00e9teste le PS\u00a0\u00bb<\/p>\n<p>Des individus v\u00eatus de noir, arborant parfois des drapeaux antifascistes, ont bouscul\u00e9 violemment militants et \u00e9lus. Certains scandaient \u00ab\u00a0Tout le monde d\u00e9teste le PS\u00a0\u00bb, en arrachant drapeaux et banderoles socialistes. La d\u00e9put\u00e9e europ\u00e9enne Chlo\u00e9 Ridel \u00e9voque un stand \u00ab\u00a0d\u00e9truit\u00a0\u00bb, un camarade \u00ab\u00a0lynch\u00e9 au sol\u00a0\u00bb et \u00ab\u00a0un autre \u00e9lu bless\u00e9\u00a0\u00bb. Elle affirme que des \u00ab\u00a0coups de pied, coups de poing\u00a0\u00bb ont \u00e9t\u00e9 port\u00e9s \u00e0 plusieurs personnes.<\/p>\n<\/p>\n<p>Le d\u00e9put\u00e9 socialiste J\u00e9r\u00f4me Guedj, d\u00e9j\u00e0 pris \u00e0 partie quelques jours plus t\u00f4t lors d\u2019un rassemblement contre l\u2019islamophobie, a une nouvelle fois \u00e9t\u00e9 vis\u00e9. \u00ab\u00a0Un premier groupe nous a insult\u00e9s de tra\u00eetres\u00a0\u00bb, relate-t-il, avant qu\u2019une trentaine d\u2019individus \u00ab\u00a0comme des black blocs\u00a0\u00bb ne lancent une charge accompagn\u00e9e de jets de bombes agricoles. \u00ab\u00a0Ces gens-l\u00e0 se tournaient beaucoup vers moi pour m\u2019insulter\u00a0\u00bb, pr\u00e9cise-t-il.<\/p>\n<blockquote class=\"twitter-tweet\" align=\"center\" data-lang=\"fr_FR\">\n<p lang=\"fr\" dir=\"ltr\">Je viens d\u2019appeler les t\u00e9moins et victimes de l\u2019agression des black blocks \u00e0 Paris. Je remercie le service d\u2019ordre et les militants qui se sont interpos\u00e9s avec courage pour \u00e9viter le pire. A tous les pr\u00e9sents, tout mon soutien et la solidarit\u00e9 de tous les socialistes. Nous sommes\u2026<\/p>\n<p>\u2014 Olivier Faure (@faureolivier) <a href=\"https:\/\/twitter.com\/faureolivier\/status\/1917970186042306578?ref_src=twsrc%5Etfw\" rel=\"nofollow noopener\" target=\"_blank\">May 1, 2025<\/a><\/p><\/blockquote>\n<p class=\"mb-m@xs text-l@xs\">En cliquant sur\u00ab J\u2019accepte \u00bb, vous acceptez le d\u00e9p\u00f4t de cookies par des services externes et aurez ainsi acc\u00e8s aux contenus de nos partenaires.<\/p>\n<p class=\"mb-xl@xs text-s@xs\">Plus d\u2019informations sur la page<a href=\"https:\/\/www.20minutes.fr\/gestion-cookies\" class=\"mx-xxs@xs color-ultramarine\" rel=\"nofollow noopener\" target=\"_blank\">Politique de gestion des cookies<\/a><\/p>\n<p>J\u2019accepte\u00ab\u00a0Total soutien\u00a0\u00bb du parti communiste<\/p>\n<p>Les tensions entre la gauche radicale et les socialistes sont exacerb\u00e9es depuis le refus du PS de voter les motions de censure contre Fran\u00e7ois Bayrou cet hiver. Mais <a href=\"https:\/\/www.20minutes.fr\/politique\/france-insoumise\/\" target=\"_blank\" class=\"color-ultramarine c-link\" rel=\"nofollow noopener\">LFI,<\/a> souvent soup\u00e7onn\u00e9e par ses d\u00e9tracteurs de fermer les yeux sur certaines violences militantes, a tenu \u00e0 se distancier. \u00ab\u00a0Merci aux m\u00e9dias d\u2019arr\u00eater de nous imputer n\u2019importe quelle action\u00a0\u00bb, a d\u00e9clar\u00e9 <a href=\"https:\/\/www.20minutes.fr\/politique\/manuel-bompard\/\" target=\"_blank\" class=\"color-ultramarine c-link\" rel=\"nofollow noopener\">Manuel Bompard<\/a>, sans pour autant condamner clairement les violences. Il s\u2019est content\u00e9 de dire\u00a0: \u00ab\u00a0Nous ne sommes pas d\u2019accord avec le fait que l\u2019on r\u00e8gle des d\u00e9saccords politiques comme cela.\u00a0\u00bb<\/p>\n<p><a href=\"https:\/\/www.20minutes.fr\/dossier\/1er_mai\" target=\"_blank\" class=\"c-link c-btn c-btn--primary\" rel=\"nofollow noopener\">Notre dossier sur le 1er-Mai<\/a><\/p>\n<p>Le ministre de l\u2019Int\u00e9rieur <a href=\"https:\/\/www.20minutes.fr\/dossier\/bruno_retailleau\" target=\"_blank\" class=\"color-ultramarine c-link\" rel=\"nofollow noopener\">Bruno Retailleau<\/a> a confirm\u00e9 l\u2019intervention des forces de l\u2019ordre, pr\u00e9cisant que des interpellations ont eu lieu. Il a exprim\u00e9 son \u00ab\u00a0soutien\u00a0\u00bb aux militants agress\u00e9s, d\u00e9non\u00e7ant une \u00ab\u00a0violence politique que l\u2019extr\u00eame gauche essaie d\u2019installer dans notre pays\u00a0\u00bb. La secr\u00e9taire g\u00e9n\u00e9rale de la CGT, Sophie Binet, a sobrement d\u00e9clar\u00e9 sur LCI\u00a0: \u00ab\u00a0Ce sont les violences qui ne sont pas les bienvenues dans ces cort\u00e8ges.\u00a0\u00bb <a href=\"https:\/\/www.20minutes.fr\/politique\/fabien-roussel\/\" target=\"_blank\" class=\"color-ultramarine c-link\" rel=\"nofollow noopener\">Fabien Roussel<\/a>, dirigeant du Parti communiste, a quant \u00e0 lui exprim\u00e9 son \u00ab\u00a0total soutien\u00a0\u00bb aux \u00e9lus et militants du PS.<\/p>\n<p><script async src=\"https:\/\/platform.twitter.com\/widgets.js\" charset=\"utf-8\"><\/script><\/p>\n","protected":false},"excerpt":{"rendered":"Sc\u00e8nes de violences dans le cort\u00e8ge parisien de la f\u00eate du Travail en ce 1er\u00a0mai. Plusieurs militants et&hellip;\n","protected":false},"author":2,"featured_media":68144,"comment_status":"","ping_status":"","sticky":false,"template":"","format":"standard","meta":{"footnotes":""},"categories":[1888],"tags":[10916,1111,1928,47,11,1927,1120,1777,674,1011,27,662,1023,1272,12,1926,4393,626,1925,4484,25,13696,104,809],"class_list":{"0":"post-68143","1":"post","2":"type-post","3":"status-publish","4":"format-standard","5":"has-post-thumbnail","7":"category-paris","8":"tag-1er-mai","9":"tag-actu","10":"tag-actu-paris","11":"tag-actualite","12":"tag-actualites","13":"tag-actualites-paris","14":"tag-agression","15":"tag-eu","16":"tag-europe","17":"tag-fr","18":"tag-france","19":"tag-ile-de-france","20":"tag-la-france-insoumise-lfi","21":"tag-manifestations","22":"tag-news","23":"tag-news-paris","24":"tag-olivier-faure","25":"tag-paris","26":"tag-paris-news","27":"tag-parti-socialiste-ps","28":"tag-republique-francaise","29":"tag-socialiste","30":"tag-societe","31":"tag-violence"},"share_on_mastodon":{"url":"https:\/\/pubeurope.com\/@fr\/114435529440263302","error":""},"_links":{"self":[{"href":"https:\/\/www.europesays.com\/fr\/wp-json\/wp\/v2\/posts\/68143","targetHints":{"allow":["GET"]}}],"collection":[{"href":"https:\/\/www.europesays.com\/fr\/wp-json\/wp\/v2\/posts"}],"about":[{"href":"https:\/\/www.europesays.com\/fr\/wp-json\/wp\/v2\/types\/post"}],"author":[{"embeddable":true,"href":"https:\/\/www.europesays.com\/fr\/wp-json\/wp\/v2\/users\/2"}],"replies":[{"embeddable":true,"href":"https:\/\/www.europesays.com\/fr\/wp-json\/wp\/v2\/comments?post=68143"}],"version-history":[{"count":0,"href":"https:\/\/www.europesays.com\/fr\/wp-json\/wp\/v2\/posts\/68143\/revisions"}],"wp:featuredmedia":[{"embeddable":true,"href":"https:\/\/www.europesays.com\/fr\/wp-json\/wp\/v2\/media\/68144"}],"wp:attachment":[{"href":"https:\/\/www.europesays.com\/fr\/wp-json\/wp\/v2\/media?parent=68143"}],"wp:term":[{"taxonomy":"category","embeddable":true,"href":"https:\/\/www.europesays.com\/fr\/wp-json\/wp\/v2\/categories?post=68143"},{"taxonomy":"post_tag","embeddable":true,"href":"https:\/\/www.europesays.com\/fr\/wp-json\/wp\/v2\/tags?post=68143"}],"curies":[{"name":"wp","href":"https:\/\/api.w.org\/{rel}","templated":true}]}}