{"id":681430,"date":"2026-01-22T13:15:55","date_gmt":"2026-01-22T13:15:55","guid":{"rendered":"https:\/\/www.europesays.com\/fr\/681430\/"},"modified":"2026-01-22T13:15:55","modified_gmt":"2026-01-22T13:15:55","slug":"fascination-ou-surveillance-que-font-les-umarells-aux-abords-du-chantier-de-la-dalle-du-parking","status":"publish","type":"post","link":"https:\/\/www.europesays.com\/fr\/681430\/","title":{"rendered":"Fascination ou surveillance\u00a0? Que font les umarells aux abords du chantier de la dalle du parking"},"content":{"rendered":"<p>Debout derri\u00e8re la grille, le regard pench\u00e9 vers la grosse pelle qui gratte la Vilaine, Philippe Laclie, 71\u00a0ans, s\u2019int\u00e9resse de pr\u00e8s <a href=\"https:\/\/rennes.maville.com\/actu\/actudet_-la-demolition-du-parking-vilaine-a-rennes-debute-trois-dates-et-deux-cartes-pour-tout-comprendre-_7-7016866_actu.Htm\" target=\"_blank\" rel=\"noopener\">au chantier de d\u00e9construction du parking de la dalle Vilaine<\/a>. Entre deux photos des travaux captur\u00e9es avec son smartphone \u00e0 l\u2019horizontale, cet ing\u00e9nieur \u00e0 la retraite explique simplement.\u00a0Ce n\u2019est pas tr\u00e8s compliqu\u00e9 comme chantier. Il suffit d\u2019avoir du gros mat\u00e9riel\u00a0, estime celui qui est arriv\u00e9 \u00e0 Rennes en 1982.<\/p>\n<p>\u00ab\u00a0Une ouverture pas tr\u00e8s pertinente\u00a0\u00bb<\/p>\n<p>Apr\u00e8s avoir travaill\u00e9 dix ans dans l\u2019industrie, il a pass\u00e9 une grande partie de sa vie \u00e0 enseigner la construction m\u00e9canique \u00e0 un niveau lyc\u00e9e \u00e0 Cesson-S\u00e9vign\u00e9. Un pass\u00e9 et des connaissances qui rendent le septuag\u00e9naire toujours aussi curieux face \u00e0 un quelconque chantier. \u00a0Je ne trouve pas cette ouverture sur la Vilaine tr\u00e8s pertinente pour les commerces. Apr\u00e8s, j\u2019ai lu que \u00e7a devrait permettre au centre-ville de mieux respirer. Je veux bien le croire\u00a0, temp\u00e8re-t-il.<\/p>\n<p>V\u00e9ritable passion chez de nombreux hommes \u00e0 la retraite, la contemplation des chantiers, allant de pair avec des conseils non sollicit\u00e9s parfois balanc\u00e9s aux ouvriers sur place, a \u00e9t\u00e9 conceptualis\u00e9e par <a href=\"https:\/\/www.instagram.com\/umarells\/\" target=\"_blank\" rel=\"noopener\">Danilo Masotti un \u00e9crivain italien, originaire de Bologne<\/a>. Ce dernier les nomme les \u00a0umarells\u00a0. Lorsque ceux-ci expriment des avis en dehors de leurs domaines de comp\u00e9tence, cela s\u2019appelle de l\u2019ultracr\u00e9pidarianisme (en fran\u00e7ais).<\/p>\n<p>\u00ab\u00a0On va respirer\u00a0\u00bb<\/p>\n<p>Aux abords du chantier de la dalle Vilaine, ce sont, chaque jour, des dizaines d\u2019umarells qui s\u2019arr\u00eatent. Sur le quai Duguay-Trouin, Cathou Oudin et Henri Ancelly portent un regard diff\u00e9rent de celui de l\u2019umarell type. Ces deux jeunes retrait\u00e9s sont plus fascin\u00e9s qu\u2019autre chose\u00a0: \u00a0Avant le lancement, je n\u2019arrivais pas \u00e0 imaginer comment cela pouvait se d\u00e9rouler. Je trouve \u00e7a tellement bien organis\u00e9. Tout est pens\u00e9. M\u00eame pour les oiseaux et les chauves-souris qui vivaient sous le parking, \u00e9vacu\u00e9s en amont\u00a0, confie Cathou Oudin. \u00a0On se plaint souvent qu\u2019on d\u00e9truit. Et l\u00e0, pour une fois, je me r\u00e9jouis de voir qu\u2019on redonne la place \u00e0 la nature, conclut Henri Ancelly. On va respirer en centre-ville.\u00a0<\/p>\n<p>\u00a0<\/p>\n<p>\t\t<script async src=\"\/\/www.instagram.com\/embed.js\"><\/script><\/p>\n","protected":false},"excerpt":{"rendered":"Debout derri\u00e8re la grille, le regard pench\u00e9 vers la grosse pelle qui gratte la Vilaine, Philippe Laclie, 71\u00a0ans,&hellip;\n","protected":false},"author":2,"featured_media":681431,"comment_status":"","ping_status":"","sticky":false,"template":"","format":"standard","meta":{"footnotes":""},"categories":[2821],"tags":[25249,1111,11,829,4107,38023,1777,674,77883,7234,1011,27,12,16025,584,25,6689,9673,77884,7009,9693],"class_list":{"0":"post-681430","1":"post","2":"type-post","3":"status-publish","4":"format-standard","5":"has-post-thumbnail","7":"category-rennes","8":"tag-abords","9":"tag-actu","10":"tag-actualites","11":"tag-bretagne","12":"tag-chantier","13":"tag-dalle","14":"tag-eu","15":"tag-europe","16":"tag-fascination","17":"tag-font","18":"tag-fr","19":"tag-france","20":"tag-news","21":"tag-parking","22":"tag-rennes","23":"tag-republique-francaise","24":"tag-roche","25":"tag-surveillance","26":"tag-umarells","27":"tag-vilaine","28":"tag-yon"},"share_on_mastodon":{"url":"https:\/\/pubeurope.com\/@fr\/115938943625661286","error":""},"_links":{"self":[{"href":"https:\/\/www.europesays.com\/fr\/wp-json\/wp\/v2\/posts\/681430","targetHints":{"allow":["GET"]}}],"collection":[{"href":"https:\/\/www.europesays.com\/fr\/wp-json\/wp\/v2\/posts"}],"about":[{"href":"https:\/\/www.europesays.com\/fr\/wp-json\/wp\/v2\/types\/post"}],"author":[{"embeddable":true,"href":"https:\/\/www.europesays.com\/fr\/wp-json\/wp\/v2\/users\/2"}],"replies":[{"embeddable":true,"href":"https:\/\/www.europesays.com\/fr\/wp-json\/wp\/v2\/comments?post=681430"}],"version-history":[{"count":0,"href":"https:\/\/www.europesays.com\/fr\/wp-json\/wp\/v2\/posts\/681430\/revisions"}],"wp:featuredmedia":[{"embeddable":true,"href":"https:\/\/www.europesays.com\/fr\/wp-json\/wp\/v2\/media\/681431"}],"wp:attachment":[{"href":"https:\/\/www.europesays.com\/fr\/wp-json\/wp\/v2\/media?parent=681430"}],"wp:term":[{"taxonomy":"category","embeddable":true,"href":"https:\/\/www.europesays.com\/fr\/wp-json\/wp\/v2\/categories?post=681430"},{"taxonomy":"post_tag","embeddable":true,"href":"https:\/\/www.europesays.com\/fr\/wp-json\/wp\/v2\/tags?post=681430"}],"curies":[{"name":"wp","href":"https:\/\/api.w.org\/{rel}","templated":true}]}}