{"id":681459,"date":"2026-01-22T13:31:16","date_gmt":"2026-01-22T13:31:16","guid":{"rendered":"https:\/\/www.europesays.com\/fr\/681459\/"},"modified":"2026-01-22T13:31:16","modified_gmt":"2026-01-22T13:31:16","slug":"rues-vegetalisees-transports-maritimes-nucleaires-un-documentaire-imagine-le-monde-de-demain","status":"publish","type":"post","link":"https:\/\/www.europesays.com\/fr\/681459\/","title":{"rendered":"rues v\u00e9g\u00e9talis\u00e9es, transports maritimes nucl\u00e9aires&#8230; un documentaire imagine le monde de demain"},"content":{"rendered":"<p>Des palmiers au pied du Mont Saint-Michel, une ville de <a href=\"https:\/\/www.laprovence.com\/bouches-du-rhone\/marseille-13055\" target=\"_blank\" rel=\"noopener\">Marseille<\/a> plus verte que jamais&#8230; Bienvenue dans la France de 2100. Dans un documentaire disponible sur France.tv et diffus\u00e9 le mardi 27 janvier \u00e0 21h10 sur France 2, \u00ab\u00a0France, il \u00e9tait une fois demain\u00a0\u00bb, Michael Pitiot imagine le monde du si\u00e8cle prochain boulevers\u00e9 par le <a href=\"https:\/\/www.laprovence.com\/article\/ecoplanete\/743195816141114\/larctique-a-vecu-son-annee-la-plus-chaude-jamais-enregistree\" target=\"_blank\" rel=\"noopener\">r\u00e9chauffement climatique<\/a>.<\/p>\n<p>Loin de l&rsquo;image post-apocalyptique<\/p>\n<p>Pendant plus d&rsquo;une heure vingt, la voix de St\u00e9phane Varupenne, de la com\u00e9die fran\u00e7aise, d\u00e9crit une image moins dramatique qu&rsquo;on le pense du changement climatique.<\/p>\n<p>Gr\u00e2ce aux effets sp\u00e9ciaux, le documentaire montre ce que pourrait \u00eatre la nouvelle France. Une Normandie sans la culture de la pomme mais de la noix de coco, une Occitanie qui arrive \u00e0 s&rsquo;adapter face au manque d&rsquo;eau ou bien encore une Marseille devenue une plateforme de d\u00e9parts d&rsquo;un tout nouveau moyen de transport : des bateaux \u00e0 propulsion nucl\u00e9aire ou \u00e0 <a href=\"https:\/\/www.laprovence.com\/article\/politique\/99389541952062\/industrie-et-environnement-le-collectif-sauvons-nos-etangs-appelle-a-la-vigilance-a-fos-sur-mer\" target=\"_blank\" rel=\"noopener\">hydrog\u00e8ne<\/a>.<\/p>\n<p>\u00ab\u00a0Imaginez : New York en 5 jours, Singapour en 1 semaine au d\u00e9part de Marseille, d\u00e9taille la voix off. Ce que le ciel nous offrait en quelques heures, la mer nous le rendra en quelques jours\u00a0\u00bb. Une peinture id\u00e9aliste de l&rsquo;\u00e9volution de la plan\u00e8te, loin des catastrophes annonc\u00e9es, avec une adaptation de l&rsquo;humain face \u00e0 son atmosph\u00e8re. Pour autant, le documentaire repose sur des \u00ab\u00a0travaux d&rsquo;un corpus d&rsquo;experts pour se redonner envie de demain\u00a0\u00bb ajoute la production.<\/p>\n<p>Un conte-documentaire loin de l&rsquo;image post-apocalyptique du si\u00e8cle prochain qui est suivi d&rsquo;un second documentaire\u00a0\u00bb Science of France 2100, le pourquoi du comment\u00a0\u00bb.<\/p>\n","protected":false},"excerpt":{"rendered":"Des palmiers au pied du Mont Saint-Michel, une ville de Marseille plus verte que jamais&#8230; Bienvenue dans la&hellip;\n","protected":false},"author":2,"featured_media":681460,"comment_status":"","ping_status":"","sticky":false,"template":"","format":"standard","meta":{"footnotes":""},"categories":[2814],"tags":[5734,77885,1111,11,251,1777,674,1011,27,9773,884,12,59233,882,25,16915,800,77886],"class_list":{"0":"post-681459","1":"post","2":"type-post","3":"status-publish","4":"format-standard","5":"has-post-thumbnail","7":"category-marseille","8":"tag-5734","9":"tag-77885","10":"tag-actu","11":"tag-actualites","12":"tag-culture","13":"tag-eu","14":"tag-europe","15":"tag-fr","16":"tag-france","17":"tag-maritimes","18":"tag-marseille","19":"tag-news","20":"tag-nucleaires","21":"tag-provence-alpes-cote-dazur","22":"tag-republique-francaise","23":"tag-rues","24":"tag-transports","25":"tag-vegetalisees"},"share_on_mastodon":{"url":"https:\/\/pubeurope.com\/@fr\/115939002580098015","error":""},"_links":{"self":[{"href":"https:\/\/www.europesays.com\/fr\/wp-json\/wp\/v2\/posts\/681459","targetHints":{"allow":["GET"]}}],"collection":[{"href":"https:\/\/www.europesays.com\/fr\/wp-json\/wp\/v2\/posts"}],"about":[{"href":"https:\/\/www.europesays.com\/fr\/wp-json\/wp\/v2\/types\/post"}],"author":[{"embeddable":true,"href":"https:\/\/www.europesays.com\/fr\/wp-json\/wp\/v2\/users\/2"}],"replies":[{"embeddable":true,"href":"https:\/\/www.europesays.com\/fr\/wp-json\/wp\/v2\/comments?post=681459"}],"version-history":[{"count":0,"href":"https:\/\/www.europesays.com\/fr\/wp-json\/wp\/v2\/posts\/681459\/revisions"}],"wp:featuredmedia":[{"embeddable":true,"href":"https:\/\/www.europesays.com\/fr\/wp-json\/wp\/v2\/media\/681460"}],"wp:attachment":[{"href":"https:\/\/www.europesays.com\/fr\/wp-json\/wp\/v2\/media?parent=681459"}],"wp:term":[{"taxonomy":"category","embeddable":true,"href":"https:\/\/www.europesays.com\/fr\/wp-json\/wp\/v2\/categories?post=681459"},{"taxonomy":"post_tag","embeddable":true,"href":"https:\/\/www.europesays.com\/fr\/wp-json\/wp\/v2\/tags?post=681459"}],"curies":[{"name":"wp","href":"https:\/\/api.w.org\/{rel}","templated":true}]}}