{"id":681493,"date":"2026-01-22T13:50:15","date_gmt":"2026-01-22T13:50:15","guid":{"rendered":"https:\/\/www.europesays.com\/fr\/681493\/"},"modified":"2026-01-22T13:50:15","modified_gmt":"2026-01-22T13:50:15","slug":"la-france-cinquieme-au-classement-des-pays-les-plus-utilisateurs","status":"publish","type":"post","link":"https:\/\/www.europesays.com\/fr\/681493\/","title":{"rendered":"la France cinqui\u00e8me au classement des pays les plus utilisateurs"},"content":{"rendered":"<p>Une r\u00e9cente \u00e9tude du Microsoft AI Economy Institute r\u00e9v\u00e8le que la France figure parmi les cinq pays les plus utilisateurs d\u2019intelligence artificielle (IA) au monde. Au second semestre 2025, 44\u202f% des Fran\u00e7ais \u00ab\u202fen \u00e2ge de travailler\u202f\u00bb ont utilis\u00e9 au moins un outil d\u2019IA g\u00e9n\u00e9rative. Ce chiffre place le pays derri\u00e8re les \u00c9mirats arabes unis, Singapour, la Norv\u00e8ge et l\u2019Irlande.<\/p>\n<p><img loading=\"lazy\" decoding=\"async\" class=\"size-full wp-image-140297 perfmatters-lazy\" alt=\"jupdlc-france-top5-utilisation-ia\" width=\"1200\" height=\"628\" src=\"https:\/\/www.europesays.com\/fr\/wp-content\/uploads\/2026\/01\/jupdlc-france-top5-utilisation-ia.jpg\"  data-\/>Cr\u00e9dit photo : Unsplash \/ Solen Feyissa<strong>Un usage croissant en France<\/strong><\/p>\n<p>Au second semestre 2025, 44\u202f% des Fran\u00e7ais \u00ab\u202fen \u00e2ge de travailler\u202f\u00bb ont utilis\u00e9 au moins un outil d\u2019IA g\u00e9n\u00e9rative. Entre le premier et le second semestre 2025, l\u2019adoption a progress\u00e9 de 3,1 points, pla\u00e7ant la France au cinqui\u00e8me rang mondial derri\u00e8re les \u00c9mirats arabes unis (64\u202f%), Singapour (60,9\u202f%), la Norv\u00e8ge (46,4\u202f%) et l\u2019Irlande (44,6\u202f%). Cette progression rapide contraste fortement avec les \u00c9tats-Unis, qui se classent 24\u1d49 avec 28,3\u202f% d\u2019adoption, montrant que certaines \u00e9conomies plus petites et tr\u00e8s digitalis\u00e9es d\u00e9passent d\u00e9sormais les g\u00e9ants technologiques en termes d\u2019usage effectif de l\u2019IA.<\/p>\n<p style=\"text-align: center;\">\u00c0 d\u00e9couvrir sur JUPDLC<\/p>\n<p><a data-no-instant=\"1\" href=\"https:\/\/www.cybercite.fr\/ressources\/livres-blancs\/more-traffic-more-business-n9-du-clic-a-la-conversion-un-marketing-digital-performant?utm_source=com_cybercite&amp;utm_medium=jaiunpotedanslacom&amp;utm_campaign=mtmb-2026\" rel=\"noopener\" class=\"a2t-link\" aria-label=\"CyberCite_MTMB2026_JUPDLC 970\u00d7250\" target=\"_blank\"><img loading=\"lazy\" decoding=\"async\" alt=\"\" width=\"970\" height=\"250\" class=\"perfmatters-lazy\" src=\"https:\/\/www.europesays.com\/fr\/wp-content\/uploads\/2026\/01\/CyberCite_MTMB2026_JUPDLC-970x250-1.png\"\/><\/a><br \/><strong>Pourquoi autant d\u2019adoption\u202fen France ?<\/strong><\/p>\n<p>La forte adoption de l\u2019<a href=\"https:\/\/jai-un-pote-dans-la.com\/adobe-acrobat-studio-documents-podcasts-presentations-ia\/\" target=\"_blank\" rel=\"noopener\">intelligence artificielle<\/a> en France s\u2019explique par plusieurs facteurs. Le pays b\u00e9n\u00e9ficie d\u2019un \u00e9cosyst\u00e8me de recherche dynamique. Il dispose \u00e9galement de politiques publiques visant \u00e0 structurer durablement la fili\u00e8re, favorisant l\u2019innovation. L\u2019IA est progressivement int\u00e9gr\u00e9e dans les services publics. L\u2019\u00e9mergence de start-ups fran\u00e7aises, comme Mistral AI, devenue la start-up europ\u00e9enne la plus valoris\u00e9e, contribue aussi \u00e0 cette diffusion. L\u2019usage s\u2019\u00e9tend d\u00e9sormais \u00e0 tous les niveaux\u202f: un tiers des entreprises de plus de 250 salari\u00e9s utilisent d\u00e9j\u00e0 l\u2019IA.<\/p>\n<p>\u00a0<\/p>\n<p><strong>Innovation oui, adoption non : le paradoxe am\u00e9ricain<\/strong><\/p>\n<p>Selon le <a href=\"https:\/\/www.microsoft.com\/en-us\/research\/group\/aiei\/ai-diffusion\/\" target=\"_blank\" rel=\"noopener\">Microsoft AI Economy Institute<\/a>, le second semestre 2025 montre un paradoxe aux \u00c9tats-Unis. Poss\u00e9der des infrastructures avanc\u00e9es et des mod\u00e8les d\u2019IA de pointe ne garantit pas une adoption massive. Seule une partie de la population active, 28,3\u202f%, utilise r\u00e9ellement ces outils. Les \u00c9tats-Unis se placent \u00e0 la 24\u1d49 position mondiale, loin derri\u00e8re des \u00e9conomies plus petites mais tr\u00e8s digitalis\u00e9es comme la France, Singapour ou la Norv\u00e8ge.<\/p>\n","protected":false},"excerpt":{"rendered":"Une r\u00e9cente \u00e9tude du Microsoft AI Economy Institute r\u00e9v\u00e8le que la France figure parmi les cinq pays les&hellip;\n","protected":false},"author":2,"featured_media":681494,"comment_status":"","ping_status":"","sticky":false,"template":"","format":"standard","meta":{"footnotes":""},"categories":[4],"tags":[11,73,7078,1011,27,223,5533,30074,12,25],"class_list":{"0":"post-681493","1":"post","2":"type-post","3":"status-publish","4":"format-standard","5":"has-post-thumbnail","7":"category-france","8":"tag-actualites","9":"tag-etats-unis","10":"tag-etude","11":"tag-fr","12":"tag-france","13":"tag-intelligence-artificielle","14":"tag-microsoft","15":"tag-mistral-ai","16":"tag-news","17":"tag-republique-francaise"},"share_on_mastodon":{"url":"https:\/\/pubeurope.com\/@fr\/115939077348798816","error":""},"_links":{"self":[{"href":"https:\/\/www.europesays.com\/fr\/wp-json\/wp\/v2\/posts\/681493","targetHints":{"allow":["GET"]}}],"collection":[{"href":"https:\/\/www.europesays.com\/fr\/wp-json\/wp\/v2\/posts"}],"about":[{"href":"https:\/\/www.europesays.com\/fr\/wp-json\/wp\/v2\/types\/post"}],"author":[{"embeddable":true,"href":"https:\/\/www.europesays.com\/fr\/wp-json\/wp\/v2\/users\/2"}],"replies":[{"embeddable":true,"href":"https:\/\/www.europesays.com\/fr\/wp-json\/wp\/v2\/comments?post=681493"}],"version-history":[{"count":0,"href":"https:\/\/www.europesays.com\/fr\/wp-json\/wp\/v2\/posts\/681493\/revisions"}],"wp:featuredmedia":[{"embeddable":true,"href":"https:\/\/www.europesays.com\/fr\/wp-json\/wp\/v2\/media\/681494"}],"wp:attachment":[{"href":"https:\/\/www.europesays.com\/fr\/wp-json\/wp\/v2\/media?parent=681493"}],"wp:term":[{"taxonomy":"category","embeddable":true,"href":"https:\/\/www.europesays.com\/fr\/wp-json\/wp\/v2\/categories?post=681493"},{"taxonomy":"post_tag","embeddable":true,"href":"https:\/\/www.europesays.com\/fr\/wp-json\/wp\/v2\/tags?post=681493"}],"curies":[{"name":"wp","href":"https:\/\/api.w.org\/{rel}","templated":true}]}}