{"id":681515,"date":"2026-01-22T14:06:10","date_gmt":"2026-01-22T14:06:10","guid":{"rendered":"https:\/\/www.europesays.com\/fr\/681515\/"},"modified":"2026-01-22T14:06:10","modified_gmt":"2026-01-22T14:06:10","slug":"cette-epice-de-votre-placard-fait-des-miracles","status":"publish","type":"post","link":"https:\/\/www.europesays.com\/fr\/681515\/","title":{"rendered":"cette \u00e9pice de votre placard fait des miracles"},"content":{"rendered":"<p>Fatigue de janvier : et si le gingembre rempla\u00e7ait le caf\u00e9<br \/>\n?<\/p>\n<p>Les r\u00e9veils noirs, la lumi\u00e8re qui manque, la reprise qui tire\u2026<br \/>\nLa <strong>fatigue de janvier<\/strong> fait basculer beaucoup<br \/>\nd\u2019entre nous vers un double espresso. Sur le moment, on tient. Puis<br \/>\nla nuit se d\u00e9r\u00e8gle, le lendemain s\u2019alourdit. Le probl\u00e8me ne vient<br \/>\npas de vous, mais du m\u00e9canisme m\u00eame de la <strong>caf\u00e9ine<\/strong><br \/>\net de son effet rebond sur le sommeil. Et si l\u2019on changeait de<br \/>\nstrat\u00e9gie avec une \u00e9pice pos\u00e9e dans la cuisine, simple et efficace<br \/>\n?<\/p>\n<p>Ne dites pas encore adieu \u00e0 votre mug, mais ouvrez le placard.<br \/>\nUne alternative \u00e9prouv\u00e9e existe, sans palpitations ni crash de 11<br \/>\nh. Elle n\u2019agit pas comme un excitant, plut\u00f4t comme un \u201cr\u00e9chauffant\u201d<br \/>\nm\u00e9tabolique. Un indice : l\u2019<strong>OMS<\/strong> l\u2019a reconnue pour<br \/>\nses usages m\u00e9dicinaux d\u00e8s 1999. La suite risque d\u2019int\u00e9resser vos<br \/>\nmatin\u00e9es.<\/p>\n<p>Caf\u00e9ine sous la loupe : ce que dit l\u2019ANSES<\/p>\n<p>\u00ab\u00a0La caf\u00e9ine agit principalement en contrant l\u2019effet s\u00e9datif d\u00fb \u00e0<br \/>\nl\u2019activation de certains r\u00e9cepteurs pr\u00e9sents dans le cerveau\u00a0\u00bb,<br \/>\nrappelle l\u2019<strong>ANSES<\/strong> (anses.fr). R\u00e9sultat courant :<br \/>\nendormissement retard\u00e9, sommeil plus l\u00e9ger. L\u2019Agence souligne aussi<br \/>\nque \u00ab\u00a0Les effets de la consommation de la caf\u00e9ine sur le sommeil<br \/>\nsont tr\u00e8s variables\u00a0\u00bb, ajoute l\u2019Agence. Au-del\u00e0 de <strong>400<br \/>\nmg<\/strong> par jour, soit environ trois tasses, l\u2019\u00e9quilibre se<br \/>\nrompt : nervosit\u00e9, r\u00e9veils nocturnes, performance en baisse le<br \/>\nlendemain.<\/p>\n<p>Autre point \u00e0 ne pas sous-estimer : \u00ab\u00a0La caf\u00e9ine, en faisant<br \/>\naugmenter la pression art\u00e9rielle, peut conduire \u00e0 la<br \/>\n<strong>tachycardie<\/strong>\u00ab\u00a0. L\u2019ANSES recommande de mod\u00e9rer les<br \/>\nboissons caf\u00e9in\u00e9es, d\u2019\u00e9viter l\u2019association alcool + caf\u00e9ine et de<br \/>\nrester vigilant chez les femmes enceintes, allaitantes, les<br \/>\nenfants, adolescents et personnes sensibles ou suivies pour<br \/>\ntroubles cardiovasculaires, psychiatriques, neurologiques,<br \/>\ninsuffisance r\u00e9nale ou maladies h\u00e9patiques.<\/p>\n<p>Gingembre contre la fatigue : comment \u00e7a r\u00e9veille vraiment<\/p>\n<p>Le <strong>gingembre<\/strong> (Zingiber officinale) ne masque<br \/>\npas la fatigue, il stimule la <strong>thermog\u00e9n\u00e8se<\/strong>. Ses<br \/>\ncompos\u00e9s actifs, les <strong>ging\u00e9rols<\/strong> et les shogaols,<br \/>\n\u00e9l\u00e8vent l\u00e9g\u00e8rement la temp\u00e9rature corporelle et dilatent les<br \/>\nvaisseaux. Le flux sanguin vers le cerveau et les muscles<br \/>\ns\u2019am\u00e9liore, l\u2019\u00e9nergie per\u00e7ue devient plus stable, sans pics ni<br \/>\ncreux li\u00e9s au sucre du caf\u00e9. Cette racine est reconnue par l\u2019OMS<br \/>\npour ses usages m\u00e9dicinaux traditionnels, notamment digestifs.<\/p>\n<p>C\u00f4t\u00e9 pratique, visez une dose quotidienne de <strong>10<br \/>\ng<\/strong> de rhizome frais ou <strong>1 \u00e0 2 g<\/strong> de poudre<br \/>\ns\u00e9ch\u00e9e, en cure courte. La \u201c<strong>D\u00e9coction R\u00e9veil<\/strong>\u201d est<br \/>\nsimple : pelez 3 cm de gingembre, tranchez fin, d\u00e9posez dans 500 ml<br \/>\nd\u2019eau froide, portez \u00e0 \u00e9bullition, laissez fr\u00e9mir 10 minutes \u00e0<br \/>\ncouvert, filtrez et pressez. \u00c0 boire le matin, \u00e9ventuellement en<br \/>\nmilieu de journ\u00e9e, pas trop tard si vous \u00eates sensible. T\u00e9moignage<br \/>\n\u00e0 l\u2019appui dans nos colonnes : en rempla\u00e7ant son expresso de 13 h<br \/>\npendant une semaine, Sophie, 42 ans, dit avoir retrouv\u00e9 de la<br \/>\nvigilance et all\u00e9g\u00e9 ses ballonnements.<\/p>\n<p>Quelles doses, pr\u00e9cautions et r\u00e9sultats<br \/>\nattendre ?<\/p>\n<p>Respectez une cure de <strong>15 jours<\/strong> maximum pour<br \/>\n\u00e9viter les br\u00fblures gastriques. Prudence absolue si vous suivez un<br \/>\ntraitement anticoagulant ou antiagr\u00e9gant, en cas de reflux s\u00e9v\u00e8re<br \/>\nou d\u2019obstruction biliaire, et demandez l\u2019avis de votre m\u00e9decin en<br \/>\ngrossesse ou allaitement. Stoppez si vous ressentez douleurs<br \/>\nd\u2019estomac ou palpitations. Le gingembre reste un aliment-plante<br \/>\npuissant : \u00e9coutez votre tol\u00e9rance et adaptez la quantit\u00e9.<\/p>\n<p>Attendez une \u00e9nergie plus r\u00e9guli\u00e8re, surtout apr\u00e8s d\u00e9jeuner,<br \/>\ngr\u00e2ce \u00e0 un confort digestif meilleur. R\u00e9duisez aussi<br \/>\nprogressivement le caf\u00e9, en avan\u00e7ant la derni\u00e8re tasse avant 16 h,<br \/>\npour ne pas alimenter la dette de sommeil. Pour optimiser l\u2019effet,<br \/>\najoutez une pinc\u00e9e de <strong>poivre noir<\/strong> en fin de<br \/>\nd\u00e9coction : la <strong>pip\u00e9rine<\/strong> aide l\u2019absorption des<br \/>\nprincipes actifs. Une routine simple, ancr\u00e9e dans le r\u00e9el, pour<br \/>\ntraverser janvier sans s\u2019\u00e9puiser au fil des tasses.<\/p>\n","protected":false},"excerpt":{"rendered":"Fatigue de janvier : et si le gingembre rempla\u00e7ait le caf\u00e9 ? Les r\u00e9veils noirs, la lumi\u00e8re qui&hellip;\n","protected":false},"author":2,"featured_media":681516,"comment_status":"","ping_status":"","sticky":false,"template":"","format":"standard","meta":{"footnotes":""},"categories":[10],"tags":[930,4586,3477,1444,1805,154,55436,21,4989,1011,27,72,25104,4743,77893,42325,77892,71,15161],"class_list":{"0":"post-681515","1":"post","2":"type-post","3":"status-publish","4":"format-standard","5":"has-post-thumbnail","7":"category-sante","8":"tag-le","9":"tag-cafe","10":"tag-cette","11":"tag-contre","12":"tag-de","13":"tag-des","14":"tag-epice","15":"tag-fait","16":"tag-fatigue","17":"tag-fr","18":"tag-france","19":"tag-health","20":"tag-janvier","21":"tag-la","22":"tag-miracles","23":"tag-oubliez","24":"tag-placard","25":"tag-sante","26":"tag-votre"},"share_on_mastodon":{"url":"https:\/\/pubeurope.com\/@fr\/115939140277606461","error":""},"_links":{"self":[{"href":"https:\/\/www.europesays.com\/fr\/wp-json\/wp\/v2\/posts\/681515","targetHints":{"allow":["GET"]}}],"collection":[{"href":"https:\/\/www.europesays.com\/fr\/wp-json\/wp\/v2\/posts"}],"about":[{"href":"https:\/\/www.europesays.com\/fr\/wp-json\/wp\/v2\/types\/post"}],"author":[{"embeddable":true,"href":"https:\/\/www.europesays.com\/fr\/wp-json\/wp\/v2\/users\/2"}],"replies":[{"embeddable":true,"href":"https:\/\/www.europesays.com\/fr\/wp-json\/wp\/v2\/comments?post=681515"}],"version-history":[{"count":0,"href":"https:\/\/www.europesays.com\/fr\/wp-json\/wp\/v2\/posts\/681515\/revisions"}],"wp:featuredmedia":[{"embeddable":true,"href":"https:\/\/www.europesays.com\/fr\/wp-json\/wp\/v2\/media\/681516"}],"wp:attachment":[{"href":"https:\/\/www.europesays.com\/fr\/wp-json\/wp\/v2\/media?parent=681515"}],"wp:term":[{"taxonomy":"category","embeddable":true,"href":"https:\/\/www.europesays.com\/fr\/wp-json\/wp\/v2\/categories?post=681515"},{"taxonomy":"post_tag","embeddable":true,"href":"https:\/\/www.europesays.com\/fr\/wp-json\/wp\/v2\/tags?post=681515"}],"curies":[{"name":"wp","href":"https:\/\/api.w.org\/{rel}","templated":true}]}}