{"id":681519,"date":"2026-01-22T14:08:11","date_gmt":"2026-01-22T14:08:11","guid":{"rendered":"https:\/\/www.europesays.com\/fr\/681519\/"},"modified":"2026-01-22T14:08:11","modified_gmt":"2026-01-22T14:08:11","slug":"pourtant-victorieux-aux-prudhommes-deux-ex-presentateurs-du-jeu-televise-font-appel","status":"publish","type":"post","link":"https:\/\/www.europesays.com\/fr\/681519\/","title":{"rendered":"Pourtant victorieux aux prud\u2019hommes, deux ex-pr\u00e9sentateurs du jeu t\u00e9l\u00e9vis\u00e9 font appel"},"content":{"rendered":"<p>Bertrand Renard et Arielle Boulin-Prat, ex-animateurs du jeu <a href=\"https:\/\/www.20minutes.fr\/television\/892553-20120306-television-des-chiffres-lettres-souffle-40-bougies\" class=\"c-link c-link--is-underlined\" target=\"_blank\" rel=\"noopener\">Des chiffres et des lettres<\/a>, font appel du jugement des <a href=\"https:\/\/www.20minutes.fr\/dossier\/prud_hommes\" class=\"c-link c-link--is-underlined\" target=\"_blank\" rel=\"noopener\">prud\u2019hommes<\/a> sur <a href=\"https:\/\/www.20minutes.fr\/arts-stars\/television\/3340183-20220822-chiffres-lettres-bertrand-renard-arielle-boulin-prat-evoquent-depart-contraint-force\" class=\"c-link c-link--is-underlined\" target=\"_blank\" rel=\"noopener\">leur \u00e9viction par France T\u00e9l\u00e9visions<\/a> \u2013 qui leur \u00e9tait pourtant favorable \u2013 dans l\u2019espoir d\u2019\u00eatre davantage indemnis\u00e9s, a indiqu\u00e9 leur avocate \u00e0 l\u2019AFP, confirmant une information du <a href=\"https:\/\/www.20minutes.fr\/dossier\/le_parisien\" class=\"c-link c-link--is-underlined\" target=\"_blank\" rel=\"noopener\">Parisien<\/a>.<\/p>\n<\/p>\n<p>Le \u00ab\u00a0Monsieur Chiffres\u00a0\u00bb et la \u00ab\u00a0Madame Lettres\u00a0\u00bb du jeu t\u00e9l\u00e9vis\u00e9 depuis respectivement 47 ans et 36 ans en avaient \u00e9t\u00e9 \u00e9vinc\u00e9s \u00e0 la mi-2022. \u00ab\u00a0Ils souhaitent la r\u00e9paration int\u00e9grale de leurs pr\u00e9judices\u00a0\u00bb, a indiqu\u00e9 Me Juliette Mascart, en estimant que les montants des <a href=\"https:\/\/www.20minutes.fr\/dossier\/indemnisation\" class=\"c-link c-link--is-underlined\" target=\"_blank\" rel=\"noopener\">indemnisations<\/a> avaient \u00e9t\u00e9 \u00ab\u00a0prononc\u00e9s \u00e0 strict minima\u00a0\u00bb.<\/p>\n<p>Un d\u00e9dommagement jug\u00e9 insuffisant<\/p>\n<p>Leur appel est \u00ab\u00a0partiel\u00a0\u00bb et porte sur \u00ab\u00a0deux points pr\u00e9cis\u00a0: l\u2019indemnit\u00e9 de requalification (des contrats) et les dommages et int\u00e9r\u00eats\u00a0\u00bb, a-t-elle pr\u00e9cis\u00e9. \u00ab\u00a0Le reste du <a href=\"https:\/\/www.20minutes.fr\/dossier\/jugement\" class=\"c-link c-link--is-underlined\" target=\"_blank\" rel=\"noopener\">jugement <\/a>n\u2019est pas critiqu\u00e9 du tout\u00a0\u00bb car \u00ab\u00a0la motivation avait profond\u00e9ment soulag\u00e9 mes clients\u00a0\u00bb, a conclu l\u2019avocate.<\/p>\n<p>Sollicit\u00e9 par l\u2019AFP, <a href=\"https:\/\/www.20minutes.fr\/television\/france_televisions\/\" class=\"c-link c-link--is-underlined\" target=\"_blank\" rel=\"noopener\">France T\u00e9l\u00e9visions<\/a> n\u2019a pas fait de commentaire.<\/p>\n<p>Fin novembre\u00a02025, le conseil de prud\u2019hommes de Paris avait pourtant condamn\u00e9 France T\u00e9l\u00e9visions \u00e0 verser un total de <a href=\"https:\/\/www.20minutes.fr\/arts-stars\/television\/4191967-20251217-chiffres-lettres-france-tv-doit-verser-pres-450-000-euros-anciens-animateurs-bertrand-arielle\" class=\"c-link c-link--is-underlined\" target=\"_blank\" rel=\"noopener\">230.000 euros \u00e0 Monsieur Renard et 220.000 euros \u00e0 Madame Boulin-Prat<\/a>, notamment pour \u00ab\u00a0discrimination fond\u00e9e sur l\u2019\u00e2ge\u00a0\u00bb et \u00ab\u00a0licenciement nul\u00a0\u00bb.<\/p>\n<p>Les animateurs avaient \u00e9galement r\u00e9clam\u00e9 devant les prud\u2019hommes la requalification en <a href=\"https:\/\/www.20minutes.fr\/dossier\/cdi\" class=\"c-link c-link--is-underlined\" target=\"_blank\" rel=\"noopener\">CDI<\/a> de leurs CDD d\u2019usage pass\u00e9s, et la reconnaissance d\u2019une rupture abusive.<\/p>\n<p>CDI et discrimination<\/p>\n<p>Apr\u00e8s de longs mois de proc\u00e9dure, le conseil, appuy\u00e9 par un magistrat professionnel, leur a donn\u00e9 gain de cause. Leurs contrats ont \u00e9t\u00e9 requalifi\u00e9s en CDI depuis mars\u00a01975 pour Bertrand Renard et depuis f\u00e9vrier\u00a01986 pour Arielle Boulin-Prat.<\/p>\n<p>De plus, le conseil a estim\u00e9 que \u00ab\u00a0la <a href=\"https:\/\/www.20minutes.fr\/societe\/4194747-20260107-travail-discriminations-liees-age-touche-surtout-femmes-elles-quinqua-jeunes\" class=\"c-link c-link--is-underlined\" target=\"_blank\" rel=\"noopener\">discrimination fond\u00e9e sur l\u2019\u00e2ge<\/a> (\u00e9tait) caract\u00e9ris\u00e9e\u00a0\u00bb et que la rupture de la relation de travail \u00e9tait \u00ab\u00a0brutale et vexatoire\u00a0\u00bb. France T\u00e9l\u00e9visions avait expliqu\u00e9 le recours \u00e0 ces <a href=\"https:\/\/www.20minutes.fr\/dossier\/cdd\" class=\"c-link c-link--is-underlined\" target=\"_blank\" rel=\"noopener\">CDD<\/a> d\u2019usage, courants dans la profession, par le fait que \u00ab\u00a0la reconduction d\u2019une \u00e9mission dans une grille est r\u00e9interrog\u00e9e chaque ann\u00e9e\u00a0\u00bb.<\/p>\n<p><a href=\"https:\/\/www.20minutes.fr\/dossier\/prud_hommes\" class=\"c-link c-btn c-btn--primary\" target=\"_blank\" rel=\"noopener\">Notre dossier \u00ab Prud&rsquo;hommes \u00bb<\/a><\/p>\n<p>Auparavant quotidienne, Des chiffres et des lettres a \u00e9t\u00e9 <a href=\"https:\/\/www.20minutes.fr\/arts-stars\/television\/3321567-20220706-chiffres-lettres-france-3-jeu-culte-plus-diffuse-semaine\" class=\"c-link c-link--is-underlined\" target=\"_blank\" rel=\"noopener\">diffus\u00e9e le week-end<\/a> sur France 3 \u00e0 partir de la rentr\u00e9e\u00a02022, puis <a href=\"https:\/\/www.20minutes.fr\/arts-stars\/television\/4089733-20240505-chiffres-lettres-termine-annonce-france-television\" class=\"c-link c-link--is-underlined\" target=\"_blank\" rel=\"noopener\">supprim\u00e9e \u00e0 la rentr\u00e9e\u00a02024<\/a>.<\/p>\n","protected":false},"excerpt":{"rendered":"Bertrand Renard et Arielle Boulin-Prat, ex-animateurs du jeu Des chiffres et des lettres, font appel du jugement des&hellip;\n","protected":false},"author":2,"featured_media":681520,"comment_status":"","ping_status":"","sticky":false,"template":"","format":"standard","meta":{"footnotes":""},"categories":[8],"tags":[317,52026,29457,11412,58,59,1011,27,876,2400,1197,6372,414,8817,252],"class_list":{"0":"post-681519","1":"post","2":"type-post","3":"status-publish","4":"format-standard","5":"has-post-thumbnail","7":"category-divertissement","8":"tag-age","9":"tag-cdd","10":"tag-cdi","11":"tag-discrimination","12":"tag-divertissement","13":"tag-entertainment","14":"tag-fr","15":"tag-france","16":"tag-france-3","17":"tag-france-televisions","18":"tag-jeu","19":"tag-jugement","20":"tag-licenciement","21":"tag-prudhommes","22":"tag-television"},"share_on_mastodon":{"url":"https:\/\/pubeurope.com\/@fr\/115939148139745543","error":""},"_links":{"self":[{"href":"https:\/\/www.europesays.com\/fr\/wp-json\/wp\/v2\/posts\/681519","targetHints":{"allow":["GET"]}}],"collection":[{"href":"https:\/\/www.europesays.com\/fr\/wp-json\/wp\/v2\/posts"}],"about":[{"href":"https:\/\/www.europesays.com\/fr\/wp-json\/wp\/v2\/types\/post"}],"author":[{"embeddable":true,"href":"https:\/\/www.europesays.com\/fr\/wp-json\/wp\/v2\/users\/2"}],"replies":[{"embeddable":true,"href":"https:\/\/www.europesays.com\/fr\/wp-json\/wp\/v2\/comments?post=681519"}],"version-history":[{"count":0,"href":"https:\/\/www.europesays.com\/fr\/wp-json\/wp\/v2\/posts\/681519\/revisions"}],"wp:featuredmedia":[{"embeddable":true,"href":"https:\/\/www.europesays.com\/fr\/wp-json\/wp\/v2\/media\/681520"}],"wp:attachment":[{"href":"https:\/\/www.europesays.com\/fr\/wp-json\/wp\/v2\/media?parent=681519"}],"wp:term":[{"taxonomy":"category","embeddable":true,"href":"https:\/\/www.europesays.com\/fr\/wp-json\/wp\/v2\/categories?post=681519"},{"taxonomy":"post_tag","embeddable":true,"href":"https:\/\/www.europesays.com\/fr\/wp-json\/wp\/v2\/tags?post=681519"}],"curies":[{"name":"wp","href":"https:\/\/api.w.org\/{rel}","templated":true}]}}