{"id":681596,"date":"2026-01-22T14:50:12","date_gmt":"2026-01-22T14:50:12","guid":{"rendered":"https:\/\/www.europesays.com\/fr\/681596\/"},"modified":"2026-01-22T14:50:12","modified_gmt":"2026-01-22T14:50:12","slug":"une-augmentation-de-lisolement-et-des-violences-envers-les-sans-abri","status":"publish","type":"post","link":"https:\/\/www.europesays.com\/fr\/681596\/","title":{"rendered":"Une augmentation de l\u2019isolement et des violences envers les sans-abri"},"content":{"rendered":"<p><a href=\"https:\/\/www.20minutes.fr\/tv\/\" class=\"c-link c-link--is-underlined\" target=\"_blank\" rel=\"noopener\">20 Minutes TV<\/a> propose ce jeudi de 20 heures \u00e0 22 heures une \u00e9mission sp\u00e9ciale Nuit de la Solidarit\u00e9 pr\u00e9par\u00e9e en partenariat avec la Mairie de Paris, la M\u00e9tropole Grand Paris et UNCCAS. Emission que vous pouvez suivre en direct sur 20 Minutes TV et en live sur notre site Internet <a href=\"https:\/\/www.20minutes.fr\/magazine\/handicap-mag\/\" class=\"c-link c-link--is-underlined\" target=\"_blank\" rel=\"noopener\">20minutes.fr<\/a>, sur les comptes <a href=\"https:\/\/www.facebook.com\/20minutes\/?locale=fr_FR\" rel=\"nofollow noopener\" target=\"_blank\" class=\"c-link c-link--is-underlined\">Facebook<\/a>, <a href=\"https:\/\/www.youtube.com\/channel\/UCD25QI36ly-8hWm9OPOz7aw\" target=\"_blank\" class=\"c-link c-link--is-underlined\" rel=\"noopener\">YouTube<\/a> et <a href=\"https:\/\/www.tiktok.com\/@20minutesfrance?lang=fr\" target=\"_blank\" class=\"c-link c-link--is-underlined\" rel=\"noopener\">TikTok<\/a> de 20 Minutes.<\/p>\n<p>Deux mille personnes de plus dans les rues de <a href=\"https:\/\/www.20minutes.fr\/paris\/\" class=\"c-link c-link--is-underlined\" target=\"_blank\" rel=\"noopener\">Paris<\/a> ce jeudi soir. Ces b\u00e9n\u00e9voles, membres d\u2019associations et professionnels, coordonn\u00e9s par l\u2019Union nationale des Centres communaux d\u2019action sociale (<a href=\"https:\/\/www.unccas.org\/\" rel=\"nofollow noopener\" target=\"_blank\" class=\"c-link c-link--is-underlined\">UNCCAS<\/a>) vont sillonner les rues de la capitale et de la petite couronne \u00e0 l\u2019occasion de la 9e \u00e9dition de la <a href=\"https:\/\/www.paris.fr\/pages\/nuit-de-la-solidarite-2026-33001\" rel=\"nofollow noopener\" target=\"_blank\" class=\"c-link c-link--is-underlined\">Nuit de la Solidarit\u00e9<\/a>. Cr\u00e9\u00e9e en\u00a02018, cette op\u00e9ration, organis\u00e9e par la Ville de Paris et la <a href=\"https:\/\/www.20minutes.fr\/dossier\/grand_paris\" class=\"c-link c-link--is-underlined\" target=\"_blank\" rel=\"noopener\">m\u00e9tropole du Grand Paris<\/a>, a pour objectif de compter le nombre de <a href=\"https:\/\/www.20minutes.fr\/dossier\/sdf\" class=\"c-link c-link--is-underlined\" target=\"_blank\" rel=\"noopener\">personnes sans-abri<\/a> afin de conna\u00eetre leurs profils et leurs besoins dans le but d&rsquo;\u00ab\u00a0adapter les politiques publiques\u00a0\u00bb.<\/p>\n<p>Malgr\u00e9 la \u00ab\u00a0promesse\u00a0\u00bb <a href=\"https:\/\/www.20minutes.fr\/politique\/2436007-20190125-emmanuel-macron-vraiment-promis-plus-sdf-france-fin-2017\" class=\"c-link c-link--is-underlined\" target=\"_blank\" rel=\"noopener\">d\u2019Emmanuel Macron en\u00a02017<\/a>, 3.507 personnes sans-abri \u00e0 Paris ont \u00e9t\u00e9 d\u00e9compt\u00e9es lors de la nuit du 23 au 24\u00a0janvier 2025. <a href=\"https:\/\/www.paris.fr\/pages\/nuit-de-la-solidarite-2025-29561\" rel=\"nofollow noopener\" target=\"_blank\" class=\"c-link c-link--is-underlined\">Un chiffre en augmentation par rapport \u00e0\u00a02018<\/a> (3.035). \u00c0 l\u2019exception de la parenth\u00e8se \u00ab\u00a0Covid-19\u00a0\u00bb, durant laquelle de nombreux h\u00f4tels avaient \u00e9t\u00e9 transform\u00e9s en h\u00e9bergements, ce chiffre est en constante augmentation \u00e0 Paris ou dans les trente communes de la proche banlieue participant \u00e0 l\u2019op\u00e9ration en\u00a02025 (768).<\/p>\n<p>Grande vari\u00e9t\u00e9 de profils<\/p>\n<p>Selon Emilie Moreau, urbaniste et directrice des \u00e9tudes pour l\u2019Apur, et Clement Boisseuil, sociologue, qui ont publi\u00e9 en novembre dernier un rapport \u00ab\u00a0<a href=\"https:\/\/www.apur.org\/fr\/population-societe\/social-inclusion\/errance-marginalites-grand-paris\" rel=\"nofollow noopener\" target=\"_blank\" class=\"c-link c-link--is-underlined\">Errance et marginalit\u00e9s dans le Grand Paris<\/a>\u00a0\u00bb, si le nombre de places en h\u00e9bergement influe sur ces chiffres, un tiers des personnes sans-abri le sont depuis moins d\u2019un an, ce qui signifie l\u2019arriv\u00e9e r\u00e9guli\u00e8re dans la rue de nouvelles personnes.<\/p>\n<p>Originaires d\u2019\u00cele-de-France, d\u2019ailleurs en France ou de l\u2019\u00e9tranger, elles pr\u00e9sentent de mani\u00e8re g\u00e9n\u00e9rale une tr\u00e8s grande vari\u00e9t\u00e9 de profils (\u00e2ge, origine, genre) et de raisons qui les ont conduites \u00e0 la rue (s\u00e9parations, d\u00e9c\u00e8s, sorties d\u2019institutions comme la d\u00e9tention ou l\u2019aide sociale \u00e0 l\u2019enfance) similaires d\u2019ann\u00e9es en ann\u00e9es.<\/p>\n<p>Plusieurs acteurs de terrain nous signalent tout de m\u00eame une augmentation des personnes venues de l\u2019Est, et notamment des Ukrainiens qui fuient la <a href=\"https:\/\/www.20minutes.fr\/monde\/ukraine\/\" class=\"c-link c-link--is-underlined\" target=\"_blank\" rel=\"noopener\">guerre dans leur pays<\/a>.<\/p>\n<p>Une pr\u00e9sence autour des lieux de centralit\u00e9<\/p>\n<p>De la m\u00eame mani\u00e8re, ces personnes pr\u00e9sentent une forme de \u00ab\u00a0permanences territoriales\u00a0\u00bb. \u00ab\u00a0Contrairement \u00e0 l\u2019id\u00e9e de personnes qui s\u2019invisibilisent, qui se mettent toutes \u00e0 l\u2019\u00e9cart, en r\u00e9alit\u00e9, c\u2019est plut\u00f4t les lieux de centralit\u00e9 qui ressortent, comme des lieux de rencontres\u00a0\u00bb, nous explique Emilie Moreau qui prend pour exemple le secteur des Halles \u00e0 Paris, les gares, et les arrondissements centraux de Paris. \u00ab\u00a0Et plus g\u00e9n\u00e9ralement Paris, par rapport aux territoires du Grand Paris\u00a0\u00bb, pr\u00e9cise-t-elle.<\/p>\n<p>Cl\u00e9ment Boisseuil ajoute que \u00ab\u00a0\u00e7a ne veut pas dire qu\u2019il n\u2019y a pas \u00e9galement des lieux p\u00e9riph\u00e9riques ou de mise en retrait, comme les stations de m\u00e9tro, de RER, les salles d\u2019urgence des h\u00f4pitaux, les talus du boulevard p\u00e9riph\u00e9rique\u2026\u00a0\u00bb.<\/p>\n<p>\u00ab\u00a0Disparition des femmes le soir\u00a0\u00bb<\/p>\n<p>L\u2019\u00e9tude montre d\u2019ailleurs une l\u00e9g\u00e8re tendance des personnes sans-abri \u00e0 se diriger vers des zones d\u2019isolement comme les bois de Vincennes et de Boulogne, les canaux (Ourcq ou <a href=\"https:\/\/www.20minutes.fr\/dossier\/saint-denis\" class=\"c-link c-link--is-underlined\" target=\"_blank\" rel=\"noopener\">Saint-Denis<\/a>) et les bretelles d\u2019autoroute (A86). Une tendance constat\u00e9e par Romain, un b\u00e9n\u00e9vole de l\u2019association <a href=\"https:\/\/labaladedeslucioles.org\/\" rel=\"nofollow noopener\" target=\"_blank\" class=\"c-link c-link--is-underlined\">La Balade des Lucioles<\/a> qui vient en aide aux personnes de la rue\u00a0: \u00ab\u00a0On a beaucoup de gens qui vivaient en communaut\u00e9 dans des camps install\u00e9s, qui aujourd\u2019hui se retrouvent plut\u00f4t seules. Parfois par m\u00e9fiance, par peur de l\u2019ins\u00e9curit\u00e9 de la vie en communaut\u00e9. Elles se prot\u00e8gent des vols de duvets, de tentes, de paires de chaussures, de t\u00e9l\u00e9phone\u2026 Des choses vitales pour eux. On les retrouve dans des lieux tr\u00e8s isol\u00e9s, comme on peut avoir sous la dalle d\u2019Olympiades [13e\u00a0arrondissement] par exemple, o\u00f9 on a des gens qui se cachent un peu les uns des autres.\u00a0\u00bb<\/p>\n<p><img decoding=\"async\" alt=\"Les lieux de pr\u00e9sence des personnes sans-abri dans la capitale. \" class=\"c-img\" loading=\"lazy\" fetchpriority=\"auto\" width=\"718\"  src=\"https:\/\/img.20mn.fr\/kylH1DetQ6-_IdpFK239Gyk\/718x0\" \/>Les lieux de pr\u00e9sence des personnes sans-abri dans la capitale. \u2002-\u00a0Apur<\/p>\n<p>De la m\u00eame mani\u00e8re, plusieurs associations signalent une \u00ab\u00a0disparition des femmes le soir\u00a0\u00bb. Si elles repr\u00e9sentent 14\u00a0% des personnes compt\u00e9es en\u00a02025 (contre 12\u00a0% en\u00a02018), les femmes ont tendance \u00e0 se cacher une fois la nuit tomb\u00e9e. \u00ab\u00a0C\u2019est un v\u00e9ritable ph\u00e9nom\u00e8ne grandissant qu\u2019on constate, explique Romain, on ne les voit quasiment jamais dans les groupes. Ce sont des personnes tr\u00e8s isol\u00e9es parce que particuli\u00e8rement vuln\u00e9rables \u00e0 la violence de la rue. Elles semblent en prendre davantage conscience.\u00a0\u00bb<\/p>\n<p>Violences envers les personnes sans-abri<\/p>\n<p>Ces violences qui sont aussi, et de plus en plus, selon les associations, du fait de riverains, \u00ab\u00a0peut-\u00eatre encourag\u00e9s par le climat politique actuel\u00a0\u00bb, qui s\u2019en prennent aux sans-abri mais aussi aux associations comme le signalent ces derni\u00e8res. Romain cite un exemple\u00a0: \u00ab\u00a0R\u00e9cemment, deux b\u00e9n\u00e9ficiaires tr\u00e8s r\u00e9guliers qui dormaient dans une cage d\u2019escalier avec des couvertures de survie qu\u2019on leur avait fournies, ont \u00e9t\u00e9 asperg\u00e9es d\u2019essence pour y mettre le feu par des riverains. Heureusement, ils s\u2019en sont sortis, mais on voit cette <a href=\"https:\/\/www.20minutes.fr\/dossier\/violence\" class=\"c-link c-link--is-underlined\" target=\"_blank\" rel=\"noopener\">violence<\/a> monter. M\u00eame lorsque nous sommes pr\u00e9sents, les b\u00e9n\u00e9ficiaires se font insulter, et nous avec. D\u2019autant plus lorsque les sans-abri sont des personnes \u00e9trang\u00e8res.\u00a0\u00bb<\/p>\n<p>Cette tendance \u00e0 l\u2019isolement peut expliquer la pr\u00e9sence grandissante de sans-abri dans les communes de la m\u00e9tropole. \u00c0 Alfortville (Val-de-Marne) par exemple, le nombre de personnes compt\u00e9es est pass\u00e9 de 3 \u00e0 8, puis 11 en\u00a02025. \u00ab\u00a0Certes, pour un statisticien, ce n\u2019est pas significatif, explique Etienne Fillol, adjoint au maire en charge des solidarit\u00e9s, mais c\u2019est \u00e0 mettre en parall\u00e8le de l\u2019embauche par la ville d\u2019un r\u00e9f\u00e9rent \u00e0 l\u2019h\u00e9bergement qui traite les dossiers de 150 personnes en r\u00e9alit\u00e9.\u00a0\u00bb<\/p>\n<p>33 villes participent \u00e0 la Nuit de la Solidarit\u00e9<\/p>\n<p>En effet, outre les personnes compt\u00e9es dans la rue, beaucoup sont en \u00ab\u00a0errance r\u00e9sidentielle\u00a0\u00bb entre l\u2019h\u00e9bergement ponctuel chez un ami, dans un squat, un campement ou dans diff\u00e9rents centres d\u2019h\u00e9bergement et quelques nuits \u00e0 la rue. \u00ab\u00a0Nous avons m\u00eame des gens qui dorment dans leur voiture. Parfois des couples, qui travaillent et qui ne peuvent, pour de multiples raisons, pas trouver de logement\u00a0\u00bb, ajoute l\u2019\u00e9lu. \u00ab\u00a0C\u2019est peut-\u00eatre pour cela qu\u2019elles viennent dans une ville comme Alfortville, pour trouver un peu de s\u00e9r\u00e9nit\u00e9 pour la nuit, parce qu\u2019elles se disent qu\u2019elles seront moins d\u00e9rang\u00e9es. Qu\u2019elles risquent moins.\u00a0\u00bb<\/p>\n<p><a href=\"https:\/\/www.20minutes.fr\/paris\/\" class=\"c-link c-btn c-btn--primary\" target=\"_blank\" rel=\"noopener\">Retrouvez ici toute l&rsquo;actualit\u00e9 de Paris et de l&rsquo;Ile-de-France<\/a><\/p>\n<p>Cet engagement, de plus en plus de villes le prennent. Selon Micha\u00ebl Szames, directeur de la communication chez l\u2019UNCCAS, 33 villes (plus Paris) participeront \u00e0 l\u2019op\u00e9ration ce jeudi soir. C\u2019est deux de plus (Epinay-sur-Seine et Noisy-Le-Grand) que l\u2019ann\u00e9e derni\u00e8re. \u00ab\u00a0On est parti de neuf communes, on progresse chaque ann\u00e9e. Peut-\u00eatre parce que les \u00e9lus constatent aussi qu\u2019il y a un vrai probl\u00e8me de sans-abrisme sur leur territoire. Parfois, c\u2019est en fonction des moyens des mairies. Mais plus globalement, il s\u2019agit de la volont\u00e9 des \u00e9lus. Pour certains, il suffit de les appeler pour qu\u2019ils r\u00e9pondent pr\u00e9sent. Pour d\u2019autres, il y a aussi une question id\u00e9ologique \u00e0 ne pas vouloir le faire.\u00a0\u00bb<\/p>\n<p><script async src=\"\/\/www.tiktok.com\/embed.js\"><\/script><\/p>\n","protected":false},"excerpt":{"rendered":"20 Minutes TV propose ce jeudi de 20 heures \u00e0 22 heures une \u00e9mission sp\u00e9ciale Nuit de la&hellip;\n","protected":false},"author":2,"featured_media":681597,"comment_status":"","ping_status":"","sticky":false,"template":"","format":"standard","meta":{"footnotes":""},"categories":[1888],"tags":[47,11,4077,1777,674,1011,27,6306,3314,662,12,626,10181,1306,25,18341,3910,1937,1945,104,2292,1125,1938],"class_list":{"0":"post-681596","1":"post","2":"type-post","3":"status-publish","4":"format-standard","5":"has-post-thumbnail","7":"category-paris","8":"tag-actualite","9":"tag-actualites","10":"tag-association","11":"tag-eu","12":"tag-europe","13":"tag-fr","14":"tag-france","15":"tag-grand-paris","16":"tag-hauts-de-seine","17":"tag-ile-de-france","18":"tag-news","19":"tag-paris","20":"tag-precarite","21":"tag-regions","22":"tag-republique-francaise","23":"tag-saint-denis","24":"tag-sdf","25":"tag-seine-et-marne","26":"tag-seine-saint-denis","27":"tag-societe","28":"tag-val-doise","29":"tag-val-de-marne","30":"tag-yvelines"},"share_on_mastodon":{"url":"https:\/\/pubeurope.com\/@fr\/115939313226755985","error":""},"_links":{"self":[{"href":"https:\/\/www.europesays.com\/fr\/wp-json\/wp\/v2\/posts\/681596","targetHints":{"allow":["GET"]}}],"collection":[{"href":"https:\/\/www.europesays.com\/fr\/wp-json\/wp\/v2\/posts"}],"about":[{"href":"https:\/\/www.europesays.com\/fr\/wp-json\/wp\/v2\/types\/post"}],"author":[{"embeddable":true,"href":"https:\/\/www.europesays.com\/fr\/wp-json\/wp\/v2\/users\/2"}],"replies":[{"embeddable":true,"href":"https:\/\/www.europesays.com\/fr\/wp-json\/wp\/v2\/comments?post=681596"}],"version-history":[{"count":0,"href":"https:\/\/www.europesays.com\/fr\/wp-json\/wp\/v2\/posts\/681596\/revisions"}],"wp:featuredmedia":[{"embeddable":true,"href":"https:\/\/www.europesays.com\/fr\/wp-json\/wp\/v2\/media\/681597"}],"wp:attachment":[{"href":"https:\/\/www.europesays.com\/fr\/wp-json\/wp\/v2\/media?parent=681596"}],"wp:term":[{"taxonomy":"category","embeddable":true,"href":"https:\/\/www.europesays.com\/fr\/wp-json\/wp\/v2\/categories?post=681596"},{"taxonomy":"post_tag","embeddable":true,"href":"https:\/\/www.europesays.com\/fr\/wp-json\/wp\/v2\/tags?post=681596"}],"curies":[{"name":"wp","href":"https:\/\/api.w.org\/{rel}","templated":true}]}}