{"id":681604,"date":"2026-01-22T14:54:13","date_gmt":"2026-01-22T14:54:13","guid":{"rendered":"https:\/\/www.europesays.com\/fr\/681604\/"},"modified":"2026-01-22T14:54:13","modified_gmt":"2026-01-22T14:54:13","slug":"royaume-uni-un-rapport-des-services-de-renseignement-pointe-la-destruction-de-la-nature-comme-un-risque-majeur-pour-la-securite-nationale","status":"publish","type":"post","link":"https:\/\/www.europesays.com\/fr\/681604\/","title":{"rendered":"Royaume-Uni : un rapport des services de renseignement pointe la destruction de la nature comme un risque majeur pour la s\u00e9curit\u00e9 nationale"},"content":{"rendered":"\n<p>Un rapport remis au gouvernement britannique le 19 janvier 2026 par une agence en charge du renseignement et une en charge de l\u2019environnement alerte sur les risques li\u00e9s \u00e0 la destruction de la nature pour la s\u00e9curit\u00e9 nationale. Le rapport de 14 pages identifie au niveau mondial \u00ab 6 \u00e9cosyst\u00e8mes critiques pour la s\u00e9curit\u00e9 de la Grande-Bretagne\u00a0\u00bb, notamment en ce qui concerne l\u2019approvisionnement alimentaire.<\/p>\n<p><strong>Destruction de la nature, un enjeu de s\u00e9curit\u00e9 <\/strong><\/p>\n<p>Le rapport r\u00e9dig\u00e9 par le Joint Intelligence Committee (un organe en charge de la veille sur les questions de s\u00e9curit\u00e9 aupr\u00e8s du Premier Ministre britannique) et le D\u00e9partement de l\u2019Environnement, de l\u2019Alimentation et des Affaires rurales \u00e9tait attendu, selon <a href=\"https:\/\/www.bbc.com\/news\/articles\/ce9y1e09j72o\" target=\"_blank\" rel=\"noopener\">un article de la BBC<\/a> du 21 janvier. Les agences soulignent que la perte de nature se produit \u00e0 un rythme rapide qui met les \u00e9cosyst\u00e8mes sur la voie d\u2019un effondrement. Si rien n\u2019est fait pour ralentir le rythme, l\u2019effondrement de ces \u00e9cosyst\u00e8mes clefs est d\u00e9sormais probable. En revanche, d\u00e9terminer le moment o\u00f9 cela se produira reste incertain.<\/p>\n<p><strong>La perte de biodiversit\u00e9, un probl\u00e8me global aux r\u00e9percussions multiples au niveau national <\/strong><\/p>\n<p>Les \u00ab\u00a06 \u00e9cosyst\u00e8mes majeurs pour la s\u00e9curit\u00e9 de la Grande-Bretagne\u00a0\u00bb mis en avant dans le rapport sont la for\u00eat amazonienne, la for\u00eat du Bassin du Congo, l\u2019Himalaya, la for\u00eat bor\u00e9ale du Canada et de Russie, les r\u00e9cifs coralliens et les mangroves d\u2019Asie du Sud-Est. Ainsi, le rapport attire l\u2019attention sur les impacts potentiels de leur d\u00e9gradation pour la s\u00e9curit\u00e9 du Royaume-Uni. Ceux-ci comprennent des ph\u00e9nom\u00e8nes aussi vari\u00e9s qu\u2019une hausse des flux migratoires et des tensions g\u00e9opolitiques attis\u00e9es par la comp\u00e9tition entre les \u00c9tats pour les ressources mais aussi des risques accrus de pand\u00e9mies et d\u2019ins\u00e9curit\u00e9 \u00e9conomique. La BBC \u00e9crit que \u00ab\u00a0toutefois, les termes les plus durs sont peut-\u00eatre ceux r\u00e9serv\u00e9s aux risques pour les cons\u00e9quences potentielles sur l\u2019approvisionnement alimentaire britannique. Le rapport dit que l\u2019effondrement des \u00e9cosyst\u00e8mes \u201cva changer la s\u00e9curit\u00e9 alimentaire du Royaume-Uni\u00a0\u00bb, en pointant sa d\u00e9pendance aux march\u00e9s mondiaux et aux engrais.\u00a0\u00bb En effet, le pays est pour le moment \u00ab\u00a0incapable\u00a0\u00bb d\u2019\u00eatre autosuffisant sur le plan alimentaire si on prend comme r\u00e9f\u00e9rence les prix actuels de l\u2019alimentation et les habitudes alimentaires. Selon les rapporteurs, l\u2019autosuffisance, un choix de souverainet\u00e9 alimentaire, impliquerait \u00ab\u00a0une hausse tr\u00e8s substantielle des prix\u00a0\u00bb pour le consommateur, ce qui constitue un facteur suppl\u00e9mentaire de tensions sociales et politiques. Ce rapport est le dernier d\u2019une liste de documents officiels publi\u00e9s dans de nombreux pays ces derni\u00e8res d\u00e9cennies qui rappellent lien les crises \u00e9cologiques et les questions de s\u00e9curit\u00e9.<\/p>\n<p><a href=\"https:\/\/www.goodplanet.info\/?s=leprovost\" target=\"_blank\" rel=\"noopener\"><strong>Julien Leprovost<\/strong><\/a><\/p>\n<p><strong>Cet article vous a plu ? Il a \u00e9t\u00e9 r\u00e9dig\u00e9 par un de nos r\u00e9dacteurs,\u00a0<\/strong><a href=\"https:\/\/don.goodplanet.org\/gpm-don-environnement\/\" target=\"_blank\" rel=\"noopener\">soutenez-nous en faisant un don<\/a><strong>\u00a0ou en le relayant.<\/strong><br \/><strong>L\u2019\u00e9cologie vous int\u00e9resse ? Inscrivez-vous\u00a0<\/strong><a href=\"https:\/\/www.goodplanet.info\/actu-fondation\/inscrivez-vous-aux-newsletters-goodplanet-mag\/\" target=\"_blank\" rel=\"noopener\"><strong>gratuitement \u00e0 notre newsletter\u00a0hebdomadaire<\/strong><\/a>.<\/p>\n<p><strong>Pour aller plus loin<\/strong><\/p>\n<p>Le rapport (en anglais) <a href=\"https:\/\/assets.publishing.service.gov.uk\/media\/696e0eae719d837d69afc7de\/National_security_assessment_-_global_biodiversity_loss__ecosystem_collapse_and_national_security.pdf\" target=\"_blank\" rel=\"noopener\">National security assessment \u2013 global biodiversity loss ecosystem collapse and national security<\/a><\/p>\n<p><strong>\u00c0 lire aussi sur GoodPlanet Mag\u2019<\/strong><\/p>\n<p><a href=\"https:\/\/www.goodplanet.info\/2026\/01\/08\/gpm-pierre-weill-bleu-blanc-coeur-a-loccasion-de-la-sortie-de-son-livre-une-seule-sante-enquete-sur-les-sols-ou-nos-maladies-prennent-racine-en-france-no\/\" target=\"_blank\" rel=\"noopener\">L\u2019ing\u00e9nieur agronome Pierre Weill de Bleu-Blanc-C\u0153ur \u00e0 l\u2019occasion de la sortie de son livre Une seule sant\u00e9 Enqu\u00eate sur les sols o\u00f9 nos maladies prennent racine : \u00ab en France, nos gouvernements peinent \u00e0 porter le message que la production locale peut \u00eatre b\u00e9n\u00e9fique pour la sant\u00e9 \u00bb<\/a><\/p>\n<p><a href=\"https:\/\/www.goodplanet.info\/2024\/06\/14\/la-specialiste-de-la-regeneration-du-microbiote-des-sols-celine-basset-la-survie-de-notre-espece-depend-de-cette-fine-couche-situee-sous-nos-pieds-et-trop-souvent-negligee\/\" target=\"_blank\" rel=\"noopener\">La sp\u00e9cialiste de la r\u00e9g\u00e9n\u00e9ration du microbiote des sols C\u00e9line Basset : \u00ab la survie de notre esp\u00e8ce d\u00e9pend de cette fine couche situ\u00e9e sous nos pieds et trop souvent n\u00e9glig\u00e9e \u00bb<\/a><\/p>\n<p><a href=\"https:\/\/www.goodplanet.info\/2025\/01\/03\/nexus-le-rapport-de-lipbes-sur-les-liens-entre-les-crises-de-la-biodiversite-du-climat-de-lalimentation-de-leau-et-de-la-sante\/\" target=\"_blank\" rel=\"noopener\">Nexus, le rapport de l\u2019IPBES sur les liens entre les crises de la biodiversit\u00e9, du climat, de l\u2019alimentation, de l\u2019eau et de la sant\u00e9<\/a><\/p>\n<p><a href=\"https:\/\/www.goodplanet.info\/2025\/07\/04\/freddy-rey-auteur-de-des-solutions-fondees-sur-la-nature-une-reponse-aux-defis-environnementaux-et-societaux-recourir-au-genie-vegetal-est-une-facon-de-se-servir-de-la-nature-et-de-la-s\/\" target=\"_blank\" rel=\"noopener\">Freddy Rey, auteur de Des solutions fond\u00e9es sur la nature Une r\u00e9ponse aux d\u00e9fis environnementaux et soci\u00e9taux : \u00ab\u00a0recourir au g\u00e9nie v\u00e9g\u00e9tal est une fa\u00e7on de se servir de la nature et de la servir en m\u00eame temps\u00a0\u00bb<\/a><\/p>\n<p>\u00a0<\/p>\n","protected":false},"excerpt":{"rendered":"Un rapport remis au gouvernement britannique le 19 janvier 2026 par une agence en charge du renseignement et&hellip;\n","protected":false},"author":2,"featured_media":681605,"comment_status":"","ping_status":"","sticky":false,"template":"","format":"standard","meta":{"footnotes":""},"categories":[1588],"tags":[11,258,1130,10411,1777,674,12,473,1853,1851,1850,1852],"class_list":{"0":"post-681604","1":"post","2":"type-post","3":"status-publish","4":"format-standard","5":"has-post-thumbnail","7":"category-royaume-uni","8":"tag-actualites","9":"tag-alimentation","10":"tag-biodiversite","11":"tag-conflits","12":"tag-eu","13":"tag-europe","14":"tag-news","15":"tag-royaume-uni","16":"tag-royaume-uni-de-grande-bretagne-et-dirlande-du-nord","17":"tag-uk","18":"tag-united-kingdom","19":"tag-united-kingdom-of-great-britain-and-northern-ireland"},"share_on_mastodon":{"url":"https:\/\/pubeurope.com\/@fr\/115939328909719135","error":""},"_links":{"self":[{"href":"https:\/\/www.europesays.com\/fr\/wp-json\/wp\/v2\/posts\/681604","targetHints":{"allow":["GET"]}}],"collection":[{"href":"https:\/\/www.europesays.com\/fr\/wp-json\/wp\/v2\/posts"}],"about":[{"href":"https:\/\/www.europesays.com\/fr\/wp-json\/wp\/v2\/types\/post"}],"author":[{"embeddable":true,"href":"https:\/\/www.europesays.com\/fr\/wp-json\/wp\/v2\/users\/2"}],"replies":[{"embeddable":true,"href":"https:\/\/www.europesays.com\/fr\/wp-json\/wp\/v2\/comments?post=681604"}],"version-history":[{"count":0,"href":"https:\/\/www.europesays.com\/fr\/wp-json\/wp\/v2\/posts\/681604\/revisions"}],"wp:featuredmedia":[{"embeddable":true,"href":"https:\/\/www.europesays.com\/fr\/wp-json\/wp\/v2\/media\/681605"}],"wp:attachment":[{"href":"https:\/\/www.europesays.com\/fr\/wp-json\/wp\/v2\/media?parent=681604"}],"wp:term":[{"taxonomy":"category","embeddable":true,"href":"https:\/\/www.europesays.com\/fr\/wp-json\/wp\/v2\/categories?post=681604"},{"taxonomy":"post_tag","embeddable":true,"href":"https:\/\/www.europesays.com\/fr\/wp-json\/wp\/v2\/tags?post=681604"}],"curies":[{"name":"wp","href":"https:\/\/api.w.org\/{rel}","templated":true}]}}