{"id":681608,"date":"2026-01-22T14:56:13","date_gmt":"2026-01-22T14:56:13","guid":{"rendered":"https:\/\/www.europesays.com\/fr\/681608\/"},"modified":"2026-01-22T14:56:13","modified_gmt":"2026-01-22T14:56:13","slug":"guerre-en-ukraine-europe-fragmentee-documents-presque-prets-ce-quil-faut-retenir-de-la-rencontre-trump-zelensky-a-davos","status":"publish","type":"post","link":"https:\/\/www.europesays.com\/fr\/681608\/","title":{"rendered":"Guerre en Ukraine. Europe \u00ab\u00a0fragment\u00e9e\u00a0\u00bb, documents \u00ab\u00a0presque pr\u00eats\u00a0\u00bb&#8230; Ce qu&rsquo;il faut retenir de la rencontre Trump-Zelensky \u00e0 Davos"},"content":{"rendered":"<p>Une rencontre entre <a href=\"https:\/\/www.ledauphine.com\/p\/donald-trump\" target=\"_blank\" rel=\"noopener\">Donald Trump<\/a> et <a href=\"https:\/\/www.ledauphine.com\/p\/volodymyr-zelensky\" target=\"_blank\" rel=\"noopener\">Volodymyr Zelensky<\/a> s&rsquo;est tenue jeudi, en d\u00e9but d&rsquo;apr\u00e8s-midi \u00e0 Davos (Suisse). Le pr\u00e9sident am\u00e9rcain a \u00e9t\u00e9 le premier \u00e0 prendre la parole apr\u00e8s cette entrevue, appelant la Russie \u00e0 mettre fin \u00e0 la guerre avec l&rsquo;Ukraine, \u00e0 l&rsquo;issue de la \u00ab bonne \u00bb r\u00e9union qu&rsquo;il a eue avec son homologue ukrainien. \u00ab La guerre doit prendre fin \u00bb, a-t-il d\u00e9clar\u00e9 \u00e0 des journalistes, qui l&rsquo;interrogeaient sur le message qu&rsquo;il voulait faire passer au chef de l&rsquo;Etat russe <a href=\"https:\/\/www.ledauphine.com\/p\/vladimir-poutine\" target=\"_blank\" rel=\"noopener\">Vladimir Poutine<\/a>.<\/p>\n<p>De son c\u00f4t\u00e9, le pr\u00e9sident ukrainien a d\u00e9clar\u00e9\u00a0que les documents en cours d&rsquo;\u00e9laboration avec Washington pour mettre fin \u00e0 l&rsquo;invasion russe de l&rsquo;Ukraine, \u00e9taient \u00ab presque pr\u00eats \u00bb, lors d&rsquo;un discours \u00e0 l&rsquo;issue de la rencontre.\u00a0\u00ab Nous avons rencontr\u00e9 le pr\u00e9sident Trump, et nos \u00e9quipes travaillent presque tous les jours. Ce n&rsquo;est pas simple. Les documents visant \u00e0 mettre fin \u00e0 cette guerre sont presque, presque pr\u00eats\u00a0\u00bb, a-t-il dit, admettant par ailleurs que le dialogue avec Donald Trump n&rsquo;\u00e9tait \u00ab\u00a0pas simple\u00a0\u00bb.<\/p>\n<p>  \u00ab\u00a0L&rsquo;Europe est fragment\u00e9e\u00a0\u00bb<\/p>\n<p>Volodymyr Zelensky a estim\u00e9\u00a0que l&rsquo;Europe se montre \u00ab fragment\u00e9e \u00bb et semble \u00ab perdue \u00bb lorsqu&rsquo;il s&rsquo;agit de traiter avec le pr\u00e9sident am\u00e9ricain Donald Trump.\u00a0\u00ab Au lieu de devenir une vraie puissance mondiale, l&rsquo;Europe reste un kal\u00e9idoscope beau mais fragment\u00e9 de petites et moyennes puissances \u00bb, a-t-il regrett\u00e9, ajoutant que l&rsquo;\u00ab Europe a l&rsquo;air perdue lorsqu&rsquo;elle essaye de convaincre le pr\u00e9sident am\u00e9ricain de changer \u00bb.<\/p>\n<p>Il a \u00e9galement estim\u00e9 jeudi \u00e0 Davos que les garanties de s\u00e9curit\u00e9 propos\u00e9es par les Europ\u00e9ens pour \u00e9viter une nouvelle invasion russe ne seraient pas suffisantes sans l&rsquo;implication des \u00c9tats-Unis.\u00a0\u00ab Encore une fois, tout le monde est tr\u00e8s positif, mais le soutien du pr\u00e9sident Trump est indispensable. Et encore une fois, aucune garantie de s\u00e9curit\u00e9 ne peut fonctionner sans les \u00c9tats-Unis \u00bb, a-t-il d\u00e9clar\u00e9.<\/p>\n","protected":false},"excerpt":{"rendered":"Une rencontre entre Donald Trump et Volodymyr Zelensky s&rsquo;est tenue jeudi, en d\u00e9but d&rsquo;apr\u00e8s-midi \u00e0 Davos (Suisse). Le&hellip;\n","protected":false},"author":2,"featured_media":681609,"comment_status":"","ping_status":"","sticky":false,"template":"","format":"standard","meta":{"footnotes":""},"categories":[1586],"tags":[11,3206,1777,674,107,1011,27,329,12,316,25,220],"class_list":{"0":"post-681608","1":"post","2":"type-post","3":"status-publish","4":"format-standard","5":"has-post-thumbnail","7":"category-europe","8":"tag-actualites","9":"tag-defense-guerre-conflit","10":"tag-eu","11":"tag-europe","12":"tag-fil-info","13":"tag-fr","14":"tag-france","15":"tag-france-monde","16":"tag-news","17":"tag-politique","18":"tag-republique-francaise","19":"tag-ukraine"},"share_on_mastodon":{"url":"https:\/\/pubeurope.com\/@fr\/115939336861995743","error":""},"_links":{"self":[{"href":"https:\/\/www.europesays.com\/fr\/wp-json\/wp\/v2\/posts\/681608","targetHints":{"allow":["GET"]}}],"collection":[{"href":"https:\/\/www.europesays.com\/fr\/wp-json\/wp\/v2\/posts"}],"about":[{"href":"https:\/\/www.europesays.com\/fr\/wp-json\/wp\/v2\/types\/post"}],"author":[{"embeddable":true,"href":"https:\/\/www.europesays.com\/fr\/wp-json\/wp\/v2\/users\/2"}],"replies":[{"embeddable":true,"href":"https:\/\/www.europesays.com\/fr\/wp-json\/wp\/v2\/comments?post=681608"}],"version-history":[{"count":0,"href":"https:\/\/www.europesays.com\/fr\/wp-json\/wp\/v2\/posts\/681608\/revisions"}],"wp:featuredmedia":[{"embeddable":true,"href":"https:\/\/www.europesays.com\/fr\/wp-json\/wp\/v2\/media\/681609"}],"wp:attachment":[{"href":"https:\/\/www.europesays.com\/fr\/wp-json\/wp\/v2\/media?parent=681608"}],"wp:term":[{"taxonomy":"category","embeddable":true,"href":"https:\/\/www.europesays.com\/fr\/wp-json\/wp\/v2\/categories?post=681608"},{"taxonomy":"post_tag","embeddable":true,"href":"https:\/\/www.europesays.com\/fr\/wp-json\/wp\/v2\/tags?post=681608"}],"curies":[{"name":"wp","href":"https:\/\/api.w.org\/{rel}","templated":true}]}}