{"id":681619,"date":"2026-01-22T15:03:10","date_gmt":"2026-01-22T15:03:10","guid":{"rendered":"https:\/\/www.europesays.com\/fr\/681619\/"},"modified":"2026-01-22T15:03:10","modified_gmt":"2026-01-22T15:03:10","slug":"le-maillot-dantoine-dupont-bat-un-record-dencheres","status":"publish","type":"post","link":"https:\/\/www.europesays.com\/fr\/681619\/","title":{"rendered":"le maillot d\u2019Antoine Dupont bat un record d\u2019ench\u00e8res"},"content":{"rendered":"<p>\n    <strong>LE SCAN SPORT &#8211; <\/strong>Lors de la 13e journ\u00e9e du championnat, la Ligue a r\u00e9colt\u00e9 141.000 euros en faveur d\u2019APF France handicap,<\/p>\n<p class=\"fig-paragraph\">Chaque ann\u00e9e, la Ligue Nationale de Rugby profite du Boxing day, fin d\u00e9cembre, pour lancer une collecte solidaire\u00a0<a href=\"http:\/\/www.lefigaro.fr\/sports\/rugby\/top-14\/le-top-14-au-soutien-d-apf-france-handicap-a-l-occasion-du-boxing-day-video-20251219\" data-fig-type=\"NewsFlash\" data-gtm-custom-categorie=\"navigation\" data-gtm-custom-action=\"crossclick\" data-gtm-custom-label=\"Contextuel\" data-gtm-event=\"customEventSPE\" data-fig-domain=\"LEFIGARO\" target=\"_blank\" rel=\"noopener\">au profit d\u2019une association<\/a>. La mobilisation des clubs et du public a ainsi permis de collecter 141.000 \u20ac au b\u00e9n\u00e9fice d\u2019APF France handicap, gr\u00e2ce \u00e0 la vente aux ench\u00e8res de maillots et ballons de match ainsi qu\u2019\u00e0 un appel aux dons relay\u00e9 par la LNR et les clubs.<\/p>\n<p class=\"fig-paragraph\">Le maillot d\u2019Antoine Dupont a enregistr\u00e9 la plus haute ench\u00e8re jamais atteinte lors d\u2019un Boxing Day, avec une attribution \u00e0 plus de 11 000 \u20ac.<\/p>\n<p>                                            <a class=\"fig-a11y-skip\" href=\"#fig-a11y-skip-main-inarticle\" data-module=\"a11y-skip\" data-context=\"was @visible\"><br \/>\n    Passer la publicit\u00e9<br \/>\n<\/a>            <\/p>\n<p class=\"fig-paragraph\">La LNR va poursuivre toute cette saison les actions men\u00e9es dans le cadre du Plan Handicap du Rugby Professionnel, lanc\u00e9 en 2024, visant \u00e0 \u00abrenforcer l\u2019accessibilit\u00e9, l\u2019accueil et la participation des personnes en situation de handicap dans les enceintes de Top 14 et de Pro D2\u00bb.<\/p>\n","protected":false},"excerpt":{"rendered":"LE SCAN SPORT &#8211; Lors de la 13e journ\u00e9e du championnat, la Ligue a r\u00e9colt\u00e9 141.000 euros en&hellip;\n","protected":false},"author":2,"featured_media":681620,"comment_status":"","ping_status":"","sticky":false,"template":"","format":"standard","meta":{"footnotes":""},"categories":[1416],"tags":[514,1011,27,4977,479,1468,60,476],"class_list":{"0":"post-681619","1":"post","2":"type-post","3":"status-publish","4":"format-standard","5":"has-post-thumbnail","7":"category-rugby","8":"tag-antoine-dupont","9":"tag-fr","10":"tag-france","11":"tag-le-scan-sport","12":"tag-rugby","13":"tag-rugby-football","14":"tag-sports","15":"tag-stade-toulousain"},"share_on_mastodon":{"url":"https:\/\/pubeurope.com\/@fr\/115939364252069646","error":""},"_links":{"self":[{"href":"https:\/\/www.europesays.com\/fr\/wp-json\/wp\/v2\/posts\/681619","targetHints":{"allow":["GET"]}}],"collection":[{"href":"https:\/\/www.europesays.com\/fr\/wp-json\/wp\/v2\/posts"}],"about":[{"href":"https:\/\/www.europesays.com\/fr\/wp-json\/wp\/v2\/types\/post"}],"author":[{"embeddable":true,"href":"https:\/\/www.europesays.com\/fr\/wp-json\/wp\/v2\/users\/2"}],"replies":[{"embeddable":true,"href":"https:\/\/www.europesays.com\/fr\/wp-json\/wp\/v2\/comments?post=681619"}],"version-history":[{"count":0,"href":"https:\/\/www.europesays.com\/fr\/wp-json\/wp\/v2\/posts\/681619\/revisions"}],"wp:featuredmedia":[{"embeddable":true,"href":"https:\/\/www.europesays.com\/fr\/wp-json\/wp\/v2\/media\/681620"}],"wp:attachment":[{"href":"https:\/\/www.europesays.com\/fr\/wp-json\/wp\/v2\/media?parent=681619"}],"wp:term":[{"taxonomy":"category","embeddable":true,"href":"https:\/\/www.europesays.com\/fr\/wp-json\/wp\/v2\/categories?post=681619"},{"taxonomy":"post_tag","embeddable":true,"href":"https:\/\/www.europesays.com\/fr\/wp-json\/wp\/v2\/tags?post=681619"}],"curies":[{"name":"wp","href":"https:\/\/api.w.org\/{rel}","templated":true}]}}