{"id":68165,"date":"2025-05-02T01:09:10","date_gmt":"2025-05-02T01:09:10","guid":{"rendered":"https:\/\/www.europesays.com\/fr\/68165\/"},"modified":"2025-05-02T01:09:10","modified_gmt":"2025-05-02T01:09:10","slug":"a-narbonne-un-1er-mai-entre-extreme-droite-et-riposte-antifasciste-mediapart","status":"publish","type":"post","link":"https:\/\/www.europesays.com\/fr\/68165\/","title":{"rendered":"\u00c0 Narbonne, un 1er-Mai entre extr\u00eame droite et riposte antifasciste &#8211; Mediapart"},"content":{"rendered":"<ol>\n<li><a href=\"https:\/\/news.google.com\/rss\/articles\/CBMitAFBVV95cUxQZzB6Q3FwUkp1N3lvUVJSUnkzNGFMYTVzczZwcWloTlRjRGVGdTBzdEtiZ05UTzZFaG05QlZSNElXZmd0VldjckJzLUV5a2JWaGw2YUIydktiTkpnTkl0VDFjSUhkZEg0NUdaVkxUNTJhcm5OTkRiNV9lWldmWVRjNThjTzIyOU9NUmltSmVTT3loMmdXQVVFSV85aldKUWl4VjBLVWc5MmZzNWhLVElZdWRfZTU?oc=5\" target=\"_blank\" rel=\"nofollow noopener\">\u00c0 Narbonne, un 1er-Mai entre extr\u00eame droite et riposte antifasciste<\/a>&nbsp;&nbsp;Mediapart<\/li>\n<li><a href=\"https:\/\/news.google.com\/rss\/articles\/CBMiiwJBVV95cUxORnlkYVduM3RDSVozbkJrSDNNanh1T0pnbUxSX2VyU3U1MmxTWTRCcWVMOWZ6ekI1aTFndHh6QUdZdlo2ejF1TlBmZmdhU2ZLSVRkdWFvYkJBdjJhN0JlRTl1RVZLZExTSmpjVDd1ZjM0NDQ1SzhPaGdrQXEwNy0xcUljdm5sRjE1azlUVFFjRm9VOWFUc0FYWU05ak5PU2JmTkkyb2RzNmlXMnRWWGUwdDhycndsdnJ3aXltTDc2MFRHVzlRMDVwaVluSjJYblV0OEFxQlRvRnN1QUFfMXI2c3kxZjNGQUJFQ1BiSjU0ZGo5WFYyc0cyZXVLbG9qbVZzYmpwbjk5N2JMWEE?oc=5\" target=\"_blank\" rel=\"nofollow noopener\">\u00ab\u00a0Saign\u00e9e sociale\u00a0\u00bb contre ode aux patrons: Marine Le Pen et Jordan Bardella se divisent les r\u00f4les pour leur 1er-Mai<\/a>&nbsp;&nbsp;BFMTV<\/li>\n<li><a href=\"https:\/\/news.google.com\/rss\/articles\/CBMinwJBVV95cUxQVFZjUXRHN1N5S21FWHJqOUQyNXJoNFdZWEpyVk00VWRaVk90TG5EOE1iNC1iNmFES0ZLbDVkRm1IWklWVkdSekREenZaeE5sZVkxdWZmRkNQU0xlYV81MkVfYVdDR3I0M3pwZkVyNldEQkh0Wl9CSzNhWjIxU2FSWXJjY24wV1JxcHBOQ3JXRUNKZWpvc0V4M2xiMDduMFhwazBQQWR2MGxJbXdDc0xmZXpQYktjZDl3RFRJSVZNbWVKejJvZWZieDg0dnk3OGhkbHVXU1JnV3IyTVJYVnhWREkxUy1Gb3hvSzFSMk1LWTJ6Y1NQN3hVRUJDYnRkZ2lVNlJhQ0s1ek8tbGJYYlFUZWZDQUZQOFFGX3QxZnVpUQ?oc=5\" target=\"_blank\" rel=\"nofollow noopener\">VIDEO. Des membres d&rsquo;un collectif de lutte contre l&rsquo;antis\u00e9mitisme interrompent bri\u00e8vement le discours de Marine Le Pen \u00e0 Narbonne<\/a>&nbsp;&nbsp;France Info<\/li>\n<li><a href=\"https:\/\/news.google.com\/rss\/articles\/CBMi0wFBVV95cUxPQl9qWkV6bGVndW9BdGVrdW9SLXdSN3dTM3RKTFMzOGpMcDJpZ190S0Q3SkFhSlhHQTZNODhfTzE0YzVOQWNSOGpLY1k5UEJiZkZQZjc0ei05ckUzNjE2ZDVHRGkyMjI0WGhZSjNqdDdYRzlqS3dKTFRVZklBTjZtcVlRLVFZSE1GMUw4bS03UVpZSlpaUV9SOUNZLVl2NkZKUWVfdXZ3OGJJXzNKdHk5SzZSbU5uRFVLOVZRTm1SLUFEdnk0V3JmaHphYjZUeEJDSWVR?oc=5\" target=\"_blank\" rel=\"nofollow noopener\">Meeting du RN \u00e0 Narbonne : ambiance devant une Arena vite satur\u00e9e et autour de r\u00e9sign\u00e9s<\/a>&nbsp;&nbsp;L&rsquo;Ind\u00e9pendant<\/li>\n<li><a href=\"https:\/\/news.google.com\/rss\/articles\/CBMitwFBVV95cUxQNTNER09yTlYtYkNNZnFzelpxNlZ6VXhxUXRfaVNMcFo0T3NEeFpGNHB5N3pNaW9melhrRERJdFExVE1wdHlUdGNWYWdadkxhVUdEOXVhYXRiYU1wdE0waDJaRDRwcmNhdW4zbDBmVXpOYW1pTVFmTVhlQTd3eVJRSG4zeGdrU08td1hnYkZhdFQwQUJTT3R3RVdXQTllNklqOE5SWTRLX2Y5ZjNVOTVGQ3EzdnpsRWs?oc=5\" target=\"_blank\" rel=\"nofollow noopener\">Marine Le Pen, \u00e0 Narbonne, r\u00e9affirme son autorit\u00e9<\/a>&nbsp;&nbsp;Le Monde.fr<\/li>\n<\/ol>\n","protected":false},"excerpt":{"rendered":"\u00c0 Narbonne, un 1er-Mai entre extr\u00eame droite et riposte antifasciste&nbsp;&nbsp;Mediapart \u00ab\u00a0Saign\u00e9e sociale\u00a0\u00bb contre ode aux patrons: Marine Le&hellip;\n","protected":false},"author":2,"featured_media":68166,"comment_status":"","ping_status":"","sticky":false,"template":"","format":"standard","meta":{"footnotes":""},"categories":[2],"tags":[11,1076,1011,27,1077,430,12,1078,25],"class_list":{"0":"post-68165","1":"post","2":"type-post","3":"status-publish","4":"format-standard","5":"has-post-thumbnail","7":"category-actualites","8":"tag-actualites","9":"tag-extreme-droite","10":"tag-fr","11":"tag-france","12":"tag-jordan-bardella","13":"tag-marine-le-pen","14":"tag-news","15":"tag-rassemblement-national","16":"tag-republique-francaise"},"share_on_mastodon":{"url":"https:\/\/pubeurope.com\/@fr\/114435572645972333","error":""},"_links":{"self":[{"href":"https:\/\/www.europesays.com\/fr\/wp-json\/wp\/v2\/posts\/68165","targetHints":{"allow":["GET"]}}],"collection":[{"href":"https:\/\/www.europesays.com\/fr\/wp-json\/wp\/v2\/posts"}],"about":[{"href":"https:\/\/www.europesays.com\/fr\/wp-json\/wp\/v2\/types\/post"}],"author":[{"embeddable":true,"href":"https:\/\/www.europesays.com\/fr\/wp-json\/wp\/v2\/users\/2"}],"replies":[{"embeddable":true,"href":"https:\/\/www.europesays.com\/fr\/wp-json\/wp\/v2\/comments?post=68165"}],"version-history":[{"count":0,"href":"https:\/\/www.europesays.com\/fr\/wp-json\/wp\/v2\/posts\/68165\/revisions"}],"wp:featuredmedia":[{"embeddable":true,"href":"https:\/\/www.europesays.com\/fr\/wp-json\/wp\/v2\/media\/68166"}],"wp:attachment":[{"href":"https:\/\/www.europesays.com\/fr\/wp-json\/wp\/v2\/media?parent=68165"}],"wp:term":[{"taxonomy":"category","embeddable":true,"href":"https:\/\/www.europesays.com\/fr\/wp-json\/wp\/v2\/categories?post=68165"},{"taxonomy":"post_tag","embeddable":true,"href":"https:\/\/www.europesays.com\/fr\/wp-json\/wp\/v2\/tags?post=68165"}],"curies":[{"name":"wp","href":"https:\/\/api.w.org\/{rel}","templated":true}]}}