{"id":681680,"date":"2026-01-22T15:40:14","date_gmt":"2026-01-22T15:40:14","guid":{"rendered":"https:\/\/www.europesays.com\/fr\/681680\/"},"modified":"2026-01-22T15:40:14","modified_gmt":"2026-01-22T15:40:14","slug":"dans-ce-quartier-envahi-de-voitures-les-habitants-sont-forces-de-proteger-leur-place-de-parking","status":"publish","type":"post","link":"https:\/\/www.europesays.com\/fr\/681680\/","title":{"rendered":"dans ce quartier envahi de voitures, les habitants sont forc\u00e9s de prot\u00e9ger leur place de parking"},"content":{"rendered":"<p>                    Par<br \/>\n        <strong><br \/>\n            <a href=\"https:\/\/actu.fr\/auteur\/thomas-blanc\" title=\"Consulter tous les articles de Thomas Blanc\" target=\"_blank\" rel=\"noopener\">Thomas Blanc<\/a><br \/>\n                    <\/strong><\/p>\n<p>        Publi\u00e9 le<\/p>\n<p>            22 janv. 2026 \u00e0 15h51        <\/p>\n<p>C\u2019est un combat de tous les jours auquel se livrent les habitants de ce quartier r\u00e9sidentiel de <a href=\"https:\/\/actu.fr\/strasbourg\/\" target=\"_blank\" rel=\"noopener\">Strasbourg<\/a>. Quand ils prennent leur <a href=\"https:\/\/actu.fr\/grand-est\/strasbourg_67482\/moins-de-voitures-en-ville-comment-strasbourg-a-releve-le-defi-quitte-a-brusquer-les-habitudes_62717256.html\" target=\"_blank\" rel=\"noopener\">voiture<\/a>, certains laissent derri\u00e8re eux de quoi <strong>prot\u00e9ger une place<\/strong> de <a href=\"https:\/\/actu.fr\/grand-est\/strasbourg_67482\/circulation-et-stationnement-a-strasbourg-pourquoi-ce-rapport-inedit-risque-de-faire-du-bruit_63536201.html\" target=\"_blank\" rel=\"noopener\">stationnement<\/a>. Si d\u2019apparence la m\u00e9thode<strong> para\u00eet individualiste<\/strong>, \u00ab\u2009nous faisons \u00e7a pour ne pas avoir<strong> \u00e0 nous garer ill\u00e9galement<\/strong> sur le trottoir ou dans l\u2019herbe\u2009\u00bb, expliquent les habitants rencontr\u00e9s.<\/p>\n<p>\u00ab\u2009Des personnes viennent profiter du stationnement gratuit\u2009\u00bb dans ce quartier de Strasbourg<\/p>\n<p class=\" wall-content\">Guy, habitant depuis 25\u00a0ans de <strong>la cit\u00e9-jardin Ungemach<\/strong>, situ\u00e9e entre le <a href=\"https:\/\/actu.fr\/tag\/parlement-europeen\" target=\"_blank\" rel=\"noopener\">parlement europ\u00e9en<\/a> et les locaux d\u2019Arte, sait d\u00e9signer \u00e0 vue les v\u00e9hicules qui \u00ab\u2009n\u2019ont rien \u00e0 faire l\u00e0\u2009\u00bb. Il t\u00e9moigne d\u2019un ph\u00e9nom\u00e8ne qui dure depuis plusieurs ann\u00e9es et ne fait que s\u2019accentuer\u2009: \u00ab\u2009Des personnes viennent <strong>profiter du stationnement gratuit<\/strong> dans la cit\u00e9 pour garer leur voiture et partir travailler \u00e0 v\u00e9lo ou bien m\u00eame rester plusieurs jours\u2009\u00bb, enrage-t-il.<\/p>\n<blockquote class=\"tiktok-embed\" cite=\"https:\/\/www.tiktok.com\/@lorraine.actu\/video\/7598188787578965270\" data-video-id=\"7598188787578965270\" data-embed-from=\"oembed\" style=\"max-width:605px; min-width:325px;\"><p>\n<a target=\"_blank\" title=\"@lorraine.actu\" href=\"https:\/\/www.tiktok.com\/@lorraine.actu?refer=embed\" rel=\"noopener\">@lorraine.actu<\/a> <\/p>\n<p>C\u2019est un combat de tous les jours auquel se livrent les habitants de ce quartier r\u00e9sidentiel de Strasbourg. Quand ils prennent leur voiture, certains laissent derri\u00e8re eux de quoi prot\u00e9ger une place de stationnement. Si d\u2019apparence la m\u00e9thode para\u00eet individualiste, \u00ab\u2009nous faisons \u00e7a pour ne pas avoir \u00e0 nous garer ill\u00e9galement sur le trottoir ou dans l\u2019herbe\u2009\u00bb, expliquent les habitants rencontr\u00e9s. Guy, habitant depuis 25\u00a0ans de la cit\u00e9-jardin Ungemach, situ\u00e9e entre le parlement europ\u00e9en et les locaux d\u2019Arte, sait d\u00e9signer \u00e0 vue les v\u00e9hicules qui \u00ab\u2009n\u2019ont rien \u00e0 faire l\u00e0\u2009\u00bb. Il t\u00e9moigne d\u2019un ph\u00e9nom\u00e8ne qui dure depuis plusieurs ann\u00e9es et ne fait que s\u2019accentuer\u2009: \u00ab\u2009Des personnes viennent profiter du stationnement gratuit dans la cit\u00e9 pour garer leur voiture et partir travailler \u00e0 v\u00e9lo ou bien m\u00eame rester plusieurs jours\u2009\u00bb, enrage-t-il. M\u00e9lanie, pointe une Audi grise, plaque allemande\u2009: \u00ab\u2009Elle est gar\u00e9e devant chez moi depuis 15\u00a0jours\u2009\u00bb, explique-t-elle. Selon elle, certaines personnes se mettent l\u00e0 puis partent en voyage avec le bus Lufthansa express qui passe \u00e0 l\u2019h\u00f4tel Hilton et permet de rejoindre les a\u00e9roports de Strasbourg et Francfort. Face \u00e0 cela, chaque habitant a sa technique. Certains installent des poubelles devant chez eux afin d\u2019\u00eatre s\u00fbr de ne pas perdre leur place, d\u2019autres des plots, des cha\u00eenes ou m\u00eame une vieille remorque. Jean-Jacques r\u00e9side ici depuis 51 et est exasp\u00e9r\u00e9 par \u00ab\u2009ces voitures ventouses\u2009\u00bb, qui selon lui sont majoritairement celles de travailleurs des tours du quartier du Wacken, \u00e0 proximit\u00e9 imm\u00e9diate de la cit\u00e9. \u00ab\u2009Le week-end, les voitures disparaissent, nous sommes donc certains qu\u2019il s\u2019agit de personnes qui viennent travailler \u00e0 Strasbourg\u2009\u00bb, explique-t-il, sa canne tendue vers les v\u00e9hicules concern\u00e9s. Guy raconte que \u00ab\u2009lorsque les places sont prises par des non r\u00e9sidents, nous devons nous garer sur l\u2019autre trottoir o\u00f9 c\u2019est interdit et la police n\u2019h\u00e9site pas \u00e0 mettre des PV\u2009\u00bb. Pierre Ozenne, \u00e9lu de la Ville de Strasbourg, charg\u00e9 de la politique de stationnement le reconna\u00eet tout \u00e0 fait, \u00ab\u2009les habitants sont les dommages collat\u00e9raux d\u2019\u00e9v\u00e9nements qui se tiennent au Rh\u00e9nus, \u00e0 la foire expo et au parlement europ\u00e9en\u2009\u00bb. Pour endiguer le ph\u00e9nom\u00e8ne, des solutions d\u2019am\u00e9nagements ont \u00e9t\u00e9 remises aux habitants la semaine du 12 janvier. Le temps leur est d\u00e9sormais laiss\u00e9 pour les amender. \u00ab\u2009Si tout se passe bien, d\u2019ici l\u2019\u00e9t\u00e9 nous devrions avoir au moins un marquage au sol du stationnement et des places en zone bleue devant l\u2019\u00e9cole maternelle pour aider la d\u00e9pose et la r\u00e9cup\u00e9ration des enfants\u2009\u00bb, indique Pierre Ozenne. Si la proposition leur est faite \u00ab\u2009et que les habitants y sont tous favorables\u2009\u00bb, la Ville n\u2019est pas ferm\u00e9e pour ouvrir le d\u00e9bat du stationnement payant dans le quartier.<\/p>\n<p> <a target=\"_blank\" title=\"\u266c Mysterious and Sad - Beats by Lucky\" href=\"https:\/\/www.tiktok.com\/music\/Mysterious-and-Sad-7361039820154341392?refer=embed\" rel=\"noopener\">\u266c Mysterious and Sad \u2013 Beats by Lucky<\/a> <\/p>\n<\/blockquote>\n<p class=\" wall-content\">M\u00e9lanie, pointe une Audi grise, plaque allemande\u2009: \u00ab\u2009Elle est gar\u00e9e devant chez moi <strong>depuis 15\u00a0jours<\/strong>\u2009\u00bb, explique-t-elle. Selon elle, certaines personnes se mettent l\u00e0 <strong>puis partent en voyage<\/strong> avec le bus Lufthansa express qui passe \u00e0 l\u2019h\u00f4tel Hilton et permet de rejoindre les <a href=\"https:\/\/actu.fr\/tag\/aeroport-de-strasbourg\" target=\"_blank\" rel=\"noopener\">a\u00e9roports de Strasbourg<\/a> et Francfort.<\/p>\n<p>    <a href=\"https:\/\/www.google.com\/maps\/embed?pb=!1m18!1m12!1m3!1d2638.6541614700322!2d7.762274712827147!3d48.597320371178284!2m3!1f0!2f0!3f0!3m2!1i1024!2i768!4f13.1!3m3!1m2!1s0x4796c9005f9436a7%3A0x7b55118b3819b5b8!2sCit%C3%A9-jardin%20Ungemach!5e0!3m2!1sfr!2sfr!4v1769078138150!5m2!1sfr!2sfr\" title=\"Ouvrie le lien\" target=\"_blank\" rel=\"noopener\">Cliquez ici pour visualiser le contenu<\/a><\/p>\n<p>Des plots, des cha\u00eenes, des remorques pour s\u2019assurer une place de parking<\/p>\n<p class=\" wall-content\">Face \u00e0 cela, chaque habitant a sa technique. Certains installent <strong>des poubelles<\/strong> <strong>devant chez eux afin<\/strong> d\u2019\u00eatre s\u00fbrs de ne pas perdre leur place, d\u2019autres <strong>des plots<\/strong>, <strong>des cha\u00eenes<\/strong> ou m\u00eame <strong>une vieille remorque<\/strong>.<\/p>\n<p class=\" wall-content\">Jean-Jacques r\u00e9side ici depuis 51\u00a0ans et est exasp\u00e9r\u00e9 par \u00ab\u2009ces <strong>voitures ventouses<\/strong>\u2009\u00bb, qui selon lui sont majoritairement celles de travailleurs <strong>des tours du quartier du Wacken<\/strong>, \u00e0 proximit\u00e9 imm\u00e9diate de la cit\u00e9. \u00ab\u2009Le week-end, les voitures disparaissent, nous sommes donc certains qu\u2019il s\u2019agit de personnes qui viennent travailler \u00e0 Strasbourg\u2009\u00bb, explique-t-il, sa canne tendue vers les v\u00e9hicules concern\u00e9s.<\/p>\n<p>Votre r\u00e9gion, votre actu !<\/p>\n<p>Recevez chaque jour les infos qui comptent pour vous.<\/p>\n<p>\t<a href=\"https:\/\/actu.fr\/newsletter\" class=\"ac-btn ac-btn--corner ac-btn--medium ac-btn--blue800\" target=\"_blank\" rel=\"noopener\">S&rsquo;incrire<\/a><\/p>\n<p class=\" wall-content\">Guy raconte que \u00ab\u2009lorsque les places sont prises par des non-r\u00e9sidents, nous devons nous garer sur l\u2019autre trottoir o\u00f9 c\u2019est interdit et la police n\u2019h\u00e9site pas <strong>\u00e0 mettre des PV<\/strong>\u2009\u00bb.<\/p>\n<p>Une p\u00e9tition pour rendre le stationnement payant dans le secteur parlement<\/p>\n<p>Dans la m\u00eame id\u00e9e, une p\u00e9tition a \u00e9t\u00e9 lanc\u00e9e pour mat\u00e9rialiser et rendre le stationnement payant dans d&rsquo;autres rues \u00e0 proximit\u00e9 du parlement europ\u00e9en. <br \/>Selon l&rsquo;auteur de la p\u00e9tition cela permettrait de : <br \/>&#8211; \u00ab\u00a0Limiter l\u2019afflux de v\u00e9hicules ext\u00e9rieurs qui profitent actuellement de la gratuit\u00e9\u00a0\u00bb,<br \/>&#8211; \u00ab\u00a0Garantir plus de rotation et donc de disponibilit\u00e9 pour les habitants\u00a0\u00bb,<br \/>&#8211; \u00ab\u00a0Donner la priorit\u00e9 aux habitants\u00a0\u00bb avec les abonnements \u00e0 tarif pr\u00e9f\u00e9rentiel,<br \/>&#8211; Limiter le nombre de voitures \u00ab ventouses \u00bb venant de l\u2019ext\u00e9rieur,<br \/>&#8211; \u00ab\u00a0\u00c9viter l\u2019effet de report des zones d\u00e9j\u00e0 payantes voisines vers ce quartier\u00a0\u00bb.<\/p>\n<p>La p\u00e9tition cumule \u00e0 ce jour 63 signatures, suffisamment pour que les services de la Ville la prennent en consid\u00e9ration.<\/p>\n<p>Les solutions avec la Ville en cours d\u2019\u00e9laboration<\/p>\n<p class=\" wall-content\">Pierre Ozenne, \u00e9lu de la Ville de Strasbourg, charg\u00e9 de la politique de stationnement le reconna\u00eet tout \u00e0 fait, \u00ab\u2009les habitants sont <strong>les dommages collat\u00e9raux<\/strong> d\u2019\u00e9v\u00e9nements qui se tiennent au Rh\u00e9nus, \u00e0 la foire expo et au parlement europ\u00e9en\u2009\u00bb.<\/p>\n<p class=\" wall-content\">Pour endiguer le ph\u00e9nom\u00e8ne, des <strong>solutions d\u2019am\u00e9nagements ont \u00e9t\u00e9 remises aux habitants<\/strong> la semaine du 12\u00a0janvier. Le temps leur est d\u00e9sormais laiss\u00e9 pour les amender. \u00ab\u2009Si tout se passe bien, d\u2019ici l\u2019\u00e9t\u00e9 nous devrions avoir <strong>au moins un marquage au sol du stationnement<\/strong> et des<strong> places en zone bleue<\/strong> devant l\u2019\u00e9cole maternelle pour aider la d\u00e9pose et la r\u00e9cup\u00e9ration des enfants\u2009\u00bb, indique Pierre Ozenne.<\/p>\n<p class=\" wall-content\">Si la proposition leur est faite \u00ab\u2009et que les habitants y sont tous favorables\u2009\u00bb, la Ville n\u2019est pas ferm\u00e9e pour ouvrir <strong>le d\u00e9bat du stationnement payant<\/strong> dans le quartier.<\/p>\n<p class=\" wall-content\">Personnalisez votre actualit\u00e9 en ajoutant vos villes et m\u00e9dias en favori avec <a href=\"https:\/\/moncompte.actu.fr\" title=\"D\u00e9couvez Mon Actu\" rel=\"nofollow noopener\" data-trk=\"{&quot;cta&quot;:{&quot;action&quot;:&quot;https:\\\/\\\/moncompte.actu.fr&quot;,&quot;category&quot;:&quot;mon compte&quot;,&quot;from&quot;:&quot;article footer&quot;,&quot;name&quot;:&quot;Mon actu&quot;,&quot;type&quot;:&quot;cta&quot;}}\" target=\"_blank\">Mon Actu<\/a>.<\/p>\n<p>                    <script async src=\"\/\/www.tiktok.com\/embed.js\"><\/script><\/p>\n","protected":false},"excerpt":{"rendered":"Par Thomas Blanc Publi\u00e9 le 22 janv. 2026 \u00e0 15h51 C\u2019est un combat de tous les jours auquel&hellip;\n","protected":false},"author":2,"featured_media":681681,"comment_status":"","ping_status":"","sticky":false,"template":"","format":"standard","meta":{"footnotes":""},"categories":[2820],"tags":[1111,11,1777,674,1011,27,775,12,25,104,6173,640],"class_list":{"0":"post-681680","1":"post","2":"type-post","3":"status-publish","4":"format-standard","5":"has-post-thumbnail","7":"category-strasbourg","8":"tag-actu","9":"tag-actualites","10":"tag-eu","11":"tag-europe","12":"tag-fr","13":"tag-france","14":"tag-grand-est","15":"tag-news","16":"tag-republique-francaise","17":"tag-societe","18":"tag-stationnement","19":"tag-strasbourg"},"share_on_mastodon":{"url":"https:\/\/pubeurope.com\/@fr\/115939509760181379","error":""},"_links":{"self":[{"href":"https:\/\/www.europesays.com\/fr\/wp-json\/wp\/v2\/posts\/681680","targetHints":{"allow":["GET"]}}],"collection":[{"href":"https:\/\/www.europesays.com\/fr\/wp-json\/wp\/v2\/posts"}],"about":[{"href":"https:\/\/www.europesays.com\/fr\/wp-json\/wp\/v2\/types\/post"}],"author":[{"embeddable":true,"href":"https:\/\/www.europesays.com\/fr\/wp-json\/wp\/v2\/users\/2"}],"replies":[{"embeddable":true,"href":"https:\/\/www.europesays.com\/fr\/wp-json\/wp\/v2\/comments?post=681680"}],"version-history":[{"count":0,"href":"https:\/\/www.europesays.com\/fr\/wp-json\/wp\/v2\/posts\/681680\/revisions"}],"wp:featuredmedia":[{"embeddable":true,"href":"https:\/\/www.europesays.com\/fr\/wp-json\/wp\/v2\/media\/681681"}],"wp:attachment":[{"href":"https:\/\/www.europesays.com\/fr\/wp-json\/wp\/v2\/media?parent=681680"}],"wp:term":[{"taxonomy":"category","embeddable":true,"href":"https:\/\/www.europesays.com\/fr\/wp-json\/wp\/v2\/categories?post=681680"},{"taxonomy":"post_tag","embeddable":true,"href":"https:\/\/www.europesays.com\/fr\/wp-json\/wp\/v2\/tags?post=681680"}],"curies":[{"name":"wp","href":"https:\/\/api.w.org\/{rel}","templated":true}]}}