{"id":681701,"date":"2026-01-22T15:53:11","date_gmt":"2026-01-22T15:53:11","guid":{"rendered":"https:\/\/www.europesays.com\/fr\/681701\/"},"modified":"2026-01-22T15:53:11","modified_gmt":"2026-01-22T15:53:11","slug":"une-manifestation-kurde-degenere-en-scene-demeute-dans-le-centre-ville-de-marseille","status":"publish","type":"post","link":"https:\/\/www.europesays.com\/fr\/681701\/","title":{"rendered":"Une manifestation kurde d\u00e9g\u00e9n\u00e8re en sc\u00e8ne d&rsquo;\u00e9meute dans le centre-ville de Marseille"},"content":{"rendered":"<p>Une manifestation de <a href=\"https:\/\/www.laprovence.com\/article\/faits-divers-justice\/2148725853757114\/manifestation-pro-kurde-9-policiers-blesses-a-marignane-et-la-tour-france-televisions-investie-a-marseille\" target=\"_blank\" rel=\"noopener\">soutien au peuple kurde<\/a>, ne r\u00e9unissant pas moins de 2500 personnes, a d\u00e9g\u00e9n\u00e9r\u00e9 en sc\u00e8ne d&rsquo;\u00e9meute ce jeudi apr\u00e8s-midi du jeudi 22 janvier 2026 dans le centre-ville de Marseille.<\/p>\n<p>Plusieurs dizaines de personnes ont quitt\u00e9 la manifestation en retournant tout sur leur passage, sur la Canebi\u00e8re puis le boulevard d&rsquo;Ath\u00e8nes, dans le 1er arrondissement avant de se disperser aux abords de la gare Saint-Charles, poursuivis par les CRS et plusieurs dizaines de policiers du commissariat de Noailles r\u00e9unis \u00e0 la h\u00e2te pour pr\u00eater main-forte \u00e0 leurs coll\u00e8gues.<\/p>\n<p>Apr\u00e8s des <a href=\"https:\/\/www.laprovence.com\/article\/faits-divers-justice\/2134962392867715\/bilan-de-la-nuit-de-la-saint-sylvestre-plus-de-1-000-vehicules-brules-et-500-interpellations-lors-du-nouvel-an\" target=\"_blank\" rel=\"noopener\">tirs de mortier d&rsquo;artifice<\/a>, les forces de l&rsquo;ordre ont ripost\u00e9 par des jets de grenades lacrymog\u00e8nes, des containers de d\u00e9chets ont \u00e9t\u00e9 incendi\u00e9s et du mobilier urbain ainsi que des deux-roues en stationnement d\u00e9grad\u00e9s.<\/p>\n<p>Par ailleurs, dans un communiqu\u00e9, la R\u00e9gie des transports m\u00e9tropolitains (<a href=\"https:\/\/www.rtm.fr\/infos-trafic\/6085661607156209478\" target=\"_blank\" rel=\"noopener\">RTM<\/a>) indique les \u00e9l\u00e9ments suivants, en lien avec la manifestation en cours :\u00a0 sur la ligne de 3 du tramway<strong> <\/strong>\u00ab\u00a013\u00a0stations sont non desservies : G\u00e8ze, Salengro Cougit, Salengro Bachas, Arenc Eurom\u00e9diterran\u00e9e, Eurom\u00e9diterran\u00e9e Le Silo, Joliette, R\u00e9publique Dames, Sadi Carnot, Belsunce Alcazar, Cours Saint-Louis, Rome Davso, Place de Rome, Rome Dragon. La ligne circule uniquement entre Castellane et La Gaye.\u00a0\u00bb<\/p>\n","protected":false},"excerpt":{"rendered":"Une manifestation de soutien au peuple kurde, ne r\u00e9unissant pas moins de 2500 personnes, a d\u00e9g\u00e9n\u00e9r\u00e9 en sc\u00e8ne&hellip;\n","protected":false},"author":2,"featured_media":681702,"comment_status":"","ping_status":"","sticky":false,"template":"","format":"standard","meta":{"footnotes":""},"categories":[2814],"tags":[5734,1111,11,77901,1446,17071,1777,674,274,1011,27,77900,2088,884,12,882,25,7347,96],"class_list":{"0":"post-681701","1":"post","2":"type-post","3":"status-publish","4":"format-standard","5":"has-post-thumbnail","7":"category-marseille","8":"tag-5734","9":"tag-actu","10":"tag-actualites","11":"tag-demeute","12":"tag-dans","13":"tag-degenere","14":"tag-eu","15":"tag-europe","16":"tag-faits-divers-justice","17":"tag-fr","18":"tag-france","19":"tag-kurde","20":"tag-manifestation","21":"tag-marseille","22":"tag-news","23":"tag-provence-alpes-cote-dazur","24":"tag-republique-francaise","25":"tag-scene","26":"tag-une"},"share_on_mastodon":{"url":"https:\/\/pubeurope.com\/@fr\/115939560871507509","error":""},"_links":{"self":[{"href":"https:\/\/www.europesays.com\/fr\/wp-json\/wp\/v2\/posts\/681701","targetHints":{"allow":["GET"]}}],"collection":[{"href":"https:\/\/www.europesays.com\/fr\/wp-json\/wp\/v2\/posts"}],"about":[{"href":"https:\/\/www.europesays.com\/fr\/wp-json\/wp\/v2\/types\/post"}],"author":[{"embeddable":true,"href":"https:\/\/www.europesays.com\/fr\/wp-json\/wp\/v2\/users\/2"}],"replies":[{"embeddable":true,"href":"https:\/\/www.europesays.com\/fr\/wp-json\/wp\/v2\/comments?post=681701"}],"version-history":[{"count":0,"href":"https:\/\/www.europesays.com\/fr\/wp-json\/wp\/v2\/posts\/681701\/revisions"}],"wp:featuredmedia":[{"embeddable":true,"href":"https:\/\/www.europesays.com\/fr\/wp-json\/wp\/v2\/media\/681702"}],"wp:attachment":[{"href":"https:\/\/www.europesays.com\/fr\/wp-json\/wp\/v2\/media?parent=681701"}],"wp:term":[{"taxonomy":"category","embeddable":true,"href":"https:\/\/www.europesays.com\/fr\/wp-json\/wp\/v2\/categories?post=681701"},{"taxonomy":"post_tag","embeddable":true,"href":"https:\/\/www.europesays.com\/fr\/wp-json\/wp\/v2\/tags?post=681701"}],"curies":[{"name":"wp","href":"https:\/\/api.w.org\/{rel}","templated":true}]}}