{"id":681709,"date":"2026-01-22T15:58:12","date_gmt":"2026-01-22T15:58:12","guid":{"rendered":"https:\/\/www.europesays.com\/fr\/681709\/"},"modified":"2026-01-22T15:58:12","modified_gmt":"2026-01-22T15:58:12","slug":"mode-masculine-a-paris-issey-miyake-se-joue-des-formes-actualites","status":"publish","type":"post","link":"https:\/\/www.europesays.com\/fr\/681709\/","title":{"rendered":"Mode masculine: \u00e0 Paris, Issey Miyake se joue des formes : Actualit\u00e9s"},"content":{"rendered":"<p class=\"lead \">La maison japonaise Issey Miyake a pr\u00e9sent\u00e9 jeudi \u00e0 Paris, au troisi\u00e8me jour de la semaine de la mode masculine, la nouvelle collection toute en fluidit\u00e9 et haute en couleurs de son label IM Men.<\/p>\n<p class=\"lead \">D\u00e9voil\u00e9 au coeur du Coll\u00e8ge des Bernardins, ce nouveau vestiaire hivernal baptis\u00e9 \u00ab\u00a0formless form\u00a0\u00bb, soit \u00ab\u00a0forme informe\u00a0\u00bb en fran\u00e7ais, porte bien son nom.<\/p>\n<p class=\"lead \">Les manteaux sont longs et amples, tout comme les pantalons portefeuille et les sarouels qui dansent au rythme des pas des mannequins et sur lesquels se superposent de grandes tuniques.<\/p>\n<p class=\"lead \">Certaines pantalons et doudounes semblent taill\u00e9s dans des couettes.<\/p>\n<p class=\"lead \">La cravate se porte d\u00e9mesur\u00e9ment longue ou bien relev\u00e9e sur l&rsquo;\u00e9paule tandis que les \u00e9charpes se multiplient pour faire des ponchos.<\/p>\n<p class=\"lead \">Aux premi\u00e8res silhouettes v\u00eatues de noir, blanc, beige ou encore marron succ\u00e8dent des tenues hautes en couleurs. Le rose vif s&rsquo;associe au orange ou au violet, le bleu au jaune, le tout reli\u00e9 par un d\u00e9grad\u00e9 de vert.<\/p>\n<p class=\"lead \">L\u2019ensemble s&rsquo;accompagne de bottines tr\u00e8s souples ou de tennis, de bonnets de docker et de chapeaux cloches munis d\u2019\u00e9charpes int\u00e9gr\u00e9es.<\/p>\n<p class=\"lead \">Cr\u00e9\u00e9 en 2021 et dirig\u00e9 par trois membres du Miyake Design Studio &#8211; Sen Kawahara, Yuki Itakura et Nobutaka Kobayashi -, le label IM Men d\u00e9file \u00e0 Paris depuis janvier 2025.<\/p>\n<p class=\"lead \">Il a succ\u00e9d\u00e9 \u00e0 la marque Homme Pliss\u00e9, jusqu&rsquo;ici privil\u00e9gi\u00e9e par la maison japonaise pour ses d\u00e9fil\u00e9s masculins \u00e0 Paris.<\/p>\n<p class=\"small font-weight-bold text-gray3 \"> publi\u00e9 le 22 janvier \u00e0 14h39, AFP<\/p>\n<p>                             Partager<\/p>\n","protected":false},"excerpt":{"rendered":"La maison japonaise Issey Miyake a pr\u00e9sent\u00e9 jeudi \u00e0 Paris, au troisi\u00e8me jour de la semaine de la&hellip;\n","protected":false},"author":2,"featured_media":681710,"comment_status":"","ping_status":"","sticky":false,"template":"","format":"standard","meta":{"footnotes":""},"categories":[1888],"tags":[1111,1928,11,1927,2105,1777,674,1011,27,2425,985,12,1926,626,1925,25],"class_list":{"0":"post-681709","1":"post","2":"type-post","3":"status-publish","4":"format-standard","5":"has-post-thumbnail","7":"category-paris","8":"tag-actu","9":"tag-actu-paris","10":"tag-actualites","11":"tag-actualites-paris","12":"tag-distribution","13":"tag-eu","14":"tag-europe","15":"tag-fr","16":"tag-france","17":"tag-luxe","18":"tag-mode","19":"tag-news","20":"tag-news-paris","21":"tag-paris","22":"tag-paris-news","23":"tag-republique-francaise"},"share_on_mastodon":{"url":"https:\/\/pubeurope.com\/@fr\/115939580878645217","error":""},"_links":{"self":[{"href":"https:\/\/www.europesays.com\/fr\/wp-json\/wp\/v2\/posts\/681709","targetHints":{"allow":["GET"]}}],"collection":[{"href":"https:\/\/www.europesays.com\/fr\/wp-json\/wp\/v2\/posts"}],"about":[{"href":"https:\/\/www.europesays.com\/fr\/wp-json\/wp\/v2\/types\/post"}],"author":[{"embeddable":true,"href":"https:\/\/www.europesays.com\/fr\/wp-json\/wp\/v2\/users\/2"}],"replies":[{"embeddable":true,"href":"https:\/\/www.europesays.com\/fr\/wp-json\/wp\/v2\/comments?post=681709"}],"version-history":[{"count":0,"href":"https:\/\/www.europesays.com\/fr\/wp-json\/wp\/v2\/posts\/681709\/revisions"}],"wp:featuredmedia":[{"embeddable":true,"href":"https:\/\/www.europesays.com\/fr\/wp-json\/wp\/v2\/media\/681710"}],"wp:attachment":[{"href":"https:\/\/www.europesays.com\/fr\/wp-json\/wp\/v2\/media?parent=681709"}],"wp:term":[{"taxonomy":"category","embeddable":true,"href":"https:\/\/www.europesays.com\/fr\/wp-json\/wp\/v2\/categories?post=681709"},{"taxonomy":"post_tag","embeddable":true,"href":"https:\/\/www.europesays.com\/fr\/wp-json\/wp\/v2\/tags?post=681709"}],"curies":[{"name":"wp","href":"https:\/\/api.w.org\/{rel}","templated":true}]}}